{"id":88635,"date":"2021-10-22T08:50:08","date_gmt":"2021-10-22T11:50:08","guid":{"rendered":"http:\/\/infoecos.com.ar\/?p=88635"},"modified":"2021-10-24T14:37:16","modified_gmt":"2021-10-24T17:37:16","slug":"el-concejo-deliberante-tratara-esta-noche-el-pedido-de-autorizacion-del-ejecutivo-para-adquirir-4-hectareas-en-30-de-agosto","status":"publish","type":"post","link":"https:\/\/infoecos.com.ar\/index.php\/el-concejo-deliberante-tratara-esta-noche-el-pedido-de-autorizacion-del-ejecutivo-para-adquirir-4-hectareas-en-30-de-agosto\/","title":{"rendered":"El Concejo Deliberante tratar\u00e1, esta noche, el pedido de autorizaci\u00f3n del Ejecutivo para adquirir 4 hect\u00e1reas en 30 de Agosto"},"content":{"rendered":"\n<p>Hoy, a partir de las 21 horas, tendr\u00e1 lugar en el recinto del Concejo Deliberante la 14ta. Sesi\u00f3n Ordinaria, con varios temas a ser tratados, entre los que se destacan una autorizaci\u00f3n para que el Municipio adquiera de manera onerosa unas 4 hect\u00e1reas de tierras en 30 de Agosto, propiedad de la Di\u00f3cesis de 9 de Julio, que pasar\u00e1n a formar parte del Fondo Municipal de Tierras; y una pr\u00f3rroga al incremento en los valores de las tasas, dejando sin efecto la actualizaci\u00f3n trimestral prevista por el Art\u00edculo 2\u00b0 de la Ordenanza Impositiva N\u00b0 5042 de 2020, para el vencimiento a operar el 30 de septiembre del presente a\u00f1o.<\/p>\n\n\n\n<div class=\"wp-block-image is-style-default\"><figure class=\"aligncenter size-medium\"><img loading=\"lazy\" decoding=\"async\" width=\"460\" height=\"345\" src=\"http:\/\/infoecos.com.ar\/wp-content\/uploads\/2021\/10\/concejodelibe5ante-460x345.jpg\" alt=\"\" class=\"wp-image-88636\" srcset=\"https:\/\/infoecos.com.ar\/wp-content\/uploads\/2021\/10\/concejodelibe5ante-460x345.jpg 460w, https:\/\/infoecos.com.ar\/wp-content\/uploads\/2021\/10\/concejodelibe5ante-920x690.jpg 920w, https:\/\/infoecos.com.ar\/wp-content\/uploads\/2021\/10\/concejodelibe5ante-768x576.jpg 768w, https:\/\/infoecos.com.ar\/wp-content\/uploads\/2021\/10\/concejodelibe5ante-1024x768.jpg 1024w, https:\/\/infoecos.com.ar\/wp-content\/uploads\/2021\/10\/concejodelibe5ante.jpg 1204w\" sizes=\"(max-width: 460px) 100vw, 460px\" \/><\/figure><\/div>\n\n\n\n<p>Entre los despachos de las Comisiones para ser puestos a votaci\u00f3n en el recinto, se destaca tambi\u00e9n una solicitud para que las oficinas p\u00fablicas de las diferentes reparticiones provinciales, apliquen en sus contrataciones de productos y servicios, el principio de prioridad en favor de aquellos oriundos del distrito; una autorizaci\u00f3n para que la Comuna implemente las Leyes Nacional y Provincial de Tr\u00e1nsito, a fin de reducir la velocidad vehicular en calle Tom\u00e1s Davis y Carlos Casares; y la readjudicaci\u00f3n de un inmueble ubicado en calle Lavalle Sur 551.<\/p>\n\n\n\n<p>Se suman para su tratamiento una Ordenanza para implementar el cambio de usos para las parcelas de la Chacra 273 \u2013 Fracci\u00f3n IV, pasa como uso de Zona Residencial Extraurbana, a los usos de Zona de Acceso 1; y una autorizaci\u00f3n para que la Cl\u00ednica Privada \u201cDr. Pedro Garc\u00eda Salinas S.A.\u201d incremente la superficie edificada en planta baja del inmueble donde se encuentra su Centro de Salud, en calle 25 de Mayo N\u00b0 170.<\/p>\n\n\n\n<p>Durante la Sesi\u00f3n, ser\u00e1n derivados a sus respectivas Comisiones seis proyectos remitidos por el Municipio: un convenio con el Ente Nacional de Obras H\u00eddricas de Saneamiento (ENOHSA), para la financiaci\u00f3n y ejecuci\u00f3n de la Obra \u201cColector Cloacal Norte y Sur\u201d por la suma de $ 46.395.343,84, en el Marco del Plan \u201cArgentina hace\u201d; otro convenio con la Secretar\u00eda de H\u00e1bitat del Ministerio de Desarrollo Territorial y H\u00e1bitat de la Naci\u00f3n, para la terminaci\u00f3n de 56 viviendas m\u00e1s infraestructura; la eximici\u00f3n tributaria para el Ejercicio 2022; una pr\u00f3rroga para el plazo de presentaci\u00f3n del Presupuesto 2022, hasta el 30 de Diciembre; la obra de Alumbrado P\u00fablico Led, en calle Nelson entre Santiago Rubio Oeste y Glattstein, ambas aceras; y finalmente una autorizaci\u00f3n para reintegrar los importes abonados en exceso, a los contribuyentes alcanzados por la obra de Alumbrado P\u00fablico en calle Elpidio Gonz\u00e1lez, entre Ruta Nacional N\u00b0 5 e Intendente Arrast\u00faa, Ordenanza 4672\/17 y su modificatoria 4746\/17.<\/p>\n\n\n\n<div class=\"wp-block-image is-style-default\"><figure class=\"aligncenter size-medium\"><img loading=\"lazy\" decoding=\"async\" width=\"460\" height=\"345\" src=\"http:\/\/infoecos.com.ar\/wp-content\/uploads\/2021\/10\/concejodeliberante1-1-460x345.jpg\" alt=\"\" class=\"wp-image-88637\" srcset=\"https:\/\/infoecos.com.ar\/wp-content\/uploads\/2021\/10\/concejodeliberante1-1-460x345.jpg 460w, https:\/\/infoecos.com.ar\/wp-content\/uploads\/2021\/10\/concejodeliberante1-1-920x690.jpg 920w, https:\/\/infoecos.com.ar\/wp-content\/uploads\/2021\/10\/concejodeliberante1-1-768x576.jpg 768w, https:\/\/infoecos.com.ar\/wp-content\/uploads\/2021\/10\/concejodeliberante1-1-1024x768.jpg 1024w, https:\/\/infoecos.com.ar\/wp-content\/uploads\/2021\/10\/concejodeliberante1-1.jpg 1204w\" sizes=\"(max-width: 460px) 100vw, 460px\" \/><\/figure><\/div>\n\n\n\n<p>Tambi\u00e9n ser\u00e1n remitidas a Comisi\u00f3n una iniciativa del bloque FR, que consiste en una modificaci\u00f3n al Art\u00edculo 7\u00b0 de la Ordenanza 5150\/2021 \u201cTu Lote, Tu Casa\u201d, en lo referido a los plazos para la culminaci\u00f3n de la obra; y un proyecto de la Presidencia del HCD, a fin de aceptar la donaci\u00f3n efectuada por el Colegio de Martilleros de Trenque Lauquen, del libro \u201c50 Aniversario\u201d.<\/p>\n\n\n\n<p>Los concejales tambi\u00e9n pondr\u00e1n a votaci\u00f3n dos Decretos, tendientes a prorrogar el per\u00edodo de Sesiones Ordinarias hasta el 30 de Diciembre, y a declarar de Inter\u00e9s Legislativo y Cultural la celebraci\u00f3n del \u201cD\u00eda de la Enfermer\u00eda\u201d, a llevarse a cabo el 27 de noviembre.<\/p>\n\n\n\n<div class=\"wp-block-image is-style-default\"><figure class=\"aligncenter size-medium\"><img loading=\"lazy\" decoding=\"async\" width=\"460\" height=\"345\" src=\"http:\/\/infoecos.com.ar\/wp-content\/uploads\/2021\/10\/concejodeliberante2-460x345.jpg\" alt=\"\" class=\"wp-image-88638\" srcset=\"https:\/\/infoecos.com.ar\/wp-content\/uploads\/2021\/10\/concejodeliberante2-460x345.jpg 460w, https:\/\/infoecos.com.ar\/wp-content\/uploads\/2021\/10\/concejodeliberante2-920x690.jpg 920w, https:\/\/infoecos.com.ar\/wp-content\/uploads\/2021\/10\/concejodeliberante2-768x576.jpg 768w, https:\/\/infoecos.com.ar\/wp-content\/uploads\/2021\/10\/concejodeliberante2-1024x768.jpg 1024w, https:\/\/infoecos.com.ar\/wp-content\/uploads\/2021\/10\/concejodeliberante2.jpg 1204w\" sizes=\"(max-width: 460px) 100vw, 460px\" \/><\/figure><\/div>\n\n\n\n<p>Completan el Orden del D\u00eda de la Sesi\u00f3n dos Comunicaciones: el bloque FR solicita al Ejecutivo que gestione ante los organismos pertinentes con la mayor celeridad posible la carrera de Int\u00e9rprete de Lengua de Se\u00f1as (LSA) y Profesorado de Hipoac\u00fasicos; mientras que la bancada FdT solicita, tambi\u00e9n al Departamento Ejecutivo, la reparaci\u00f3n de luminarias en calle Alsina entre las calles Baldovino y Presidente Uriburu.<\/p>\n","protected":false},"excerpt":{"rendered":"<p>Se considerar\u00e1 tambi\u00e9n una pr\u00f3rroga al incremento en los valores de las tasas<\/p>\n","protected":false},"author":2,"featured_media":88636,"comment_status":"closed","ping_status":"open","sticky":false,"template":"","format":"standard","meta":{"footnotes":""},"categories":[198],"tags":[2466],"class_list":["post-88635","post","type-post","status-publish","format-standard","has-post-thumbnail","hentry","category-c1nota5","tag-la-informacion-oficial"],"yoast_head":"<!-- This site is optimized with the Yoast SEO plugin v23.4 - https:\/\/yoast.com\/wordpress\/plugins\/seo\/ -->\n<title>El Concejo Deliberante tratar\u00e1, esta noche, el pedido de autorizaci\u00f3n del Ejecutivo para adquirir 4 hect\u00e1reas en 30 de Agosto - Infoecos<\/title>\n<meta name=\"robots\" content=\"index, follow, max-snippet:-1, max-image-preview:large, max-video-preview:-1\" \/>\n<link rel=\"canonical\" href=\"https:\/\/infoecos.com.ar\/index.php\/el-concejo-deliberante-tratara-esta-noche-el-pedido-de-autorizacion-del-ejecutivo-para-adquirir-4-hectareas-en-30-de-agosto\/\" \/>\n<meta property=\"og:locale\" content=\"es_ES\" \/>\n<meta property=\"og:type\" content=\"article\" \/>\n<meta property=\"og:title\" content=\"El Concejo Deliberante tratar\u00e1, esta noche, el pedido de autorizaci\u00f3n del Ejecutivo para adquirir 4 hect\u00e1reas en 30 de Agosto - Infoecos\" \/>\n<meta property=\"og:description\" content=\"Se considerar\u00e1 tambi\u00e9n una pr\u00f3rroga al incremento en los valores de las tasas\" \/>\n<meta property=\"og:url\" content=\"https:\/\/infoecos.com.ar\/index.php\/el-concejo-deliberante-tratara-esta-noche-el-pedido-de-autorizacion-del-ejecutivo-para-adquirir-4-hectareas-en-30-de-agosto\/\" \/>\n<meta property=\"og:site_name\" content=\"Infoecos\" \/>\n<meta property=\"article:publisher\" content=\"https:\/\/www.facebook.com\/profile.php?id=100063200290284\" \/>\n<meta property=\"article:published_time\" content=\"2021-10-22T11:50:08+00:00\" \/>\n<meta property=\"article:modified_time\" content=\"2021-10-24T17:37:16+00:00\" \/>\n<meta property=\"og:image\" content=\"https:\/\/infoecos.com.ar\/wp-content\/uploads\/2021\/10\/concejodelibe5ante.jpg\" \/>\n\t<meta property=\"og:image:width\" content=\"1204\" \/>\n\t<meta property=\"og:image:height\" content=\"903\" \/>\n\t<meta property=\"og:image:type\" content=\"image\/jpeg\" \/>\n<meta name=\"author\" content=\"Jorge Matheus\" \/>\n<meta name=\"twitter:card\" content=\"summary_large_image\" \/>\n<meta name=\"twitter:creator\" content=\"@infoecos\" \/>\n<meta name=\"twitter:site\" content=\"@infoecos\" \/>\n<meta name=\"twitter:label1\" content=\"Escrito por\" \/>\n\t<meta name=\"twitter:data1\" content=\"Jorge Matheus\" \/>\n\t<meta name=\"twitter:label2\" content=\"Tiempo de lectura\" \/>\n\t<meta name=\"twitter:data2\" content=\"3 minutos\" \/>\n<script type=\"application\/ld+json\" class=\"yoast-schema-graph\">{\"@context\":\"https:\/\/schema.org\",\"@graph\":[{\"@type\":\"Article\",\"@id\":\"https:\/\/infoecos.com.ar\/index.php\/el-concejo-deliberante-tratara-esta-noche-el-pedido-de-autorizacion-del-ejecutivo-para-adquirir-4-hectareas-en-30-de-agosto\/#article\",\"isPartOf\":{\"@id\":\"https:\/\/infoecos.com.ar\/index.php\/el-concejo-deliberante-tratara-esta-noche-el-pedido-de-autorizacion-del-ejecutivo-para-adquirir-4-hectareas-en-30-de-agosto\/\"},\"author\":{\"name\":\"Jorge Matheus\",\"@id\":\"https:\/\/infoecos.com.ar\/#\/schema\/person\/8f5ace5ce73b4b4aac4b7245aee6f191\"},\"headline\":\"El Concejo Deliberante tratar\u00e1, esta noche, el pedido de autorizaci\u00f3n del Ejecutivo para adquirir 4 hect\u00e1reas en 30 de Agosto\",\"datePublished\":\"2021-10-22T11:50:08+00:00\",\"dateModified\":\"2021-10-24T17:37:16+00:00\",\"mainEntityOfPage\":{\"@id\":\"https:\/\/infoecos.com.ar\/index.php\/el-concejo-deliberante-tratara-esta-noche-el-pedido-de-autorizacion-del-ejecutivo-para-adquirir-4-hectareas-en-30-de-agosto\/\"},\"wordCount\":654,\"publisher\":{\"@id\":\"https:\/\/infoecos.com.ar\/#organization\"},\"image\":{\"@id\":\"https:\/\/infoecos.com.ar\/index.php\/el-concejo-deliberante-tratara-esta-noche-el-pedido-de-autorizacion-del-ejecutivo-para-adquirir-4-hectareas-en-30-de-agosto\/#primaryimage\"},\"thumbnailUrl\":\"https:\/\/infoecos.com.ar\/wp-content\/uploads\/2021\/10\/concejodelibe5ante.jpg\",\"keywords\":[\"LA INFORMACI\u00d3N OFICIAL\"],\"articleSection\":[\"C1 nota 5\"],\"inLanguage\":\"es\"},{\"@type\":\"WebPage\",\"@id\":\"https:\/\/infoecos.com.ar\/index.php\/el-concejo-deliberante-tratara-esta-noche-el-pedido-de-autorizacion-del-ejecutivo-para-adquirir-4-hectareas-en-30-de-agosto\/\",\"url\":\"https:\/\/infoecos.com.ar\/index.php\/el-concejo-deliberante-tratara-esta-noche-el-pedido-de-autorizacion-del-ejecutivo-para-adquirir-4-hectareas-en-30-de-agosto\/\",\"name\":\"El Concejo Deliberante tratar\u00e1, esta noche, el pedido de autorizaci\u00f3n del Ejecutivo para adquirir 4 hect\u00e1reas en 30 de Agosto - Infoecos\",\"isPartOf\":{\"@id\":\"https:\/\/infoecos.com.ar\/#website\"},\"primaryImageOfPage\":{\"@id\":\"https:\/\/infoecos.com.ar\/index.php\/el-concejo-deliberante-tratara-esta-noche-el-pedido-de-autorizacion-del-ejecutivo-para-adquirir-4-hectareas-en-30-de-agosto\/#primaryimage\"},\"image\":{\"@id\":\"https:\/\/infoecos.com.ar\/index.php\/el-concejo-deliberante-tratara-esta-noche-el-pedido-de-autorizacion-del-ejecutivo-para-adquirir-4-hectareas-en-30-de-agosto\/#primaryimage\"},\"thumbnailUrl\":\"https:\/\/infoecos.com.ar\/wp-content\/uploads\/2021\/10\/concejodelibe5ante.jpg\",\"datePublished\":\"2021-10-22T11:50:08+00:00\",\"dateModified\":\"2021-10-24T17:37:16+00:00\",\"breadcrumb\":{\"@id\":\"https:\/\/infoecos.com.ar\/index.php\/el-concejo-deliberante-tratara-esta-noche-el-pedido-de-autorizacion-del-ejecutivo-para-adquirir-4-hectareas-en-30-de-agosto\/#breadcrumb\"},\"inLanguage\":\"es\",\"potentialAction\":[{\"@type\":\"ReadAction\",\"target\":[\"https:\/\/infoecos.com.ar\/index.php\/el-concejo-deliberante-tratara-esta-noche-el-pedido-de-autorizacion-del-ejecutivo-para-adquirir-4-hectareas-en-30-de-agosto\/\"]}]},{\"@type\":\"ImageObject\",\"inLanguage\":\"es\",\"@id\":\"https:\/\/infoecos.com.ar\/index.php\/el-concejo-deliberante-tratara-esta-noche-el-pedido-de-autorizacion-del-ejecutivo-para-adquirir-4-hectareas-en-30-de-agosto\/#primaryimage\",\"url\":\"https:\/\/infoecos.com.ar\/wp-content\/uploads\/2021\/10\/concejodelibe5ante.jpg\",\"contentUrl\":\"https:\/\/infoecos.com.ar\/wp-content\/uploads\/2021\/10\/concejodelibe5ante.jpg\",\"width\":1204,\"height\":903},{\"@type\":\"BreadcrumbList\",\"@id\":\"https:\/\/infoecos.com.ar\/index.php\/el-concejo-deliberante-tratara-esta-noche-el-pedido-de-autorizacion-del-ejecutivo-para-adquirir-4-hectareas-en-30-de-agosto\/#breadcrumb\",\"itemListElement\":[{\"@type\":\"ListItem\",\"position\":1,\"name\":\"Portada\",\"item\":\"https:\/\/infoecos.com.ar\/\"},{\"@type\":\"ListItem\",\"position\":2,\"name\":\"El Concejo Deliberante tratar\u00e1, esta noche, el pedido de autorizaci\u00f3n del Ejecutivo para adquirir 4 hect\u00e1reas en 30 de Agosto\"}]},{\"@type\":\"WebSite\",\"@id\":\"https:\/\/infoecos.com.ar\/#website\",\"url\":\"https:\/\/infoecos.com.ar\/\",\"name\":\"Infoecos\",\"description\":\"Noticias de trenque lauquen y la zona\",\"publisher\":{\"@id\":\"https:\/\/infoecos.com.ar\/#organization\"},\"alternateName\":\"Noticias\",\"potentialAction\":[{\"@type\":\"SearchAction\",\"target\":{\"@type\":\"EntryPoint\",\"urlTemplate\":\"https:\/\/infoecos.com.ar\/?s={search_term_string}\"},\"query-input\":{\"@type\":\"PropertyValueSpecification\",\"valueRequired\":true,\"valueName\":\"search_term_string\"}}],\"inLanguage\":\"es\"},{\"@type\":\"Organization\",\"@id\":\"https:\/\/infoecos.com.ar\/#organization\",\"name\":\"Infoecos\",\"alternateName\":\"Noticias\",\"url\":\"https:\/\/infoecos.com.ar\/\",\"logo\":{\"@type\":\"ImageObject\",\"inLanguage\":\"es\",\"@id\":\"https:\/\/infoecos.com.ar\/#\/schema\/logo\/image\/\",\"url\":\"https:\/\/infoecos.com.ar\/wp-content\/uploads\/2024\/03\/cropped-logo.png\",\"contentUrl\":\"https:\/\/infoecos.com.ar\/wp-content\/uploads\/2024\/03\/cropped-logo.png\",\"width\":374,\"height\":90,\"caption\":\"Infoecos\"},\"image\":{\"@id\":\"https:\/\/infoecos.com.ar\/#\/schema\/logo\/image\/\"},\"sameAs\":[\"https:\/\/www.facebook.com\/profile.php?id=100063200290284\",\"https:\/\/x.com\/infoecos\"]},{\"@type\":\"Person\",\"@id\":\"https:\/\/infoecos.com.ar\/#\/schema\/person\/8f5ace5ce73b4b4aac4b7245aee6f191\",\"name\":\"Jorge Matheus\",\"url\":\"https:\/\/infoecos.com.ar\/index.php\/author\/jomatheus\/\"}]}<\/script>\n<!-- \/ Yoast SEO plugin. -->","yoast_head_json":{"title":"El Concejo Deliberante tratar\u00e1, esta noche, el pedido de autorizaci\u00f3n del Ejecutivo para adquirir 4 hect\u00e1reas en 30 de Agosto - Infoecos","robots":{"index":"index","follow":"follow","max-snippet":"max-snippet:-1","max-image-preview":"max-image-preview:large","max-video-preview":"max-video-preview:-1"},"canonical":"https:\/\/infoecos.com.ar\/index.php\/el-concejo-deliberante-tratara-esta-noche-el-pedido-de-autorizacion-del-ejecutivo-para-adquirir-4-hectareas-en-30-de-agosto\/","og_locale":"es_ES","og_type":"article","og_title":"El Concejo Deliberante tratar\u00e1, esta noche, el pedido de autorizaci\u00f3n del Ejecutivo para adquirir 4 hect\u00e1reas en 30 de Agosto - Infoecos","og_description":"Se considerar\u00e1 tambi\u00e9n una pr\u00f3rroga al incremento en los valores de las tasas","og_url":"https:\/\/infoecos.com.ar\/index.php\/el-concejo-deliberante-tratara-esta-noche-el-pedido-de-autorizacion-del-ejecutivo-para-adquirir-4-hectareas-en-30-de-agosto\/","og_site_name":"Infoecos","article_publisher":"https:\/\/www.facebook.com\/profile.php?id=100063200290284","article_published_time":"2021-10-22T11:50:08+00:00","article_modified_time":"2021-10-24T17:37:16+00:00","og_image":[{"width":1204,"height":903,"url":"https:\/\/infoecos.com.ar\/wp-content\/uploads\/2021\/10\/concejodelibe5ante.jpg","type":"image\/jpeg"}],"author":"Jorge Matheus","twitter_card":"summary_large_image","twitter_creator":"@infoecos","twitter_site":"@infoecos","twitter_misc":{"Escrito por":"Jorge Matheus","Tiempo de lectura":"3 minutos"},"schema":{"@context":"https:\/\/schema.org","@graph":[{"@type":"Article","@id":"https:\/\/infoecos.com.ar\/index.php\/el-concejo-deliberante-tratara-esta-noche-el-pedido-de-autorizacion-del-ejecutivo-para-adquirir-4-hectareas-en-30-de-agosto\/#article","isPartOf":{"@id":"https:\/\/infoecos.com.ar\/index.php\/el-concejo-deliberante-tratara-esta-noche-el-pedido-de-autorizacion-del-ejecutivo-para-adquirir-4-hectareas-en-30-de-agosto\/"},"author":{"name":"Jorge Matheus","@id":"https:\/\/infoecos.com.ar\/#\/schema\/person\/8f5ace5ce73b4b4aac4b7245aee6f191"},"headline":"El Concejo Deliberante tratar\u00e1, esta noche, el pedido de autorizaci\u00f3n del Ejecutivo para adquirir 4 hect\u00e1reas en 30 de Agosto","datePublished":"2021-10-22T11:50:08+00:00","dateModified":"2021-10-24T17:37:16+00:00","mainEntityOfPage":{"@id":"https:\/\/infoecos.com.ar\/index.php\/el-concejo-deliberante-tratara-esta-noche-el-pedido-de-autorizacion-del-ejecutivo-para-adquirir-4-hectareas-en-30-de-agosto\/"},"wordCount":654,"publisher":{"@id":"https:\/\/infoecos.com.ar\/#organization"},"image":{"@id":"https:\/\/infoecos.com.ar\/index.php\/el-concejo-deliberante-tratara-esta-noche-el-pedido-de-autorizacion-del-ejecutivo-para-adquirir-4-hectareas-en-30-de-agosto\/#primaryimage"},"thumbnailUrl":"https:\/\/infoecos.com.ar\/wp-content\/uploads\/2021\/10\/concejodelibe5ante.jpg","keywords":["LA INFORMACI\u00d3N OFICIAL"],"articleSection":["C1 nota 5"],"inLanguage":"es"},{"@type":"WebPage","@id":"https:\/\/infoecos.com.ar\/index.php\/el-concejo-deliberante-tratara-esta-noche-el-pedido-de-autorizacion-del-ejecutivo-para-adquirir-4-hectareas-en-30-de-agosto\/","url":"https:\/\/infoecos.com.ar\/index.php\/el-concejo-deliberante-tratara-esta-noche-el-pedido-de-autorizacion-del-ejecutivo-para-adquirir-4-hectareas-en-30-de-agosto\/","name":"El Concejo Deliberante tratar\u00e1, esta noche, el pedido de autorizaci\u00f3n del Ejecutivo para adquirir 4 hect\u00e1reas en 30 de Agosto - Infoecos","isPartOf":{"@id":"https:\/\/infoecos.com.ar\/#website"},"primaryImageOfPage":{"@id":"https:\/\/infoecos.com.ar\/index.php\/el-concejo-deliberante-tratara-esta-noche-el-pedido-de-autorizacion-del-ejecutivo-para-adquirir-4-hectareas-en-30-de-agosto\/#primaryimage"},"image":{"@id":"https:\/\/infoecos.com.ar\/index.php\/el-concejo-deliberante-tratara-esta-noche-el-pedido-de-autorizacion-del-ejecutivo-para-adquirir-4-hectareas-en-30-de-agosto\/#primaryimage"},"thumbnailUrl":"https:\/\/infoecos.com.ar\/wp-content\/uploads\/2021\/10\/concejodelibe5ante.jpg","datePublished":"2021-10-22T11:50:08+00:00","dateModified":"2021-10-24T17:37:16+00:00","breadcrumb":{"@id":"https:\/\/infoecos.com.ar\/index.php\/el-concejo-deliberante-tratara-esta-noche-el-pedido-de-autorizacion-del-ejecutivo-para-adquirir-4-hectareas-en-30-de-agosto\/#breadcrumb"},"inLanguage":"es","potentialAction":[{"@type":"ReadAction","target":["https:\/\/infoecos.com.ar\/index.php\/el-concejo-deliberante-tratara-esta-noche-el-pedido-de-autorizacion-del-ejecutivo-para-adquirir-4-hectareas-en-30-de-agosto\/"]}]},{"@type":"ImageObject","inLanguage":"es","@id":"https:\/\/infoecos.com.ar\/index.php\/el-concejo-deliberante-tratara-esta-noche-el-pedido-de-autorizacion-del-ejecutivo-para-adquirir-4-hectareas-en-30-de-agosto\/#primaryimage","url":"https:\/\/infoecos.com.ar\/wp-content\/uploads\/2021\/10\/concejodelibe5ante.jpg","contentUrl":"https:\/\/infoecos.com.ar\/wp-content\/uploads\/2021\/10\/concejodelibe5ante.jpg","width":1204,"height":903},{"@type":"BreadcrumbList","@id":"https:\/\/infoecos.com.ar\/index.php\/el-concejo-deliberante-tratara-esta-noche-el-pedido-de-autorizacion-del-ejecutivo-para-adquirir-4-hectareas-en-30-de-agosto\/#breadcrumb","itemListElement":[{"@type":"ListItem","position":1,"name":"Portada","item":"https:\/\/infoecos.com.ar\/"},{"@type":"ListItem","position":2,"name":"El Concejo Deliberante tratar\u00e1, esta noche, el pedido de autorizaci\u00f3n del Ejecutivo para adquirir 4 hect\u00e1reas en 30 de Agosto"}]},{"@type":"WebSite","@id":"https:\/\/infoecos.com.ar\/#website","url":"https:\/\/infoecos.com.ar\/","name":"Infoecos","description":"Noticias de trenque lauquen y la zona","publisher":{"@id":"https:\/\/infoecos.com.ar\/#organization"},"alternateName":"Noticias","potentialAction":[{"@type":"SearchAction","target":{"@type":"EntryPoint","urlTemplate":"https:\/\/infoecos.com.ar\/?s={search_term_string}"},"query-input":{"@type":"PropertyValueSpecification","valueRequired":true,"valueName":"search_term_string"}}],"inLanguage":"es"},{"@type":"Organization","@id":"https:\/\/infoecos.com.ar\/#organization","name":"Infoecos","alternateName":"Noticias","url":"https:\/\/infoecos.com.ar\/","logo":{"@type":"ImageObject","inLanguage":"es","@id":"https:\/\/infoecos.com.ar\/#\/schema\/logo\/image\/","url":"https:\/\/infoecos.com.ar\/wp-content\/uploads\/2024\/03\/cropped-logo.png","contentUrl":"https:\/\/infoecos.com.ar\/wp-content\/uploads\/2024\/03\/cropped-logo.png","width":374,"height":90,"caption":"Infoecos"},"image":{"@id":"https:\/\/infoecos.com.ar\/#\/schema\/logo\/image\/"},"sameAs":["https:\/\/www.facebook.com\/profile.php?id=100063200290284","https:\/\/x.com\/infoecos"]},{"@type":"Person","@id":"https:\/\/infoecos.com.ar\/#\/schema\/person\/8f5ace5ce73b4b4aac4b7245aee6f191","name":"Jorge Matheus","url":"https:\/\/infoecos.com.ar\/index.php\/author\/jomatheus\/"}]}},"featured_image_urls":{"full":["https:\/\/infoecos.com.ar\/wp-content\/uploads\/2021\/10\/concejodelibe5ante.jpg",1204,903,false],"thumbnail":["https:\/\/infoecos.com.ar\/wp-content\/uploads\/2021\/10\/concejodelibe5ante-150x150.jpg",150,150,true],"medium":["https:\/\/infoecos.com.ar\/wp-content\/uploads\/2021\/10\/concejodelibe5ante-460x345.jpg",460,345,true],"medium_large":["https:\/\/infoecos.com.ar\/wp-content\/uploads\/2021\/10\/concejodelibe5ante-768x576.jpg",640,480,true],"large":["https:\/\/infoecos.com.ar\/wp-content\/uploads\/2021\/10\/concejodelibe5ante-920x690.jpg",640,480,true],"1536x1536":["https:\/\/infoecos.com.ar\/wp-content\/uploads\/2021\/10\/concejodelibe5ante.jpg",1204,903,false],"2048x2048":["https:\/\/infoecos.com.ar\/wp-content\/uploads\/2021\/10\/concejodelibe5ante.jpg",1204,903,false],"covernews-slider-full":["https:\/\/infoecos.com.ar\/wp-content\/uploads\/2021\/10\/concejodelibe5ante.jpg",953,715,false],"covernews-slider-center":["https:\/\/infoecos.com.ar\/wp-content\/uploads\/2021\/10\/concejodelibe5ante-936x897.jpg",522,500,true],"covernews-featured":["https:\/\/infoecos.com.ar\/wp-content\/uploads\/2021\/10\/concejodelibe5ante-1024x768.jpg",1024,768,true],"covernews-medium":["https:\/\/infoecos.com.ar\/wp-content\/uploads\/2021\/10\/concejodelibe5ante-720x380.jpg",540,285,true],"covernews-medium-square":["https:\/\/infoecos.com.ar\/wp-content\/uploads\/2021\/10\/concejodelibe5ante-675x450.jpg",375,250,true]},"author_info":{"info":["Jorge Matheus"]},"category_info":"<a href=\"https:\/\/infoecos.com.ar\/index.php\/category\/c1nota5\/\" rel=\"category tag\">C1 nota 5<\/a>","tag_info":"C1 nota 5","comment_count":"0","_links":{"self":[{"href":"https:\/\/infoecos.com.ar\/index.php\/wp-json\/wp\/v2\/posts\/88635"}],"collection":[{"href":"https:\/\/infoecos.com.ar\/index.php\/wp-json\/wp\/v2\/posts"}],"about":[{"href":"https:\/\/infoecos.com.ar\/index.php\/wp-json\/wp\/v2\/types\/post"}],"author":[{"embeddable":true,"href":"https:\/\/infoecos.com.ar\/index.php\/wp-json\/wp\/v2\/users\/2"}],"replies":[{"embeddable":true,"href":"https:\/\/infoecos.com.ar\/index.php\/wp-json\/wp\/v2\/comments?post=88635"}],"version-history":[{"count":1,"href":"https:\/\/infoecos.com.ar\/index.php\/wp-json\/wp\/v2\/posts\/88635\/revisions"}],"predecessor-version":[{"id":88639,"href":"https:\/\/infoecos.com.ar\/index.php\/wp-json\/wp\/v2\/posts\/88635\/revisions\/88639"}],"wp:featuredmedia":[{"embeddable":true,"href":"https:\/\/infoecos.com.ar\/index.php\/wp-json\/wp\/v2\/media\/88636"}],"wp:attachment":[{"href":"https:\/\/infoecos.com.ar\/index.php\/wp-json\/wp\/v2\/media?parent=88635"}],"wp:term":[{"taxonomy":"category","embeddable":true,"href":"https:\/\/infoecos.com.ar\/index.php\/wp-json\/wp\/v2\/categories?post=88635"},{"taxonomy":"post_tag","embeddable":true,"href":"https:\/\/infoecos.com.ar\/index.php\/wp-json\/wp\/v2\/tags?post=88635"}],"curies":[{"name":"wp","href":"https:\/\/api.w.org\/{rel}","templated":true}]}}