{"id":88645,"date":"2021-10-22T15:02:54","date_gmt":"2021-10-22T18:02:54","guid":{"rendered":"http:\/\/infoecos.com.ar\/?p=88645"},"modified":"2021-10-25T02:39:18","modified_gmt":"2021-10-25T05:39:18","slug":"el-departamento-ejecutivo-transmitio-su-satisfaccion-por-la-denominacion-de-capital-provincial-de-los-murales","status":"publish","type":"post","link":"https:\/\/infoecos.com.ar\/index.php\/el-departamento-ejecutivo-transmitio-su-satisfaccion-por-la-denominacion-de-capital-provincial-de-los-murales\/","title":{"rendered":"El Departamento Ejecutivo transmiti\u00f3 su satisfacci\u00f3n por la denominaci\u00f3n de \u00abCapital Provincial de los Murales\u00bb"},"content":{"rendered":"\n<p class=\"wp-block-paragraph\">La subsecretaria de Desarrollo Econ\u00f3mico y Productivo del municipio de Trenque Lauquen, Clarisa Fabris, transmiti\u00f3 en di\u00e1logo con los medios la satisfacci\u00f3n del Departamento Ejecutivo en su conjunto por la aprobaci\u00f3n del proyecto declarando a a la ciudad cabecera como \u00abCapital Provincial de los Museos\u00bb. <\/p>\n\n\n\n<p class=\"wp-block-paragraph\">La funcionaria expres\u00f3 que \u00abten\u00edamos que conseguir una fiesta provincial para Trenque Lauquen, para que despu\u00e9s pueda consolidarse como Fiesta Nacional\u00bb. <\/p>\n\n\n\n<div class=\"wp-block-image is-style-default\"><figure class=\"aligncenter size-medium\"><img loading=\"lazy\" decoding=\"async\" width=\"460\" height=\"345\" src=\"http:\/\/infoecos.com.ar\/wp-content\/uploads\/2021\/10\/Murales-460x345.jpg\" alt=\"\" class=\"wp-image-88646\" srcset=\"https:\/\/infoecos.com.ar\/wp-content\/uploads\/2021\/10\/Murales-460x345.jpg 460w, https:\/\/infoecos.com.ar\/wp-content\/uploads\/2021\/10\/Murales.jpg 758w\" sizes=\"auto, (max-width: 460px) 100vw, 460px\" \/><\/figure><\/div>\n\n\n\n<p class=\"wp-block-paragraph\">Fabris repas\u00f3 los caminos recorridos para llegar a este reconocimiento. Record\u00f3 que \u00abla idea surge en 2015 cuando nos convoc\u00f3 el Intendente para trabajar sobre cu\u00e1les eran las necesidades desde lo tur\u00edstico y una de las necesidades era que Trenque Lauquen tuviera una fiesta provincial\u201d.<\/p>\n\n\n\n<p class=\"wp-block-paragraph\">\u201cClaramente los 50 a\u00f1os de muralismo que tiene nuestra ciudad eran un arraigo important\u00edsimo, por eso a partir de ah\u00ed trabajamos en todo este tiempo en conjunto con el diputado provincial Valent\u00edn Miranda para presentar el proyecto y tambi\u00e9n se hicieron muchas presentaciones relacionadas con lo hist\u00f3rico y lo actual\u201d, explic\u00f3.<\/p>\n\n\n\n<p class=\"wp-block-paragraph\">Luego de referirse a los encuentros nacionales de arte mural, la subsecretaria indic\u00f3 que esta decisi\u00f3n \u201cnos da la responsabilidad de seguir trabajando y fuerzas para articular con la Provincia. Nos permite puertas para adentro empezar a pensar en que esto es tambi\u00e9n una punta generadora de empleo para los muralistas, para la gente relacionada con el arte, para el turismo y un mont\u00f3n de sectores que se relacionan directa o indirectamente\u201d<\/p>\n\n\n\n<p class=\"wp-block-paragraph\">Adelant\u00f3 que el Encuentro de Arte Mural de este a\u00f1o \u201cse va a hacer en Treinta de Agosto porque es una pol\u00edtica distrital, esto nos lleva naturalmente a aliarnos con un mont\u00f3n de sectores que van a hacer que esto se haga fuerte y crezca\u201d.<\/p>\n","protected":false},"excerpt":{"rendered":"<p>El Encuentro de Arte Mural de este a\u00f1o \u201cse va a hacer en Treinta de Agosto porque es una pol\u00edtica distrital\u00bb<\/p>\n","protected":false},"author":2,"featured_media":88646,"comment_status":"closed","ping_status":"open","sticky":false,"template":"","format":"standard","meta":{"footnotes":""},"categories":[26],"tags":[5517],"class_list":["post-88645","post","type-post","status-publish","format-standard","has-post-thumbnail","hentry","category-inferior6","tag-objetivo-siguiente-fiesta-provincial"],"featured_image_urls":{"full":["https:\/\/infoecos.com.ar\/wp-content\/uploads\/2021\/10\/Murales.jpg",758,568,false],"thumbnail":["https:\/\/infoecos.com.ar\/wp-content\/uploads\/2021\/10\/Murales-150x150.jpg",150,150,true],"medium":["https:\/\/infoecos.com.ar\/wp-content\/uploads\/2021\/10\/Murales-460x345.jpg",460,345,true],"medium_large":["https:\/\/infoecos.com.ar\/wp-content\/uploads\/2021\/10\/Murales.jpg",640,480,false],"large":["https:\/\/infoecos.com.ar\/wp-content\/uploads\/2021\/10\/Murales.jpg",640,480,false],"1536x1536":["https:\/\/infoecos.com.ar\/wp-content\/uploads\/2021\/10\/Murales.jpg",758,568,false],"2048x2048":["https:\/\/infoecos.com.ar\/wp-content\/uploads\/2021\/10\/Murales.jpg",758,568,false],"covernews-slider-full":["https:\/\/infoecos.com.ar\/wp-content\/uploads\/2021\/10\/Murales.jpg",758,568,false],"covernews-slider-center":["https:\/\/infoecos.com.ar\/wp-content\/uploads\/2021\/10\/Murales.jpg",667,500,false],"covernews-featured":["https:\/\/infoecos.com.ar\/wp-content\/uploads\/2021\/10\/Murales.jpg",758,568,false],"covernews-medium":["https:\/\/infoecos.com.ar\/wp-content\/uploads\/2021\/10\/Murales-720x380.jpg",540,285,true],"covernews-medium-square":["https:\/\/infoecos.com.ar\/wp-content\/uploads\/2021\/10\/Murales-675x450.jpg",375,250,true]},"author_info":{"info":["Jorge Matheus"]},"category_info":"<a href=\"https:\/\/infoecos.com.ar\/index.php\/category\/inferior6\/\" rel=\"category tag\">Bloque inferior - 6<\/a>","tag_info":"Bloque inferior - 6","comment_count":"0","_links":{"self":[{"href":"https:\/\/infoecos.com.ar\/index.php\/wp-json\/wp\/v2\/posts\/88645","targetHints":{"allow":["GET"]}}],"collection":[{"href":"https:\/\/infoecos.com.ar\/index.php\/wp-json\/wp\/v2\/posts"}],"about":[{"href":"https:\/\/infoecos.com.ar\/index.php\/wp-json\/wp\/v2\/types\/post"}],"author":[{"embeddable":true,"href":"https:\/\/infoecos.com.ar\/index.php\/wp-json\/wp\/v2\/users\/2"}],"replies":[{"embeddable":true,"href":"https:\/\/infoecos.com.ar\/index.php\/wp-json\/wp\/v2\/comments?post=88645"}],"version-history":[{"count":2,"href":"https:\/\/infoecos.com.ar\/index.php\/wp-json\/wp\/v2\/posts\/88645\/revisions"}],"predecessor-version":[{"id":88650,"href":"https:\/\/infoecos.com.ar\/index.php\/wp-json\/wp\/v2\/posts\/88645\/revisions\/88650"}],"wp:featuredmedia":[{"embeddable":true,"href":"https:\/\/infoecos.com.ar\/index.php\/wp-json\/wp\/v2\/media\/88646"}],"wp:attachment":[{"href":"https:\/\/infoecos.com.ar\/index.php\/wp-json\/wp\/v2\/media?parent=88645"}],"wp:term":[{"taxonomy":"category","embeddable":true,"href":"https:\/\/infoecos.com.ar\/index.php\/wp-json\/wp\/v2\/categories?post=88645"},{"taxonomy":"post_tag","embeddable":true,"href":"https:\/\/infoecos.com.ar\/index.php\/wp-json\/wp\/v2\/tags?post=88645"}],"curies":[{"name":"wp","href":"https:\/\/api.w.org\/{rel}","templated":true}]}}