{"id":88648,"date":"2021-10-22T15:57:08","date_gmt":"2021-10-22T18:57:08","guid":{"rendered":"http:\/\/infoecos.com.ar\/?p=88648"},"modified":"2021-10-25T02:36:15","modified_gmt":"2021-10-25T05:36:15","slug":"en-trenque-lauquen-a-partir-del-lunes-semana-de-concientizacion-sobre-la-vacunacion","status":"publish","type":"post","link":"https:\/\/infoecos.com.ar\/index.php\/en-trenque-lauquen-a-partir-del-lunes-semana-de-concientizacion-sobre-la-vacunacion\/","title":{"rendered":"En Trenque Lauquen, desde hoy, Semana de Concientizaci\u00f3n sobre la Vacunaci\u00f3n"},"content":{"rendered":"\n<p class=\"wp-block-paragraph\">La subsecretar\u00eda de Salud municipal de Trenque Lauquen y el \u00e1rea de Vacunaci\u00f3n del Hospital Municipal Dr. Pedro T. Orellana llevar\u00e1n adelante desde hoy la \u201cSemana de Concientizaci\u00f3n sobre la Vacunaci\u00f3n\u201d, con la finalidad de generar conciencia y facilitar el acceso a los vecinos que quieran completar esquemas poniendo el eje b\u00e1sicamente en los ni\u00f1os\/as y adolescentes. Esta acci\u00f3n es en consonancia con lo dispuesto por el Gobierno de la provincia de Buenos Aires<\/p>\n\n\n\n<div class=\"wp-block-image is-style-default\"><figure class=\"aligncenter size-medium\"><img loading=\"lazy\" decoding=\"async\" width=\"460\" height=\"306\" src=\"http:\/\/infoecos.com.ar\/wp-content\/uploads\/2021\/08\/vacunacionpehuajo-460x306.jpg\" alt=\"\" class=\"wp-image-82994\" srcset=\"https:\/\/infoecos.com.ar\/wp-content\/uploads\/2021\/08\/vacunacionpehuajo-460x306.jpg 460w, https:\/\/infoecos.com.ar\/wp-content\/uploads\/2021\/08\/vacunacionpehuajo.jpg 640w\" sizes=\"auto, (max-width: 460px) 100vw, 460px\" \/><\/figure><\/div>\n\n\n\n<p class=\"wp-block-paragraph\">\u201cDesde el gobierno bonaerense se propuso para la semana que viene una semana de concientizaci\u00f3n sobre la vacunaci\u00f3n, con la idea de promover y acercarnos a la gente, sobre todo a aquellas personas que tengan alg\u00fan esquema atrasado y quieran completarlo, que tengan alguna duda o que simplemente quieran continuar con el esquema habitual\u201d, coment\u00f3 la jefa del \u00e1rea de Vacunaci\u00f3n del Hospital Municipal, Dra. Mar\u00eda Teste&nbsp;<\/p>\n\n\n\n<p class=\"wp-block-paragraph\">Adelant\u00f3 que \u201cla idea es ampliar el horario de vacunaci\u00f3n del Hospital Municipal Pedro T. Orellana, que habitualmente funciona hasta las 14 horas, y extenderlo hasta las 16, de modo de poder facilitar el acceso a los vecinos y nos vamos a acercar al Palacio Municipal para vacunar a los trabajadores para ponernos al d\u00eda con la antitet\u00e1nica, la doble de adultos y eventualmente si hiciera falta hepatitis B y doble viral\u201d.<\/p>\n\n\n\n<p class=\"wp-block-paragraph\"><\/p>\n","protected":false},"excerpt":{"rendered":"<p>El objetivo es generar conciencia y facilitar el acceso a los vecinos que quieran completarlo<\/p>\n","protected":false},"author":2,"featured_media":78555,"comment_status":"closed","ping_status":"open","sticky":false,"template":"","format":"standard","meta":{"footnotes":""},"categories":[1341],"tags":[5518],"class_list":["post-88648","post","type-post","status-publish","format-standard","has-post-thumbnail","hentry","category-c1nota7","tag-en-consonancia-con-el-gobierno-bonaerense"],"featured_image_urls":{"full":["https:\/\/infoecos.com.ar\/wp-content\/uploads\/2021\/05\/CORONAVIRUS1.jpg",612,408,false],"thumbnail":["https:\/\/infoecos.com.ar\/wp-content\/uploads\/2021\/05\/CORONAVIRUS1-150x150.jpg",150,150,true],"medium":["https:\/\/infoecos.com.ar\/wp-content\/uploads\/2021\/05\/CORONAVIRUS1-460x307.jpg",460,307,true],"medium_large":["https:\/\/infoecos.com.ar\/wp-content\/uploads\/2021\/05\/CORONAVIRUS1.jpg",612,408,false],"large":["https:\/\/infoecos.com.ar\/wp-content\/uploads\/2021\/05\/CORONAVIRUS1.jpg",612,408,false],"1536x1536":["https:\/\/infoecos.com.ar\/wp-content\/uploads\/2021\/05\/CORONAVIRUS1.jpg",612,408,false],"2048x2048":["https:\/\/infoecos.com.ar\/wp-content\/uploads\/2021\/05\/CORONAVIRUS1.jpg",612,408,false],"covernews-slider-full":["https:\/\/infoecos.com.ar\/wp-content\/uploads\/2021\/05\/CORONAVIRUS1.jpg",612,408,false],"covernews-slider-center":["https:\/\/infoecos.com.ar\/wp-content\/uploads\/2021\/05\/CORONAVIRUS1.jpg",612,408,false],"covernews-featured":["https:\/\/infoecos.com.ar\/wp-content\/uploads\/2021\/05\/CORONAVIRUS1.jpg",612,408,false],"covernews-medium":["https:\/\/infoecos.com.ar\/wp-content\/uploads\/2021\/05\/CORONAVIRUS1-612x380.jpg",540,335,true],"covernews-medium-square":["https:\/\/infoecos.com.ar\/wp-content\/uploads\/2021\/05\/CORONAVIRUS1.jpg",375,250,false]},"author_info":{"info":["Jorge Matheus"]},"category_info":"<a href=\"https:\/\/infoecos.com.ar\/index.php\/category\/c1nota7\/\" rel=\"category tag\">C1 nota 7<\/a>","tag_info":"C1 nota 7","comment_count":"0","_links":{"self":[{"href":"https:\/\/infoecos.com.ar\/index.php\/wp-json\/wp\/v2\/posts\/88648","targetHints":{"allow":["GET"]}}],"collection":[{"href":"https:\/\/infoecos.com.ar\/index.php\/wp-json\/wp\/v2\/posts"}],"about":[{"href":"https:\/\/infoecos.com.ar\/index.php\/wp-json\/wp\/v2\/types\/post"}],"author":[{"embeddable":true,"href":"https:\/\/infoecos.com.ar\/index.php\/wp-json\/wp\/v2\/users\/2"}],"replies":[{"embeddable":true,"href":"https:\/\/infoecos.com.ar\/index.php\/wp-json\/wp\/v2\/comments?post=88648"}],"version-history":[{"count":3,"href":"https:\/\/infoecos.com.ar\/index.php\/wp-json\/wp\/v2\/posts\/88648\/revisions"}],"predecessor-version":[{"id":88742,"href":"https:\/\/infoecos.com.ar\/index.php\/wp-json\/wp\/v2\/posts\/88648\/revisions\/88742"}],"wp:featuredmedia":[{"embeddable":true,"href":"https:\/\/infoecos.com.ar\/index.php\/wp-json\/wp\/v2\/media\/78555"}],"wp:attachment":[{"href":"https:\/\/infoecos.com.ar\/index.php\/wp-json\/wp\/v2\/media?parent=88648"}],"wp:term":[{"taxonomy":"category","embeddable":true,"href":"https:\/\/infoecos.com.ar\/index.php\/wp-json\/wp\/v2\/categories?post=88648"},{"taxonomy":"post_tag","embeddable":true,"href":"https:\/\/infoecos.com.ar\/index.php\/wp-json\/wp\/v2\/tags?post=88648"}],"curies":[{"name":"wp","href":"https:\/\/api.w.org\/{rel}","templated":true}]}}