{"id":88657,"date":"2021-10-22T16:34:02","date_gmt":"2021-10-22T19:34:02","guid":{"rendered":"http:\/\/infoecos.com.ar\/?p=88657"},"modified":"2021-10-22T17:37:01","modified_gmt":"2021-10-22T20:37:01","slug":"la-candidata-a-diputada-nacional-por-juntos-de-la-provincia-de-buenos-aires-este-sabado-en-trenque-lauquen","status":"publish","type":"post","link":"https:\/\/infoecos.com.ar\/index.php\/la-candidata-a-diputada-nacional-por-juntos-de-la-provincia-de-buenos-aires-este-sabado-en-trenque-lauquen\/","title":{"rendered":"La candidata a Diputada Nacional por Juntos de la provincia de Buenos Aires, este lunes, en Trenque Lauquen"},"content":{"rendered":"\n<p>Danya Tavela, candidata a diputada nacional por Juntos en la provincia de Buenos Aires, estar\u00e1 el lunes en Trenque Lauquen, en el marco de la campa\u00f1a electoral con vistas al pr\u00f3ximo 14 de Noviembre.<\/p>\n\n\n\n<div class=\"wp-block-image is-style-default\"><figure class=\"aligncenter size-medium\"><img loading=\"lazy\" decoding=\"async\" width=\"460\" height=\"259\" src=\"http:\/\/infoecos.com.ar\/wp-content\/uploads\/2021\/10\/FCRI9knWUAECEfs-460x259.jpg\" alt=\"\" class=\"wp-image-88658\" srcset=\"https:\/\/infoecos.com.ar\/wp-content\/uploads\/2021\/10\/FCRI9knWUAECEfs-460x259.jpg 460w, https:\/\/infoecos.com.ar\/wp-content\/uploads\/2021\/10\/FCRI9knWUAECEfs-920x517.jpg 920w, https:\/\/infoecos.com.ar\/wp-content\/uploads\/2021\/10\/FCRI9knWUAECEfs-768x432.jpg 768w, https:\/\/infoecos.com.ar\/wp-content\/uploads\/2021\/10\/FCRI9knWUAECEfs-1024x576.jpg 1024w, https:\/\/infoecos.com.ar\/wp-content\/uploads\/2021\/10\/FCRI9knWUAECEfs.jpg 1080w\" sizes=\"(max-width: 460px) 100vw, 460px\" \/><\/figure><\/div>\n\n\n\n<p>Tavela, vecina de Jun\u00edn, vicerectora de la Universidad Nacional del Noroeste, visitar\u00e1 el Comit\u00e9 de la Uni\u00f3n C\u00edvica Radical, lugar en el que ofrecer\u00e1 una conferencia de prensa, a partir de las 10.30. <\/p>\n\n\n\n<div class=\"wp-block-image is-style-default\"><figure class=\"aligncenter size-medium\"><img loading=\"lazy\" decoding=\"async\" width=\"345\" height=\"460\" src=\"http:\/\/infoecos.com.ar\/wp-content\/uploads\/2021\/10\/FCRI-39XsBEIlNF-345x460.jpg\" alt=\"\" class=\"wp-image-88659\" srcset=\"https:\/\/infoecos.com.ar\/wp-content\/uploads\/2021\/10\/FCRI-39XsBEIlNF-345x460.jpg 345w, https:\/\/infoecos.com.ar\/wp-content\/uploads\/2021\/10\/FCRI-39XsBEIlNF-690x920.jpg 690w, https:\/\/infoecos.com.ar\/wp-content\/uploads\/2021\/10\/FCRI-39XsBEIlNF-768x1024.jpg 768w, https:\/\/infoecos.com.ar\/wp-content\/uploads\/2021\/10\/FCRI-39XsBEIlNF-1152x1536.jpg 1152w, https:\/\/infoecos.com.ar\/wp-content\/uploads\/2021\/10\/FCRI-39XsBEIlNF-1024x1365.jpg 1024w, https:\/\/infoecos.com.ar\/wp-content\/uploads\/2021\/10\/FCRI-39XsBEIlNF.jpg 1200w\" sizes=\"(max-width: 345px) 100vw, 345px\" \/><\/figure><\/div>\n\n\n\n<p>La dirigente juninense de profesi\u00f3n Contadora P\u00fablica Nacional, integra la lista de candidatos a legisladores nacionales que encabeza Diego Santilli. Llega a esa instancia despu\u00e9s de haber participado en las PASO acompa\u00f1ando a Facundo Manes en la corriente denominada Dar el Paso. <\/p>\n","protected":false},"excerpt":{"rendered":"<p>La primera actividad que desarrollar\u00e1 ser\u00e1 en el comit\u00e9 radical, para ofrecer una conferencia de prensa<\/p>\n","protected":false},"author":2,"featured_media":88658,"comment_status":"closed","ping_status":"open","sticky":false,"template":"","format":"standard","meta":{"footnotes":""},"categories":[47],"tags":[3028],"class_list":["post-88657","post","type-post","status-publish","format-standard","has-post-thumbnail","hentry","category-c3nota2","tag-elecciones-2021"],"yoast_head":"<!-- This site is optimized with the Yoast SEO plugin v23.4 - https:\/\/yoast.com\/wordpress\/plugins\/seo\/ -->\n<title>La candidata a Diputada Nacional por Juntos de la provincia de Buenos Aires, este lunes, en Trenque Lauquen - Infoecos<\/title>\n<meta name=\"robots\" content=\"index, follow, max-snippet:-1, max-image-preview:large, max-video-preview:-1\" \/>\n<link rel=\"canonical\" href=\"https:\/\/infoecos.com.ar\/index.php\/la-candidata-a-diputada-nacional-por-juntos-de-la-provincia-de-buenos-aires-este-sabado-en-trenque-lauquen\/\" \/>\n<meta property=\"og:locale\" content=\"es_ES\" \/>\n<meta property=\"og:type\" content=\"article\" \/>\n<meta property=\"og:title\" content=\"La candidata a Diputada Nacional por Juntos de la provincia de Buenos Aires, este lunes, en Trenque Lauquen - Infoecos\" \/>\n<meta property=\"og:description\" content=\"La primera actividad que desarrollar\u00e1 ser\u00e1 en el comit\u00e9 radical, para ofrecer una conferencia de prensa\" \/>\n<meta property=\"og:url\" content=\"https:\/\/infoecos.com.ar\/index.php\/la-candidata-a-diputada-nacional-por-juntos-de-la-provincia-de-buenos-aires-este-sabado-en-trenque-lauquen\/\" \/>\n<meta property=\"og:site_name\" content=\"Infoecos\" \/>\n<meta property=\"article:publisher\" content=\"https:\/\/www.facebook.com\/profile.php?id=100063200290284\" \/>\n<meta property=\"article:published_time\" content=\"2021-10-22T19:34:02+00:00\" \/>\n<meta property=\"article:modified_time\" content=\"2021-10-22T20:37:01+00:00\" \/>\n<meta property=\"og:image\" content=\"https:\/\/infoecos.com.ar\/wp-content\/uploads\/2021\/10\/FCRI9knWUAECEfs.jpg\" \/>\n\t<meta property=\"og:image:width\" content=\"1080\" \/>\n\t<meta property=\"og:image:height\" content=\"607\" \/>\n\t<meta property=\"og:image:type\" content=\"image\/jpeg\" \/>\n<meta name=\"author\" content=\"Jorge Matheus\" \/>\n<meta name=\"twitter:card\" content=\"summary_large_image\" \/>\n<meta name=\"twitter:creator\" content=\"@infoecos\" \/>\n<meta name=\"twitter:site\" content=\"@infoecos\" \/>\n<meta name=\"twitter:label1\" content=\"Escrito por\" \/>\n\t<meta name=\"twitter:data1\" content=\"Jorge Matheus\" \/>\n\t<meta name=\"twitter:label2\" content=\"Tiempo de lectura\" \/>\n\t<meta name=\"twitter:data2\" content=\"1 minuto\" \/>\n<script type=\"application\/ld+json\" class=\"yoast-schema-graph\">{\"@context\":\"https:\/\/schema.org\",\"@graph\":[{\"@type\":\"Article\",\"@id\":\"https:\/\/infoecos.com.ar\/index.php\/la-candidata-a-diputada-nacional-por-juntos-de-la-provincia-de-buenos-aires-este-sabado-en-trenque-lauquen\/#article\",\"isPartOf\":{\"@id\":\"https:\/\/infoecos.com.ar\/index.php\/la-candidata-a-diputada-nacional-por-juntos-de-la-provincia-de-buenos-aires-este-sabado-en-trenque-lauquen\/\"},\"author\":{\"name\":\"Jorge Matheus\",\"@id\":\"https:\/\/infoecos.com.ar\/#\/schema\/person\/8f5ace5ce73b4b4aac4b7245aee6f191\"},\"headline\":\"La candidata a Diputada Nacional por Juntos de la provincia de Buenos Aires, este lunes, en Trenque Lauquen\",\"datePublished\":\"2021-10-22T19:34:02+00:00\",\"dateModified\":\"2021-10-22T20:37:01+00:00\",\"mainEntityOfPage\":{\"@id\":\"https:\/\/infoecos.com.ar\/index.php\/la-candidata-a-diputada-nacional-por-juntos-de-la-provincia-de-buenos-aires-este-sabado-en-trenque-lauquen\/\"},\"wordCount\":134,\"publisher\":{\"@id\":\"https:\/\/infoecos.com.ar\/#organization\"},\"image\":{\"@id\":\"https:\/\/infoecos.com.ar\/index.php\/la-candidata-a-diputada-nacional-por-juntos-de-la-provincia-de-buenos-aires-este-sabado-en-trenque-lauquen\/#primaryimage\"},\"thumbnailUrl\":\"https:\/\/infoecos.com.ar\/wp-content\/uploads\/2021\/10\/FCRI9knWUAECEfs.jpg\",\"keywords\":[\"Elecciones 2021\"],\"articleSection\":[\"C3 N2\"],\"inLanguage\":\"es\"},{\"@type\":\"WebPage\",\"@id\":\"https:\/\/infoecos.com.ar\/index.php\/la-candidata-a-diputada-nacional-por-juntos-de-la-provincia-de-buenos-aires-este-sabado-en-trenque-lauquen\/\",\"url\":\"https:\/\/infoecos.com.ar\/index.php\/la-candidata-a-diputada-nacional-por-juntos-de-la-provincia-de-buenos-aires-este-sabado-en-trenque-lauquen\/\",\"name\":\"La candidata a Diputada Nacional por Juntos de la provincia de Buenos Aires, este lunes, en Trenque Lauquen - Infoecos\",\"isPartOf\":{\"@id\":\"https:\/\/infoecos.com.ar\/#website\"},\"primaryImageOfPage\":{\"@id\":\"https:\/\/infoecos.com.ar\/index.php\/la-candidata-a-diputada-nacional-por-juntos-de-la-provincia-de-buenos-aires-este-sabado-en-trenque-lauquen\/#primaryimage\"},\"image\":{\"@id\":\"https:\/\/infoecos.com.ar\/index.php\/la-candidata-a-diputada-nacional-por-juntos-de-la-provincia-de-buenos-aires-este-sabado-en-trenque-lauquen\/#primaryimage\"},\"thumbnailUrl\":\"https:\/\/infoecos.com.ar\/wp-content\/uploads\/2021\/10\/FCRI9knWUAECEfs.jpg\",\"datePublished\":\"2021-10-22T19:34:02+00:00\",\"dateModified\":\"2021-10-22T20:37:01+00:00\",\"breadcrumb\":{\"@id\":\"https:\/\/infoecos.com.ar\/index.php\/la-candidata-a-diputada-nacional-por-juntos-de-la-provincia-de-buenos-aires-este-sabado-en-trenque-lauquen\/#breadcrumb\"},\"inLanguage\":\"es\",\"potentialAction\":[{\"@type\":\"ReadAction\",\"target\":[\"https:\/\/infoecos.com.ar\/index.php\/la-candidata-a-diputada-nacional-por-juntos-de-la-provincia-de-buenos-aires-este-sabado-en-trenque-lauquen\/\"]}]},{\"@type\":\"ImageObject\",\"inLanguage\":\"es\",\"@id\":\"https:\/\/infoecos.com.ar\/index.php\/la-candidata-a-diputada-nacional-por-juntos-de-la-provincia-de-buenos-aires-este-sabado-en-trenque-lauquen\/#primaryimage\",\"url\":\"https:\/\/infoecos.com.ar\/wp-content\/uploads\/2021\/10\/FCRI9knWUAECEfs.jpg\",\"contentUrl\":\"https:\/\/infoecos.com.ar\/wp-content\/uploads\/2021\/10\/FCRI9knWUAECEfs.jpg\",\"width\":1080,\"height\":607},{\"@type\":\"BreadcrumbList\",\"@id\":\"https:\/\/infoecos.com.ar\/index.php\/la-candidata-a-diputada-nacional-por-juntos-de-la-provincia-de-buenos-aires-este-sabado-en-trenque-lauquen\/#breadcrumb\",\"itemListElement\":[{\"@type\":\"ListItem\",\"position\":1,\"name\":\"Portada\",\"item\":\"https:\/\/infoecos.com.ar\/\"},{\"@type\":\"ListItem\",\"position\":2,\"name\":\"La candidata a Diputada Nacional por Juntos de la provincia de Buenos Aires, este lunes, en Trenque Lauquen\"}]},{\"@type\":\"WebSite\",\"@id\":\"https:\/\/infoecos.com.ar\/#website\",\"url\":\"https:\/\/infoecos.com.ar\/\",\"name\":\"Infoecos\",\"description\":\"Noticias de trenque lauquen y la zona\",\"publisher\":{\"@id\":\"https:\/\/infoecos.com.ar\/#organization\"},\"alternateName\":\"Noticias\",\"potentialAction\":[{\"@type\":\"SearchAction\",\"target\":{\"@type\":\"EntryPoint\",\"urlTemplate\":\"https:\/\/infoecos.com.ar\/?s={search_term_string}\"},\"query-input\":{\"@type\":\"PropertyValueSpecification\",\"valueRequired\":true,\"valueName\":\"search_term_string\"}}],\"inLanguage\":\"es\"},{\"@type\":\"Organization\",\"@id\":\"https:\/\/infoecos.com.ar\/#organization\",\"name\":\"Infoecos\",\"alternateName\":\"Noticias\",\"url\":\"https:\/\/infoecos.com.ar\/\",\"logo\":{\"@type\":\"ImageObject\",\"inLanguage\":\"es\",\"@id\":\"https:\/\/infoecos.com.ar\/#\/schema\/logo\/image\/\",\"url\":\"https:\/\/infoecos.com.ar\/wp-content\/uploads\/2024\/03\/cropped-logo.png\",\"contentUrl\":\"https:\/\/infoecos.com.ar\/wp-content\/uploads\/2024\/03\/cropped-logo.png\",\"width\":374,\"height\":90,\"caption\":\"Infoecos\"},\"image\":{\"@id\":\"https:\/\/infoecos.com.ar\/#\/schema\/logo\/image\/\"},\"sameAs\":[\"https:\/\/www.facebook.com\/profile.php?id=100063200290284\",\"https:\/\/x.com\/infoecos\"]},{\"@type\":\"Person\",\"@id\":\"https:\/\/infoecos.com.ar\/#\/schema\/person\/8f5ace5ce73b4b4aac4b7245aee6f191\",\"name\":\"Jorge Matheus\",\"url\":\"https:\/\/infoecos.com.ar\/index.php\/author\/jomatheus\/\"}]}<\/script>\n<!-- \/ Yoast SEO plugin. -->","yoast_head_json":{"title":"La candidata a Diputada Nacional por Juntos de la provincia de Buenos Aires, este lunes, en Trenque Lauquen - Infoecos","robots":{"index":"index","follow":"follow","max-snippet":"max-snippet:-1","max-image-preview":"max-image-preview:large","max-video-preview":"max-video-preview:-1"},"canonical":"https:\/\/infoecos.com.ar\/index.php\/la-candidata-a-diputada-nacional-por-juntos-de-la-provincia-de-buenos-aires-este-sabado-en-trenque-lauquen\/","og_locale":"es_ES","og_type":"article","og_title":"La candidata a Diputada Nacional por Juntos de la provincia de Buenos Aires, este lunes, en Trenque Lauquen - Infoecos","og_description":"La primera actividad que desarrollar\u00e1 ser\u00e1 en el comit\u00e9 radical, para ofrecer una conferencia de prensa","og_url":"https:\/\/infoecos.com.ar\/index.php\/la-candidata-a-diputada-nacional-por-juntos-de-la-provincia-de-buenos-aires-este-sabado-en-trenque-lauquen\/","og_site_name":"Infoecos","article_publisher":"https:\/\/www.facebook.com\/profile.php?id=100063200290284","article_published_time":"2021-10-22T19:34:02+00:00","article_modified_time":"2021-10-22T20:37:01+00:00","og_image":[{"width":1080,"height":607,"url":"https:\/\/infoecos.com.ar\/wp-content\/uploads\/2021\/10\/FCRI9knWUAECEfs.jpg","type":"image\/jpeg"}],"author":"Jorge Matheus","twitter_card":"summary_large_image","twitter_creator":"@infoecos","twitter_site":"@infoecos","twitter_misc":{"Escrito por":"Jorge Matheus","Tiempo de lectura":"1 minuto"},"schema":{"@context":"https:\/\/schema.org","@graph":[{"@type":"Article","@id":"https:\/\/infoecos.com.ar\/index.php\/la-candidata-a-diputada-nacional-por-juntos-de-la-provincia-de-buenos-aires-este-sabado-en-trenque-lauquen\/#article","isPartOf":{"@id":"https:\/\/infoecos.com.ar\/index.php\/la-candidata-a-diputada-nacional-por-juntos-de-la-provincia-de-buenos-aires-este-sabado-en-trenque-lauquen\/"},"author":{"name":"Jorge Matheus","@id":"https:\/\/infoecos.com.ar\/#\/schema\/person\/8f5ace5ce73b4b4aac4b7245aee6f191"},"headline":"La candidata a Diputada Nacional por Juntos de la provincia de Buenos Aires, este lunes, en Trenque Lauquen","datePublished":"2021-10-22T19:34:02+00:00","dateModified":"2021-10-22T20:37:01+00:00","mainEntityOfPage":{"@id":"https:\/\/infoecos.com.ar\/index.php\/la-candidata-a-diputada-nacional-por-juntos-de-la-provincia-de-buenos-aires-este-sabado-en-trenque-lauquen\/"},"wordCount":134,"publisher":{"@id":"https:\/\/infoecos.com.ar\/#organization"},"image":{"@id":"https:\/\/infoecos.com.ar\/index.php\/la-candidata-a-diputada-nacional-por-juntos-de-la-provincia-de-buenos-aires-este-sabado-en-trenque-lauquen\/#primaryimage"},"thumbnailUrl":"https:\/\/infoecos.com.ar\/wp-content\/uploads\/2021\/10\/FCRI9knWUAECEfs.jpg","keywords":["Elecciones 2021"],"articleSection":["C3 N2"],"inLanguage":"es"},{"@type":"WebPage","@id":"https:\/\/infoecos.com.ar\/index.php\/la-candidata-a-diputada-nacional-por-juntos-de-la-provincia-de-buenos-aires-este-sabado-en-trenque-lauquen\/","url":"https:\/\/infoecos.com.ar\/index.php\/la-candidata-a-diputada-nacional-por-juntos-de-la-provincia-de-buenos-aires-este-sabado-en-trenque-lauquen\/","name":"La candidata a Diputada Nacional por Juntos de la provincia de Buenos Aires, este lunes, en Trenque Lauquen - Infoecos","isPartOf":{"@id":"https:\/\/infoecos.com.ar\/#website"},"primaryImageOfPage":{"@id":"https:\/\/infoecos.com.ar\/index.php\/la-candidata-a-diputada-nacional-por-juntos-de-la-provincia-de-buenos-aires-este-sabado-en-trenque-lauquen\/#primaryimage"},"image":{"@id":"https:\/\/infoecos.com.ar\/index.php\/la-candidata-a-diputada-nacional-por-juntos-de-la-provincia-de-buenos-aires-este-sabado-en-trenque-lauquen\/#primaryimage"},"thumbnailUrl":"https:\/\/infoecos.com.ar\/wp-content\/uploads\/2021\/10\/FCRI9knWUAECEfs.jpg","datePublished":"2021-10-22T19:34:02+00:00","dateModified":"2021-10-22T20:37:01+00:00","breadcrumb":{"@id":"https:\/\/infoecos.com.ar\/index.php\/la-candidata-a-diputada-nacional-por-juntos-de-la-provincia-de-buenos-aires-este-sabado-en-trenque-lauquen\/#breadcrumb"},"inLanguage":"es","potentialAction":[{"@type":"ReadAction","target":["https:\/\/infoecos.com.ar\/index.php\/la-candidata-a-diputada-nacional-por-juntos-de-la-provincia-de-buenos-aires-este-sabado-en-trenque-lauquen\/"]}]},{"@type":"ImageObject","inLanguage":"es","@id":"https:\/\/infoecos.com.ar\/index.php\/la-candidata-a-diputada-nacional-por-juntos-de-la-provincia-de-buenos-aires-este-sabado-en-trenque-lauquen\/#primaryimage","url":"https:\/\/infoecos.com.ar\/wp-content\/uploads\/2021\/10\/FCRI9knWUAECEfs.jpg","contentUrl":"https:\/\/infoecos.com.ar\/wp-content\/uploads\/2021\/10\/FCRI9knWUAECEfs.jpg","width":1080,"height":607},{"@type":"BreadcrumbList","@id":"https:\/\/infoecos.com.ar\/index.php\/la-candidata-a-diputada-nacional-por-juntos-de-la-provincia-de-buenos-aires-este-sabado-en-trenque-lauquen\/#breadcrumb","itemListElement":[{"@type":"ListItem","position":1,"name":"Portada","item":"https:\/\/infoecos.com.ar\/"},{"@type":"ListItem","position":2,"name":"La candidata a Diputada Nacional por Juntos de la provincia de Buenos Aires, este lunes, en Trenque Lauquen"}]},{"@type":"WebSite","@id":"https:\/\/infoecos.com.ar\/#website","url":"https:\/\/infoecos.com.ar\/","name":"Infoecos","description":"Noticias de trenque lauquen y la zona","publisher":{"@id":"https:\/\/infoecos.com.ar\/#organization"},"alternateName":"Noticias","potentialAction":[{"@type":"SearchAction","target":{"@type":"EntryPoint","urlTemplate":"https:\/\/infoecos.com.ar\/?s={search_term_string}"},"query-input":{"@type":"PropertyValueSpecification","valueRequired":true,"valueName":"search_term_string"}}],"inLanguage":"es"},{"@type":"Organization","@id":"https:\/\/infoecos.com.ar\/#organization","name":"Infoecos","alternateName":"Noticias","url":"https:\/\/infoecos.com.ar\/","logo":{"@type":"ImageObject","inLanguage":"es","@id":"https:\/\/infoecos.com.ar\/#\/schema\/logo\/image\/","url":"https:\/\/infoecos.com.ar\/wp-content\/uploads\/2024\/03\/cropped-logo.png","contentUrl":"https:\/\/infoecos.com.ar\/wp-content\/uploads\/2024\/03\/cropped-logo.png","width":374,"height":90,"caption":"Infoecos"},"image":{"@id":"https:\/\/infoecos.com.ar\/#\/schema\/logo\/image\/"},"sameAs":["https:\/\/www.facebook.com\/profile.php?id=100063200290284","https:\/\/x.com\/infoecos"]},{"@type":"Person","@id":"https:\/\/infoecos.com.ar\/#\/schema\/person\/8f5ace5ce73b4b4aac4b7245aee6f191","name":"Jorge Matheus","url":"https:\/\/infoecos.com.ar\/index.php\/author\/jomatheus\/"}]}},"featured_image_urls":{"full":["https:\/\/infoecos.com.ar\/wp-content\/uploads\/2021\/10\/FCRI9knWUAECEfs.jpg",1080,607,false],"thumbnail":["https:\/\/infoecos.com.ar\/wp-content\/uploads\/2021\/10\/FCRI9knWUAECEfs-150x150.jpg",150,150,true],"medium":["https:\/\/infoecos.com.ar\/wp-content\/uploads\/2021\/10\/FCRI9knWUAECEfs-460x259.jpg",460,259,true],"medium_large":["https:\/\/infoecos.com.ar\/wp-content\/uploads\/2021\/10\/FCRI9knWUAECEfs-768x432.jpg",640,360,true],"large":["https:\/\/infoecos.com.ar\/wp-content\/uploads\/2021\/10\/FCRI9knWUAECEfs-920x517.jpg",640,360,true],"1536x1536":["https:\/\/infoecos.com.ar\/wp-content\/uploads\/2021\/10\/FCRI9knWUAECEfs.jpg",1080,607,false],"2048x2048":["https:\/\/infoecos.com.ar\/wp-content\/uploads\/2021\/10\/FCRI9knWUAECEfs.jpg",1080,607,false],"covernews-slider-full":["https:\/\/infoecos.com.ar\/wp-content\/uploads\/2021\/10\/FCRI9knWUAECEfs.jpg",1080,607,false],"covernews-slider-center":["https:\/\/infoecos.com.ar\/wp-content\/uploads\/2021\/10\/FCRI9knWUAECEfs-936x607.jpg",771,500,true],"covernews-featured":["https:\/\/infoecos.com.ar\/wp-content\/uploads\/2021\/10\/FCRI9knWUAECEfs-1024x576.jpg",1024,576,true],"covernews-medium":["https:\/\/infoecos.com.ar\/wp-content\/uploads\/2021\/10\/FCRI9knWUAECEfs-720x380.jpg",540,285,true],"covernews-medium-square":["https:\/\/infoecos.com.ar\/wp-content\/uploads\/2021\/10\/FCRI9knWUAECEfs-675x450.jpg",375,250,true]},"author_info":{"info":["Jorge Matheus"]},"category_info":"<a href=\"https:\/\/infoecos.com.ar\/index.php\/category\/c3nota2\/\" rel=\"category tag\">C3 N2<\/a>","tag_info":"C3 N2","comment_count":"0","_links":{"self":[{"href":"https:\/\/infoecos.com.ar\/index.php\/wp-json\/wp\/v2\/posts\/88657"}],"collection":[{"href":"https:\/\/infoecos.com.ar\/index.php\/wp-json\/wp\/v2\/posts"}],"about":[{"href":"https:\/\/infoecos.com.ar\/index.php\/wp-json\/wp\/v2\/types\/post"}],"author":[{"embeddable":true,"href":"https:\/\/infoecos.com.ar\/index.php\/wp-json\/wp\/v2\/users\/2"}],"replies":[{"embeddable":true,"href":"https:\/\/infoecos.com.ar\/index.php\/wp-json\/wp\/v2\/comments?post=88657"}],"version-history":[{"count":3,"href":"https:\/\/infoecos.com.ar\/index.php\/wp-json\/wp\/v2\/posts\/88657\/revisions"}],"predecessor-version":[{"id":88668,"href":"https:\/\/infoecos.com.ar\/index.php\/wp-json\/wp\/v2\/posts\/88657\/revisions\/88668"}],"wp:featuredmedia":[{"embeddable":true,"href":"https:\/\/infoecos.com.ar\/index.php\/wp-json\/wp\/v2\/media\/88658"}],"wp:attachment":[{"href":"https:\/\/infoecos.com.ar\/index.php\/wp-json\/wp\/v2\/media?parent=88657"}],"wp:term":[{"taxonomy":"category","embeddable":true,"href":"https:\/\/infoecos.com.ar\/index.php\/wp-json\/wp\/v2\/categories?post=88657"},{"taxonomy":"post_tag","embeddable":true,"href":"https:\/\/infoecos.com.ar\/index.php\/wp-json\/wp\/v2\/tags?post=88657"}],"curies":[{"name":"wp","href":"https:\/\/api.w.org\/{rel}","templated":true}]}}