{"id":88662,"date":"2021-10-22T17:01:21","date_gmt":"2021-10-22T20:01:21","guid":{"rendered":"http:\/\/infoecos.com.ar\/?p=88662"},"modified":"2021-10-25T02:37:18","modified_gmt":"2021-10-25T05:37:18","slug":"cuento-del-tio-positiva-accion-investigativa-de-la-policia-derivo-en-un-allanamiento-en-caba","status":"publish","type":"post","link":"https:\/\/infoecos.com.ar\/index.php\/cuento-del-tio-positiva-accion-investigativa-de-la-policia-derivo-en-un-allanamiento-en-caba\/","title":{"rendered":"\u00abCuento del T\u00edo\u00bb: positiva acci\u00f3n investigativa de la Polic\u00eda deriv\u00f3 en un allanamiento en CABA"},"content":{"rendered":"\n<p>Efectivos del Gabinete T\u00e9cnico Investigativo ( GTO) de la Comisar\u00eda Primera de Trenque Lauquen, junto con efectivos de la DDI con la colaboraci\u00f3n de funcionarios de la Polic\u00eda de la Ciudad Aut\u00f3noma de Buenos Aires allanaron una vivienda ubicada en la calle Pola 2133 del Barrio de Mataderos. La acci\u00f3n de las fuerzas de seguridad se desarrollaron en el marco de una investigaci\u00f3n que se desarrolla por una causa caratulada Estafa, dirigida por la UFI n\u00famero 4 a cargo del doctor Walter Vicente. La orden de allanamiento fue dispuesta por la Jueza de Garant\u00edas, doctora Alicia Cardossi, y los responsables de ejecutarla fueron el Oficial Inspector, Jos\u00e9 Pereyra, y del Oficial Sub Ayudante, Federico P\u00e9rez. <\/p>\n\n\n\n<div class=\"wp-block-image is-style-default\"><figure class=\"aligncenter size-medium\"><img loading=\"lazy\" decoding=\"async\" width=\"460\" height=\"345\" src=\"http:\/\/infoecos.com.ar\/wp-content\/uploads\/2021\/10\/ddibassssss-1-460x345.jpg\" alt=\"\" class=\"wp-image-88664\" srcset=\"https:\/\/infoecos.com.ar\/wp-content\/uploads\/2021\/10\/ddibassssss-1-460x345.jpg 460w, https:\/\/infoecos.com.ar\/wp-content\/uploads\/2021\/10\/ddibassssss-1-920x690.jpg 920w, https:\/\/infoecos.com.ar\/wp-content\/uploads\/2021\/10\/ddibassssss-1-768x576.jpg 768w, https:\/\/infoecos.com.ar\/wp-content\/uploads\/2021\/10\/ddibassssss-1-1024x768.jpg 1024w, https:\/\/infoecos.com.ar\/wp-content\/uploads\/2021\/10\/ddibassssss-1.jpg 1032w\" sizes=\"(max-width: 460px) 100vw, 460px\" \/><\/figure><\/div>\n\n\n\n<p>Se procedi\u00f3 al secuestro de tel\u00e9fonos celulares, los cuales permiten continuar con el desarrollo investigativo.<\/p>\n\n\n\n<p>El delito que se investiga fue cometido bajo la modalidad \u00abCuento del T\u00edo\u00bb, en la fue v\u00edctima una abuela de 86 a\u00f1os que hizo entrega de 9.645 d\u00f3lares y varias alhajas de oro. La persona que se encuentra imputado es Marcelo Romero de 40 a\u00f1os, est\u00e1 detenido en el marco de otra causa de la misma \u00edndole, tambi\u00e9n cometida en Trenque Lauquen, durante el mes de Agosto.<\/p>\n\n\n\n<div class=\"wp-block-image is-style-default\"><figure class=\"aligncenter size-medium\"><img loading=\"lazy\" decoding=\"async\" width=\"345\" height=\"460\" src=\"http:\/\/infoecos.com.ar\/wp-content\/uploads\/2021\/10\/ddibsa-345x460.jpg\" alt=\"\" class=\"wp-image-88665\" srcset=\"https:\/\/infoecos.com.ar\/wp-content\/uploads\/2021\/10\/ddibsa-345x460.jpg 345w, https:\/\/infoecos.com.ar\/wp-content\/uploads\/2021\/10\/ddibsa-690x920.jpg 690w, https:\/\/infoecos.com.ar\/wp-content\/uploads\/2021\/10\/ddibsa-768x1024.jpg 768w, https:\/\/infoecos.com.ar\/wp-content\/uploads\/2021\/10\/ddibsa.jpg 774w\" sizes=\"(max-width: 345px) 100vw, 345px\" \/><\/figure><\/div>\n\n\n\n<p>Romero fue aprehendido, despu\u00e9s de cometer el hecho, en el Hotel Trenque Lauquen por efectivos de la Comisar\u00eda Primera y de la DDI en un allanamiento donde se le secuestr\u00f3 dinero en efectivo, joyas y una pistola Glok, calibre 45. En esa oportunidad, se inform\u00f3, tambi\u00e9n fue una abuela octogenaria, la cual le hab\u00eda entregado 100 mil pesos, 500 d\u00f3lares y joyas. <br><\/p>\n","protected":false},"excerpt":{"rendered":"<p>La persona que se encuentra imputado es Marcelo Romero de 40 a\u00f1os, est\u00e1 detenido en el marco de otra causa de la misma \u00edndole<\/p>\n","protected":false},"author":2,"featured_media":88666,"comment_status":"closed","ping_status":"open","sticky":false,"template":"","format":"standard","meta":{"footnotes":""},"categories":[1614],"tags":[5520],"class_list":["post-88662","post","type-post","status-publish","format-standard","has-post-thumbnail","hentry","category-c2nota7","tag-hay-un-aprehendido"],"yoast_head":"<!-- This site is optimized with the Yoast SEO plugin v23.4 - https:\/\/yoast.com\/wordpress\/plugins\/seo\/ -->\n<title>&quot;Cuento del T\u00edo&quot;: positiva acci\u00f3n investigativa de la Polic\u00eda deriv\u00f3 en un allanamiento en CABA - Infoecos<\/title>\n<meta name=\"robots\" content=\"index, follow, max-snippet:-1, max-image-preview:large, max-video-preview:-1\" \/>\n<link rel=\"canonical\" href=\"https:\/\/infoecos.com.ar\/index.php\/cuento-del-tio-positiva-accion-investigativa-de-la-policia-derivo-en-un-allanamiento-en-caba\/\" \/>\n<meta property=\"og:locale\" content=\"es_ES\" \/>\n<meta property=\"og:type\" content=\"article\" \/>\n<meta property=\"og:title\" content=\"&quot;Cuento del T\u00edo&quot;: positiva acci\u00f3n investigativa de la Polic\u00eda deriv\u00f3 en un allanamiento en CABA - Infoecos\" \/>\n<meta property=\"og:description\" content=\"La persona que se encuentra imputado es Marcelo Romero de 40 a\u00f1os, est\u00e1 detenido en el marco de otra causa de la misma \u00edndole\" \/>\n<meta property=\"og:url\" content=\"https:\/\/infoecos.com.ar\/index.php\/cuento-del-tio-positiva-accion-investigativa-de-la-policia-derivo-en-un-allanamiento-en-caba\/\" \/>\n<meta property=\"og:site_name\" content=\"Infoecos\" \/>\n<meta property=\"article:publisher\" content=\"https:\/\/www.facebook.com\/profile.php?id=100063200290284\" \/>\n<meta property=\"article:published_time\" content=\"2021-10-22T20:01:21+00:00\" \/>\n<meta property=\"article:modified_time\" content=\"2021-10-25T05:37:18+00:00\" \/>\n<meta property=\"og:image\" content=\"https:\/\/infoecos.com.ar\/wp-content\/uploads\/2021\/10\/ddibassssss-2.jpg\" \/>\n\t<meta property=\"og:image:width\" content=\"1032\" \/>\n\t<meta property=\"og:image:height\" content=\"774\" \/>\n\t<meta property=\"og:image:type\" content=\"image\/jpeg\" \/>\n<meta name=\"author\" content=\"Jorge Matheus\" \/>\n<meta name=\"twitter:card\" content=\"summary_large_image\" \/>\n<meta name=\"twitter:creator\" content=\"@infoecos\" \/>\n<meta name=\"twitter:site\" content=\"@infoecos\" \/>\n<meta name=\"twitter:label1\" content=\"Escrito por\" \/>\n\t<meta name=\"twitter:data1\" content=\"Jorge Matheus\" \/>\n\t<meta name=\"twitter:label2\" content=\"Tiempo de lectura\" \/>\n\t<meta name=\"twitter:data2\" content=\"1 minuto\" \/>\n<script type=\"application\/ld+json\" class=\"yoast-schema-graph\">{\"@context\":\"https:\/\/schema.org\",\"@graph\":[{\"@type\":\"Article\",\"@id\":\"https:\/\/infoecos.com.ar\/index.php\/cuento-del-tio-positiva-accion-investigativa-de-la-policia-derivo-en-un-allanamiento-en-caba\/#article\",\"isPartOf\":{\"@id\":\"https:\/\/infoecos.com.ar\/index.php\/cuento-del-tio-positiva-accion-investigativa-de-la-policia-derivo-en-un-allanamiento-en-caba\/\"},\"author\":{\"name\":\"Jorge Matheus\",\"@id\":\"https:\/\/infoecos.com.ar\/#\/schema\/person\/8f5ace5ce73b4b4aac4b7245aee6f191\"},\"headline\":\"\u00abCuento del T\u00edo\u00bb: positiva acci\u00f3n investigativa de la Polic\u00eda deriv\u00f3 en un allanamiento en CABA\",\"datePublished\":\"2021-10-22T20:01:21+00:00\",\"dateModified\":\"2021-10-25T05:37:18+00:00\",\"mainEntityOfPage\":{\"@id\":\"https:\/\/infoecos.com.ar\/index.php\/cuento-del-tio-positiva-accion-investigativa-de-la-policia-derivo-en-un-allanamiento-en-caba\/\"},\"wordCount\":290,\"publisher\":{\"@id\":\"https:\/\/infoecos.com.ar\/#organization\"},\"image\":{\"@id\":\"https:\/\/infoecos.com.ar\/index.php\/cuento-del-tio-positiva-accion-investigativa-de-la-policia-derivo-en-un-allanamiento-en-caba\/#primaryimage\"},\"thumbnailUrl\":\"https:\/\/infoecos.com.ar\/wp-content\/uploads\/2021\/10\/ddibassssss-2.jpg\",\"keywords\":[\"hay un aprehendido\"],\"articleSection\":[\"C2 N7\"],\"inLanguage\":\"es\"},{\"@type\":\"WebPage\",\"@id\":\"https:\/\/infoecos.com.ar\/index.php\/cuento-del-tio-positiva-accion-investigativa-de-la-policia-derivo-en-un-allanamiento-en-caba\/\",\"url\":\"https:\/\/infoecos.com.ar\/index.php\/cuento-del-tio-positiva-accion-investigativa-de-la-policia-derivo-en-un-allanamiento-en-caba\/\",\"name\":\"\\\"Cuento del T\u00edo\\\": positiva acci\u00f3n investigativa de la Polic\u00eda deriv\u00f3 en un allanamiento en CABA - Infoecos\",\"isPartOf\":{\"@id\":\"https:\/\/infoecos.com.ar\/#website\"},\"primaryImageOfPage\":{\"@id\":\"https:\/\/infoecos.com.ar\/index.php\/cuento-del-tio-positiva-accion-investigativa-de-la-policia-derivo-en-un-allanamiento-en-caba\/#primaryimage\"},\"image\":{\"@id\":\"https:\/\/infoecos.com.ar\/index.php\/cuento-del-tio-positiva-accion-investigativa-de-la-policia-derivo-en-un-allanamiento-en-caba\/#primaryimage\"},\"thumbnailUrl\":\"https:\/\/infoecos.com.ar\/wp-content\/uploads\/2021\/10\/ddibassssss-2.jpg\",\"datePublished\":\"2021-10-22T20:01:21+00:00\",\"dateModified\":\"2021-10-25T05:37:18+00:00\",\"breadcrumb\":{\"@id\":\"https:\/\/infoecos.com.ar\/index.php\/cuento-del-tio-positiva-accion-investigativa-de-la-policia-derivo-en-un-allanamiento-en-caba\/#breadcrumb\"},\"inLanguage\":\"es\",\"potentialAction\":[{\"@type\":\"ReadAction\",\"target\":[\"https:\/\/infoecos.com.ar\/index.php\/cuento-del-tio-positiva-accion-investigativa-de-la-policia-derivo-en-un-allanamiento-en-caba\/\"]}]},{\"@type\":\"ImageObject\",\"inLanguage\":\"es\",\"@id\":\"https:\/\/infoecos.com.ar\/index.php\/cuento-del-tio-positiva-accion-investigativa-de-la-policia-derivo-en-un-allanamiento-en-caba\/#primaryimage\",\"url\":\"https:\/\/infoecos.com.ar\/wp-content\/uploads\/2021\/10\/ddibassssss-2.jpg\",\"contentUrl\":\"https:\/\/infoecos.com.ar\/wp-content\/uploads\/2021\/10\/ddibassssss-2.jpg\",\"width\":1032,\"height\":774},{\"@type\":\"BreadcrumbList\",\"@id\":\"https:\/\/infoecos.com.ar\/index.php\/cuento-del-tio-positiva-accion-investigativa-de-la-policia-derivo-en-un-allanamiento-en-caba\/#breadcrumb\",\"itemListElement\":[{\"@type\":\"ListItem\",\"position\":1,\"name\":\"Portada\",\"item\":\"https:\/\/infoecos.com.ar\/\"},{\"@type\":\"ListItem\",\"position\":2,\"name\":\"\u00abCuento del T\u00edo\u00bb: positiva acci\u00f3n investigativa de la Polic\u00eda deriv\u00f3 en un allanamiento en CABA\"}]},{\"@type\":\"WebSite\",\"@id\":\"https:\/\/infoecos.com.ar\/#website\",\"url\":\"https:\/\/infoecos.com.ar\/\",\"name\":\"Infoecos\",\"description\":\"Noticias de trenque lauquen y la zona\",\"publisher\":{\"@id\":\"https:\/\/infoecos.com.ar\/#organization\"},\"alternateName\":\"Noticias\",\"potentialAction\":[{\"@type\":\"SearchAction\",\"target\":{\"@type\":\"EntryPoint\",\"urlTemplate\":\"https:\/\/infoecos.com.ar\/?s={search_term_string}\"},\"query-input\":{\"@type\":\"PropertyValueSpecification\",\"valueRequired\":true,\"valueName\":\"search_term_string\"}}],\"inLanguage\":\"es\"},{\"@type\":\"Organization\",\"@id\":\"https:\/\/infoecos.com.ar\/#organization\",\"name\":\"Infoecos\",\"alternateName\":\"Noticias\",\"url\":\"https:\/\/infoecos.com.ar\/\",\"logo\":{\"@type\":\"ImageObject\",\"inLanguage\":\"es\",\"@id\":\"https:\/\/infoecos.com.ar\/#\/schema\/logo\/image\/\",\"url\":\"https:\/\/infoecos.com.ar\/wp-content\/uploads\/2024\/03\/cropped-logo.png\",\"contentUrl\":\"https:\/\/infoecos.com.ar\/wp-content\/uploads\/2024\/03\/cropped-logo.png\",\"width\":374,\"height\":90,\"caption\":\"Infoecos\"},\"image\":{\"@id\":\"https:\/\/infoecos.com.ar\/#\/schema\/logo\/image\/\"},\"sameAs\":[\"https:\/\/www.facebook.com\/profile.php?id=100063200290284\",\"https:\/\/x.com\/infoecos\"]},{\"@type\":\"Person\",\"@id\":\"https:\/\/infoecos.com.ar\/#\/schema\/person\/8f5ace5ce73b4b4aac4b7245aee6f191\",\"name\":\"Jorge Matheus\",\"url\":\"https:\/\/infoecos.com.ar\/index.php\/author\/jomatheus\/\"}]}<\/script>\n<!-- \/ Yoast SEO plugin. -->","yoast_head_json":{"title":"\"Cuento del T\u00edo\": positiva acci\u00f3n investigativa de la Polic\u00eda deriv\u00f3 en un allanamiento en CABA - Infoecos","robots":{"index":"index","follow":"follow","max-snippet":"max-snippet:-1","max-image-preview":"max-image-preview:large","max-video-preview":"max-video-preview:-1"},"canonical":"https:\/\/infoecos.com.ar\/index.php\/cuento-del-tio-positiva-accion-investigativa-de-la-policia-derivo-en-un-allanamiento-en-caba\/","og_locale":"es_ES","og_type":"article","og_title":"\"Cuento del T\u00edo\": positiva acci\u00f3n investigativa de la Polic\u00eda deriv\u00f3 en un allanamiento en CABA - Infoecos","og_description":"La persona que se encuentra imputado es Marcelo Romero de 40 a\u00f1os, est\u00e1 detenido en el marco de otra causa de la misma \u00edndole","og_url":"https:\/\/infoecos.com.ar\/index.php\/cuento-del-tio-positiva-accion-investigativa-de-la-policia-derivo-en-un-allanamiento-en-caba\/","og_site_name":"Infoecos","article_publisher":"https:\/\/www.facebook.com\/profile.php?id=100063200290284","article_published_time":"2021-10-22T20:01:21+00:00","article_modified_time":"2021-10-25T05:37:18+00:00","og_image":[{"width":1032,"height":774,"url":"https:\/\/infoecos.com.ar\/wp-content\/uploads\/2021\/10\/ddibassssss-2.jpg","type":"image\/jpeg"}],"author":"Jorge Matheus","twitter_card":"summary_large_image","twitter_creator":"@infoecos","twitter_site":"@infoecos","twitter_misc":{"Escrito por":"Jorge Matheus","Tiempo de lectura":"1 minuto"},"schema":{"@context":"https:\/\/schema.org","@graph":[{"@type":"Article","@id":"https:\/\/infoecos.com.ar\/index.php\/cuento-del-tio-positiva-accion-investigativa-de-la-policia-derivo-en-un-allanamiento-en-caba\/#article","isPartOf":{"@id":"https:\/\/infoecos.com.ar\/index.php\/cuento-del-tio-positiva-accion-investigativa-de-la-policia-derivo-en-un-allanamiento-en-caba\/"},"author":{"name":"Jorge Matheus","@id":"https:\/\/infoecos.com.ar\/#\/schema\/person\/8f5ace5ce73b4b4aac4b7245aee6f191"},"headline":"\u00abCuento del T\u00edo\u00bb: positiva acci\u00f3n investigativa de la Polic\u00eda deriv\u00f3 en un allanamiento en CABA","datePublished":"2021-10-22T20:01:21+00:00","dateModified":"2021-10-25T05:37:18+00:00","mainEntityOfPage":{"@id":"https:\/\/infoecos.com.ar\/index.php\/cuento-del-tio-positiva-accion-investigativa-de-la-policia-derivo-en-un-allanamiento-en-caba\/"},"wordCount":290,"publisher":{"@id":"https:\/\/infoecos.com.ar\/#organization"},"image":{"@id":"https:\/\/infoecos.com.ar\/index.php\/cuento-del-tio-positiva-accion-investigativa-de-la-policia-derivo-en-un-allanamiento-en-caba\/#primaryimage"},"thumbnailUrl":"https:\/\/infoecos.com.ar\/wp-content\/uploads\/2021\/10\/ddibassssss-2.jpg","keywords":["hay un aprehendido"],"articleSection":["C2 N7"],"inLanguage":"es"},{"@type":"WebPage","@id":"https:\/\/infoecos.com.ar\/index.php\/cuento-del-tio-positiva-accion-investigativa-de-la-policia-derivo-en-un-allanamiento-en-caba\/","url":"https:\/\/infoecos.com.ar\/index.php\/cuento-del-tio-positiva-accion-investigativa-de-la-policia-derivo-en-un-allanamiento-en-caba\/","name":"\"Cuento del T\u00edo\": positiva acci\u00f3n investigativa de la Polic\u00eda deriv\u00f3 en un allanamiento en CABA - Infoecos","isPartOf":{"@id":"https:\/\/infoecos.com.ar\/#website"},"primaryImageOfPage":{"@id":"https:\/\/infoecos.com.ar\/index.php\/cuento-del-tio-positiva-accion-investigativa-de-la-policia-derivo-en-un-allanamiento-en-caba\/#primaryimage"},"image":{"@id":"https:\/\/infoecos.com.ar\/index.php\/cuento-del-tio-positiva-accion-investigativa-de-la-policia-derivo-en-un-allanamiento-en-caba\/#primaryimage"},"thumbnailUrl":"https:\/\/infoecos.com.ar\/wp-content\/uploads\/2021\/10\/ddibassssss-2.jpg","datePublished":"2021-10-22T20:01:21+00:00","dateModified":"2021-10-25T05:37:18+00:00","breadcrumb":{"@id":"https:\/\/infoecos.com.ar\/index.php\/cuento-del-tio-positiva-accion-investigativa-de-la-policia-derivo-en-un-allanamiento-en-caba\/#breadcrumb"},"inLanguage":"es","potentialAction":[{"@type":"ReadAction","target":["https:\/\/infoecos.com.ar\/index.php\/cuento-del-tio-positiva-accion-investigativa-de-la-policia-derivo-en-un-allanamiento-en-caba\/"]}]},{"@type":"ImageObject","inLanguage":"es","@id":"https:\/\/infoecos.com.ar\/index.php\/cuento-del-tio-positiva-accion-investigativa-de-la-policia-derivo-en-un-allanamiento-en-caba\/#primaryimage","url":"https:\/\/infoecos.com.ar\/wp-content\/uploads\/2021\/10\/ddibassssss-2.jpg","contentUrl":"https:\/\/infoecos.com.ar\/wp-content\/uploads\/2021\/10\/ddibassssss-2.jpg","width":1032,"height":774},{"@type":"BreadcrumbList","@id":"https:\/\/infoecos.com.ar\/index.php\/cuento-del-tio-positiva-accion-investigativa-de-la-policia-derivo-en-un-allanamiento-en-caba\/#breadcrumb","itemListElement":[{"@type":"ListItem","position":1,"name":"Portada","item":"https:\/\/infoecos.com.ar\/"},{"@type":"ListItem","position":2,"name":"\u00abCuento del T\u00edo\u00bb: positiva acci\u00f3n investigativa de la Polic\u00eda deriv\u00f3 en un allanamiento en CABA"}]},{"@type":"WebSite","@id":"https:\/\/infoecos.com.ar\/#website","url":"https:\/\/infoecos.com.ar\/","name":"Infoecos","description":"Noticias de trenque lauquen y la zona","publisher":{"@id":"https:\/\/infoecos.com.ar\/#organization"},"alternateName":"Noticias","potentialAction":[{"@type":"SearchAction","target":{"@type":"EntryPoint","urlTemplate":"https:\/\/infoecos.com.ar\/?s={search_term_string}"},"query-input":{"@type":"PropertyValueSpecification","valueRequired":true,"valueName":"search_term_string"}}],"inLanguage":"es"},{"@type":"Organization","@id":"https:\/\/infoecos.com.ar\/#organization","name":"Infoecos","alternateName":"Noticias","url":"https:\/\/infoecos.com.ar\/","logo":{"@type":"ImageObject","inLanguage":"es","@id":"https:\/\/infoecos.com.ar\/#\/schema\/logo\/image\/","url":"https:\/\/infoecos.com.ar\/wp-content\/uploads\/2024\/03\/cropped-logo.png","contentUrl":"https:\/\/infoecos.com.ar\/wp-content\/uploads\/2024\/03\/cropped-logo.png","width":374,"height":90,"caption":"Infoecos"},"image":{"@id":"https:\/\/infoecos.com.ar\/#\/schema\/logo\/image\/"},"sameAs":["https:\/\/www.facebook.com\/profile.php?id=100063200290284","https:\/\/x.com\/infoecos"]},{"@type":"Person","@id":"https:\/\/infoecos.com.ar\/#\/schema\/person\/8f5ace5ce73b4b4aac4b7245aee6f191","name":"Jorge Matheus","url":"https:\/\/infoecos.com.ar\/index.php\/author\/jomatheus\/"}]}},"featured_image_urls":{"full":["https:\/\/infoecos.com.ar\/wp-content\/uploads\/2021\/10\/ddibassssss-2.jpg",1032,774,false],"thumbnail":["https:\/\/infoecos.com.ar\/wp-content\/uploads\/2021\/10\/ddibassssss-2-150x150.jpg",150,150,true],"medium":["https:\/\/infoecos.com.ar\/wp-content\/uploads\/2021\/10\/ddibassssss-2-460x345.jpg",460,345,true],"medium_large":["https:\/\/infoecos.com.ar\/wp-content\/uploads\/2021\/10\/ddibassssss-2-768x576.jpg",640,480,true],"large":["https:\/\/infoecos.com.ar\/wp-content\/uploads\/2021\/10\/ddibassssss-2-920x690.jpg",640,480,true],"1536x1536":["https:\/\/infoecos.com.ar\/wp-content\/uploads\/2021\/10\/ddibassssss-2.jpg",1032,774,false],"2048x2048":["https:\/\/infoecos.com.ar\/wp-content\/uploads\/2021\/10\/ddibassssss-2.jpg",1032,774,false],"covernews-slider-full":["https:\/\/infoecos.com.ar\/wp-content\/uploads\/2021\/10\/ddibassssss-2.jpg",953,715,false],"covernews-slider-center":["https:\/\/infoecos.com.ar\/wp-content\/uploads\/2021\/10\/ddibassssss-2-936x774.jpg",605,500,true],"covernews-featured":["https:\/\/infoecos.com.ar\/wp-content\/uploads\/2021\/10\/ddibassssss-2-1024x768.jpg",1024,768,true],"covernews-medium":["https:\/\/infoecos.com.ar\/wp-content\/uploads\/2021\/10\/ddibassssss-2-720x380.jpg",540,285,true],"covernews-medium-square":["https:\/\/infoecos.com.ar\/wp-content\/uploads\/2021\/10\/ddibassssss-2-675x450.jpg",375,250,true]},"author_info":{"info":["Jorge Matheus"]},"category_info":"<a href=\"https:\/\/infoecos.com.ar\/index.php\/category\/c2nota7\/\" rel=\"category tag\">C2 N7<\/a>","tag_info":"C2 N7","comment_count":"0","_links":{"self":[{"href":"https:\/\/infoecos.com.ar\/index.php\/wp-json\/wp\/v2\/posts\/88662"}],"collection":[{"href":"https:\/\/infoecos.com.ar\/index.php\/wp-json\/wp\/v2\/posts"}],"about":[{"href":"https:\/\/infoecos.com.ar\/index.php\/wp-json\/wp\/v2\/types\/post"}],"author":[{"embeddable":true,"href":"https:\/\/infoecos.com.ar\/index.php\/wp-json\/wp\/v2\/users\/2"}],"replies":[{"embeddable":true,"href":"https:\/\/infoecos.com.ar\/index.php\/wp-json\/wp\/v2\/comments?post=88662"}],"version-history":[{"count":1,"href":"https:\/\/infoecos.com.ar\/index.php\/wp-json\/wp\/v2\/posts\/88662\/revisions"}],"predecessor-version":[{"id":88667,"href":"https:\/\/infoecos.com.ar\/index.php\/wp-json\/wp\/v2\/posts\/88662\/revisions\/88667"}],"wp:featuredmedia":[{"embeddable":true,"href":"https:\/\/infoecos.com.ar\/index.php\/wp-json\/wp\/v2\/media\/88666"}],"wp:attachment":[{"href":"https:\/\/infoecos.com.ar\/index.php\/wp-json\/wp\/v2\/media?parent=88662"}],"wp:term":[{"taxonomy":"category","embeddable":true,"href":"https:\/\/infoecos.com.ar\/index.php\/wp-json\/wp\/v2\/categories?post=88662"},{"taxonomy":"post_tag","embeddable":true,"href":"https:\/\/infoecos.com.ar\/index.php\/wp-json\/wp\/v2\/tags?post=88662"}],"curies":[{"name":"wp","href":"https:\/\/api.w.org\/{rel}","templated":true}]}}