{"id":88686,"date":"2021-10-24T15:23:14","date_gmt":"2021-10-24T18:23:14","guid":{"rendered":"http:\/\/infoecos.com.ar\/?p=88686"},"modified":"2021-10-24T15:23:15","modified_gmt":"2021-10-24T18:23:15","slug":"este-lunes-comienza-el-traslado-dentro-de-la-propia-plaza-principal-de-trenque-lauquen-del-monumento-a-san-martin","status":"publish","type":"post","link":"https:\/\/infoecos.com.ar\/index.php\/este-lunes-comienza-el-traslado-dentro-de-la-propia-plaza-principal-de-trenque-lauquen-del-monumento-a-san-martin\/","title":{"rendered":"Este lunes comienza el traslado, dentro de la propia plaza principal de Trenque Lauquen, del monumento a San Martin"},"content":{"rendered":"\n<p class=\"wp-block-paragraph\">Este lunes, a partir de las 8 horas, comenzar\u00e1 a realizarse el traslado, de un sector a otro, del monumento del General San Mart\u00edn emplazado en plaza principal de la ciudad de Trenque Lauquen, que lleva su nombre.<\/p>\n\n\n\n<div class=\"wp-block-image is-style-default\"><figure class=\"aligncenter size-medium\"><img loading=\"lazy\" decoding=\"async\" width=\"460\" height=\"307\" src=\"http:\/\/infoecos.com.ar\/wp-content\/uploads\/2021\/10\/monumentoasanmartin-460x307.jpeg\" alt=\"\" class=\"wp-image-88687\" srcset=\"https:\/\/infoecos.com.ar\/wp-content\/uploads\/2021\/10\/monumentoasanmartin-460x307.jpeg 460w, https:\/\/infoecos.com.ar\/wp-content\/uploads\/2021\/10\/monumentoasanmartin.jpeg 512w\" sizes=\"auto, (max-width: 460px) 100vw, 460px\" \/><\/figure><\/div>\n\n\n\n<p class=\"wp-block-paragraph\">Se inform\u00f3 que la tarea demandar\u00e1 distintas etapas y estar\u00e1 a cargo de Inelec SRL, sin costo alguno para la comunidad, habida cuenta que la compa\u00f1\u00eda decidi\u00f3 hacer el trabajo en car\u00e1cter de donaci\u00f3n.  <\/p>\n\n\n\n<p class=\"wp-block-paragraph\">Para este domingo un grupo de vecinos que ha expresado su desacuerdo con esta decisi\u00f3n enmarcada en la remodelaci\u00f3n del m\u00e1s destacado espacio p\u00fablico de la ciudad capital del distrito, se expresar\u00e1 con una manifestaci\u00f3n en las inmediaciones del lugar.<\/p>\n\n\n\n<p class=\"wp-block-paragraph\">Cabe consignar que el monumento no habr\u00e1 de retirarse definitivamente. Seg\u00fan se indic\u00f3, oportunamente, se cambiar\u00e1 de lugar dentro del per\u00edmetro de la plaza y quedar\u00e1 a m\u00e1s baja altura. <\/p>\n","protected":false},"excerpt":{"rendered":"<p>Se inform\u00f3 que la tarea demandar\u00e1 distintas etapas y estar\u00e1 a cargo de Inelec SRL, sin costo alguno para la comunidad, habida cuenta que la compa\u00f1\u00eda decidi\u00f3 hacer el trabajo en car\u00e1cter de donaci\u00f3n<\/p>\n","protected":false},"author":2,"featured_media":88687,"comment_status":"closed","ping_status":"open","sticky":false,"template":"","format":"standard","meta":{"footnotes":""},"categories":[1613],"tags":[],"class_list":["post-88686","post","type-post","status-publish","format-standard","has-post-thumbnail","hentry","category-noticia-secundaria"],"featured_image_urls":{"full":["https:\/\/infoecos.com.ar\/wp-content\/uploads\/2021\/10\/monumentoasanmartin.jpeg",512,342,false],"thumbnail":["https:\/\/infoecos.com.ar\/wp-content\/uploads\/2021\/10\/monumentoasanmartin-150x150.jpeg",150,150,true],"medium":["https:\/\/infoecos.com.ar\/wp-content\/uploads\/2021\/10\/monumentoasanmartin-460x307.jpeg",460,307,true],"medium_large":["https:\/\/infoecos.com.ar\/wp-content\/uploads\/2021\/10\/monumentoasanmartin.jpeg",512,342,false],"large":["https:\/\/infoecos.com.ar\/wp-content\/uploads\/2021\/10\/monumentoasanmartin.jpeg",512,342,false],"1536x1536":["https:\/\/infoecos.com.ar\/wp-content\/uploads\/2021\/10\/monumentoasanmartin.jpeg",512,342,false],"2048x2048":["https:\/\/infoecos.com.ar\/wp-content\/uploads\/2021\/10\/monumentoasanmartin.jpeg",512,342,false],"covernews-slider-full":["https:\/\/infoecos.com.ar\/wp-content\/uploads\/2021\/10\/monumentoasanmartin.jpeg",512,342,false],"covernews-slider-center":["https:\/\/infoecos.com.ar\/wp-content\/uploads\/2021\/10\/monumentoasanmartin.jpeg",512,342,false],"covernews-featured":["https:\/\/infoecos.com.ar\/wp-content\/uploads\/2021\/10\/monumentoasanmartin.jpeg",512,342,false],"covernews-medium":["https:\/\/infoecos.com.ar\/wp-content\/uploads\/2021\/10\/monumentoasanmartin.jpeg",509,340,false],"covernews-medium-square":["https:\/\/infoecos.com.ar\/wp-content\/uploads\/2021\/10\/monumentoasanmartin.jpeg",374,250,false]},"author_info":{"info":["Jorge Matheus"]},"category_info":"<a href=\"https:\/\/infoecos.com.ar\/index.php\/category\/noticia-secundaria\/\" rel=\"category tag\">Noticia Secundaria<\/a>","tag_info":"Noticia Secundaria","comment_count":"0","_links":{"self":[{"href":"https:\/\/infoecos.com.ar\/index.php\/wp-json\/wp\/v2\/posts\/88686","targetHints":{"allow":["GET"]}}],"collection":[{"href":"https:\/\/infoecos.com.ar\/index.php\/wp-json\/wp\/v2\/posts"}],"about":[{"href":"https:\/\/infoecos.com.ar\/index.php\/wp-json\/wp\/v2\/types\/post"}],"author":[{"embeddable":true,"href":"https:\/\/infoecos.com.ar\/index.php\/wp-json\/wp\/v2\/users\/2"}],"replies":[{"embeddable":true,"href":"https:\/\/infoecos.com.ar\/index.php\/wp-json\/wp\/v2\/comments?post=88686"}],"version-history":[{"count":1,"href":"https:\/\/infoecos.com.ar\/index.php\/wp-json\/wp\/v2\/posts\/88686\/revisions"}],"predecessor-version":[{"id":88688,"href":"https:\/\/infoecos.com.ar\/index.php\/wp-json\/wp\/v2\/posts\/88686\/revisions\/88688"}],"wp:featuredmedia":[{"embeddable":true,"href":"https:\/\/infoecos.com.ar\/index.php\/wp-json\/wp\/v2\/media\/88687"}],"wp:attachment":[{"href":"https:\/\/infoecos.com.ar\/index.php\/wp-json\/wp\/v2\/media?parent=88686"}],"wp:term":[{"taxonomy":"category","embeddable":true,"href":"https:\/\/infoecos.com.ar\/index.php\/wp-json\/wp\/v2\/categories?post=88686"},{"taxonomy":"post_tag","embeddable":true,"href":"https:\/\/infoecos.com.ar\/index.php\/wp-json\/wp\/v2\/tags?post=88686"}],"curies":[{"name":"wp","href":"https:\/\/api.w.org\/{rel}","templated":true}]}}