{"id":88689,"date":"2021-10-24T15:35:12","date_gmt":"2021-10-24T18:35:12","guid":{"rendered":"http:\/\/infoecos.com.ar\/?p=88689"},"modified":"2021-10-24T15:35:13","modified_gmt":"2021-10-24T18:35:13","slug":"el-concejo-deliberante-de-trenque-lauquen-autorizo-al-ejecutivo-a-comprar-4-hectareas","status":"publish","type":"post","link":"https:\/\/infoecos.com.ar\/index.php\/el-concejo-deliberante-de-trenque-lauquen-autorizo-al-ejecutivo-a-comprar-4-hectareas\/","title":{"rendered":"El Concejo Deliberante de Trenque Lauquen autoriz\u00f3 al Ejecutivo a comprar 4 hect\u00e1reas"},"content":{"rendered":"\n<p>El Concejo Deliberante de Trenque Lauquen autoriz\u00f3 al municipio para que adquiera 4 hect\u00e1reas en la ciudad de 30 de Agosto, las que ser\u00e1n destinadas a la construcci\u00f3n de viviendas. El espacio es propiedad de la Di\u00f3cesis de 9 de Julio. La decisi\u00f3n del cuerpo legislativo fue tomada en el transcurso de la sesi\u00f3n que se concret\u00f3 el pasado viernes.<\/p>\n\n\n\n<p>Tambi\u00e9n aprob\u00f3 la pr\u00f3rroga al incremento en los valores de las tasas, dejando sin efecto la autorizaci\u00f3n trimestral prevista por el Art\u00edculo 2\u00b0 de la Ordenanza Impositiva N\u00b0 5042 de 2020.<\/p>\n\n\n\n<p>Tambi\u00e9n se sancion\u00f3 una pr\u00f3rroga hasta el 30 de diciembre para la presentaci\u00f3n del Presupuesto Municipal 2022. <\/p>\n\n\n\n<p>Fue aprobado un pedido para que las oficinas p\u00fablicas de las diferentes reparticiones provinciales, apliquen en sus contrataciones de productos y servicios, el principio de prioridad de contrataci\u00f3n en favor de aquellos oriundos del distrito; de una autorizaci\u00f3n para que la Comuna implemente las Leyes Nacional y Provincial de Tr\u00e1nsito, a fin de reducir la velocidad vehicular en calle Tom\u00e1s Davis y Carlos Casares; y la readjudicaci\u00f3n de un inmueble ubicado en calle Lavalle Sur 551.<\/p>\n\n\n\n<p>(M\u00e1s informaci\u00f3n sobre la sesi\u00f3n en el sitio <strong>www.hcdtrenquelauquen.com<\/strong>)<\/p>\n","protected":false},"excerpt":{"rendered":"<p>Tambi\u00e9n aprob\u00f3 la pr\u00f3rroga al incremento en los valores de las tasas, dejando sin efecto la autorizaci\u00f3n trimestral prevista por el Art\u00edculo 2\u00b0 de la Ordenanza Impositiva N\u00b0 5042 de 2020<\/p>\n","protected":false},"author":2,"featured_media":88690,"comment_status":"closed","ping_status":"open","sticky":false,"template":"","format":"standard","meta":{"footnotes":""},"categories":[28],"tags":[5524],"class_list":["post-88689","post","type-post","status-publish","format-standard","has-post-thumbnail","hentry","category-c1nota1","tag-en-la-ciudad-de-30-de-agosto"],"yoast_head":"<!-- This site is optimized with the Yoast SEO plugin v23.4 - https:\/\/yoast.com\/wordpress\/plugins\/seo\/ -->\n<title>El Concejo Deliberante de Trenque Lauquen autoriz\u00f3 al Ejecutivo a comprar 4 hect\u00e1reas - Infoecos<\/title>\n<meta name=\"robots\" content=\"index, follow, max-snippet:-1, max-image-preview:large, max-video-preview:-1\" \/>\n<link rel=\"canonical\" href=\"https:\/\/infoecos.com.ar\/index.php\/el-concejo-deliberante-de-trenque-lauquen-autorizo-al-ejecutivo-a-comprar-4-hectareas\/\" \/>\n<meta property=\"og:locale\" content=\"es_ES\" \/>\n<meta property=\"og:type\" content=\"article\" \/>\n<meta property=\"og:title\" content=\"El Concejo Deliberante de Trenque Lauquen autoriz\u00f3 al Ejecutivo a comprar 4 hect\u00e1reas - Infoecos\" \/>\n<meta property=\"og:description\" content=\"Tambi\u00e9n aprob\u00f3 la pr\u00f3rroga al incremento en los valores de las tasas, dejando sin efecto la autorizaci\u00f3n trimestral prevista por el Art\u00edculo 2\u00b0 de la Ordenanza Impositiva N\u00b0 5042 de 2020\" \/>\n<meta property=\"og:url\" content=\"https:\/\/infoecos.com.ar\/index.php\/el-concejo-deliberante-de-trenque-lauquen-autorizo-al-ejecutivo-a-comprar-4-hectareas\/\" \/>\n<meta property=\"og:site_name\" content=\"Infoecos\" \/>\n<meta property=\"article:publisher\" content=\"https:\/\/www.facebook.com\/profile.php?id=100063200290284\" \/>\n<meta property=\"article:published_time\" content=\"2021-10-24T18:35:12+00:00\" \/>\n<meta property=\"article:modified_time\" content=\"2021-10-24T18:35:13+00:00\" \/>\n<meta property=\"og:image\" content=\"https:\/\/infoecos.com.ar\/wp-content\/uploads\/2021\/10\/jordanjorge1.jpg\" \/>\n\t<meta property=\"og:image:width\" content=\"1280\" \/>\n\t<meta property=\"og:image:height\" content=\"959\" \/>\n\t<meta property=\"og:image:type\" content=\"image\/jpeg\" \/>\n<meta name=\"author\" content=\"Jorge Matheus\" \/>\n<meta name=\"twitter:card\" content=\"summary_large_image\" \/>\n<meta name=\"twitter:creator\" content=\"@infoecos\" \/>\n<meta name=\"twitter:site\" content=\"@infoecos\" \/>\n<meta name=\"twitter:label1\" content=\"Escrito por\" \/>\n\t<meta name=\"twitter:data1\" content=\"Jorge Matheus\" \/>\n\t<meta name=\"twitter:label2\" content=\"Tiempo de lectura\" \/>\n\t<meta name=\"twitter:data2\" content=\"1 minuto\" \/>\n<script type=\"application\/ld+json\" class=\"yoast-schema-graph\">{\"@context\":\"https:\/\/schema.org\",\"@graph\":[{\"@type\":\"Article\",\"@id\":\"https:\/\/infoecos.com.ar\/index.php\/el-concejo-deliberante-de-trenque-lauquen-autorizo-al-ejecutivo-a-comprar-4-hectareas\/#article\",\"isPartOf\":{\"@id\":\"https:\/\/infoecos.com.ar\/index.php\/el-concejo-deliberante-de-trenque-lauquen-autorizo-al-ejecutivo-a-comprar-4-hectareas\/\"},\"author\":{\"name\":\"Jorge Matheus\",\"@id\":\"https:\/\/infoecos.com.ar\/#\/schema\/person\/8f5ace5ce73b4b4aac4b7245aee6f191\"},\"headline\":\"El Concejo Deliberante de Trenque Lauquen autoriz\u00f3 al Ejecutivo a comprar 4 hect\u00e1reas\",\"datePublished\":\"2021-10-24T18:35:12+00:00\",\"dateModified\":\"2021-10-24T18:35:13+00:00\",\"mainEntityOfPage\":{\"@id\":\"https:\/\/infoecos.com.ar\/index.php\/el-concejo-deliberante-de-trenque-lauquen-autorizo-al-ejecutivo-a-comprar-4-hectareas\/\"},\"wordCount\":221,\"publisher\":{\"@id\":\"https:\/\/infoecos.com.ar\/#organization\"},\"image\":{\"@id\":\"https:\/\/infoecos.com.ar\/index.php\/el-concejo-deliberante-de-trenque-lauquen-autorizo-al-ejecutivo-a-comprar-4-hectareas\/#primaryimage\"},\"thumbnailUrl\":\"https:\/\/infoecos.com.ar\/wp-content\/uploads\/2021\/10\/jordanjorge1.jpg\",\"keywords\":[\"EN LA CIUDAD DE 30 DE AGOSTO\"],\"articleSection\":[\"C1 N1\"],\"inLanguage\":\"es\"},{\"@type\":\"WebPage\",\"@id\":\"https:\/\/infoecos.com.ar\/index.php\/el-concejo-deliberante-de-trenque-lauquen-autorizo-al-ejecutivo-a-comprar-4-hectareas\/\",\"url\":\"https:\/\/infoecos.com.ar\/index.php\/el-concejo-deliberante-de-trenque-lauquen-autorizo-al-ejecutivo-a-comprar-4-hectareas\/\",\"name\":\"El Concejo Deliberante de Trenque Lauquen autoriz\u00f3 al Ejecutivo a comprar 4 hect\u00e1reas - Infoecos\",\"isPartOf\":{\"@id\":\"https:\/\/infoecos.com.ar\/#website\"},\"primaryImageOfPage\":{\"@id\":\"https:\/\/infoecos.com.ar\/index.php\/el-concejo-deliberante-de-trenque-lauquen-autorizo-al-ejecutivo-a-comprar-4-hectareas\/#primaryimage\"},\"image\":{\"@id\":\"https:\/\/infoecos.com.ar\/index.php\/el-concejo-deliberante-de-trenque-lauquen-autorizo-al-ejecutivo-a-comprar-4-hectareas\/#primaryimage\"},\"thumbnailUrl\":\"https:\/\/infoecos.com.ar\/wp-content\/uploads\/2021\/10\/jordanjorge1.jpg\",\"datePublished\":\"2021-10-24T18:35:12+00:00\",\"dateModified\":\"2021-10-24T18:35:13+00:00\",\"breadcrumb\":{\"@id\":\"https:\/\/infoecos.com.ar\/index.php\/el-concejo-deliberante-de-trenque-lauquen-autorizo-al-ejecutivo-a-comprar-4-hectareas\/#breadcrumb\"},\"inLanguage\":\"es\",\"potentialAction\":[{\"@type\":\"ReadAction\",\"target\":[\"https:\/\/infoecos.com.ar\/index.php\/el-concejo-deliberante-de-trenque-lauquen-autorizo-al-ejecutivo-a-comprar-4-hectareas\/\"]}]},{\"@type\":\"ImageObject\",\"inLanguage\":\"es\",\"@id\":\"https:\/\/infoecos.com.ar\/index.php\/el-concejo-deliberante-de-trenque-lauquen-autorizo-al-ejecutivo-a-comprar-4-hectareas\/#primaryimage\",\"url\":\"https:\/\/infoecos.com.ar\/wp-content\/uploads\/2021\/10\/jordanjorge1.jpg\",\"contentUrl\":\"https:\/\/infoecos.com.ar\/wp-content\/uploads\/2021\/10\/jordanjorge1.jpg\",\"width\":1280,\"height\":959},{\"@type\":\"BreadcrumbList\",\"@id\":\"https:\/\/infoecos.com.ar\/index.php\/el-concejo-deliberante-de-trenque-lauquen-autorizo-al-ejecutivo-a-comprar-4-hectareas\/#breadcrumb\",\"itemListElement\":[{\"@type\":\"ListItem\",\"position\":1,\"name\":\"Portada\",\"item\":\"https:\/\/infoecos.com.ar\/\"},{\"@type\":\"ListItem\",\"position\":2,\"name\":\"El Concejo Deliberante de Trenque Lauquen autoriz\u00f3 al Ejecutivo a comprar 4 hect\u00e1reas\"}]},{\"@type\":\"WebSite\",\"@id\":\"https:\/\/infoecos.com.ar\/#website\",\"url\":\"https:\/\/infoecos.com.ar\/\",\"name\":\"Infoecos\",\"description\":\"Noticias de trenque lauquen y la zona\",\"publisher\":{\"@id\":\"https:\/\/infoecos.com.ar\/#organization\"},\"alternateName\":\"Noticias\",\"potentialAction\":[{\"@type\":\"SearchAction\",\"target\":{\"@type\":\"EntryPoint\",\"urlTemplate\":\"https:\/\/infoecos.com.ar\/?s={search_term_string}\"},\"query-input\":{\"@type\":\"PropertyValueSpecification\",\"valueRequired\":true,\"valueName\":\"search_term_string\"}}],\"inLanguage\":\"es\"},{\"@type\":\"Organization\",\"@id\":\"https:\/\/infoecos.com.ar\/#organization\",\"name\":\"Infoecos\",\"alternateName\":\"Noticias\",\"url\":\"https:\/\/infoecos.com.ar\/\",\"logo\":{\"@type\":\"ImageObject\",\"inLanguage\":\"es\",\"@id\":\"https:\/\/infoecos.com.ar\/#\/schema\/logo\/image\/\",\"url\":\"https:\/\/infoecos.com.ar\/wp-content\/uploads\/2024\/03\/cropped-logo.png\",\"contentUrl\":\"https:\/\/infoecos.com.ar\/wp-content\/uploads\/2024\/03\/cropped-logo.png\",\"width\":374,\"height\":90,\"caption\":\"Infoecos\"},\"image\":{\"@id\":\"https:\/\/infoecos.com.ar\/#\/schema\/logo\/image\/\"},\"sameAs\":[\"https:\/\/www.facebook.com\/profile.php?id=100063200290284\",\"https:\/\/x.com\/infoecos\"]},{\"@type\":\"Person\",\"@id\":\"https:\/\/infoecos.com.ar\/#\/schema\/person\/8f5ace5ce73b4b4aac4b7245aee6f191\",\"name\":\"Jorge Matheus\",\"url\":\"https:\/\/infoecos.com.ar\/index.php\/author\/jomatheus\/\"}]}<\/script>\n<!-- \/ Yoast SEO plugin. -->","yoast_head_json":{"title":"El Concejo Deliberante de Trenque Lauquen autoriz\u00f3 al Ejecutivo a comprar 4 hect\u00e1reas - Infoecos","robots":{"index":"index","follow":"follow","max-snippet":"max-snippet:-1","max-image-preview":"max-image-preview:large","max-video-preview":"max-video-preview:-1"},"canonical":"https:\/\/infoecos.com.ar\/index.php\/el-concejo-deliberante-de-trenque-lauquen-autorizo-al-ejecutivo-a-comprar-4-hectareas\/","og_locale":"es_ES","og_type":"article","og_title":"El Concejo Deliberante de Trenque Lauquen autoriz\u00f3 al Ejecutivo a comprar 4 hect\u00e1reas - Infoecos","og_description":"Tambi\u00e9n aprob\u00f3 la pr\u00f3rroga al incremento en los valores de las tasas, dejando sin efecto la autorizaci\u00f3n trimestral prevista por el Art\u00edculo 2\u00b0 de la Ordenanza Impositiva N\u00b0 5042 de 2020","og_url":"https:\/\/infoecos.com.ar\/index.php\/el-concejo-deliberante-de-trenque-lauquen-autorizo-al-ejecutivo-a-comprar-4-hectareas\/","og_site_name":"Infoecos","article_publisher":"https:\/\/www.facebook.com\/profile.php?id=100063200290284","article_published_time":"2021-10-24T18:35:12+00:00","article_modified_time":"2021-10-24T18:35:13+00:00","og_image":[{"width":1280,"height":959,"url":"https:\/\/infoecos.com.ar\/wp-content\/uploads\/2021\/10\/jordanjorge1.jpg","type":"image\/jpeg"}],"author":"Jorge Matheus","twitter_card":"summary_large_image","twitter_creator":"@infoecos","twitter_site":"@infoecos","twitter_misc":{"Escrito por":"Jorge Matheus","Tiempo de lectura":"1 minuto"},"schema":{"@context":"https:\/\/schema.org","@graph":[{"@type":"Article","@id":"https:\/\/infoecos.com.ar\/index.php\/el-concejo-deliberante-de-trenque-lauquen-autorizo-al-ejecutivo-a-comprar-4-hectareas\/#article","isPartOf":{"@id":"https:\/\/infoecos.com.ar\/index.php\/el-concejo-deliberante-de-trenque-lauquen-autorizo-al-ejecutivo-a-comprar-4-hectareas\/"},"author":{"name":"Jorge Matheus","@id":"https:\/\/infoecos.com.ar\/#\/schema\/person\/8f5ace5ce73b4b4aac4b7245aee6f191"},"headline":"El Concejo Deliberante de Trenque Lauquen autoriz\u00f3 al Ejecutivo a comprar 4 hect\u00e1reas","datePublished":"2021-10-24T18:35:12+00:00","dateModified":"2021-10-24T18:35:13+00:00","mainEntityOfPage":{"@id":"https:\/\/infoecos.com.ar\/index.php\/el-concejo-deliberante-de-trenque-lauquen-autorizo-al-ejecutivo-a-comprar-4-hectareas\/"},"wordCount":221,"publisher":{"@id":"https:\/\/infoecos.com.ar\/#organization"},"image":{"@id":"https:\/\/infoecos.com.ar\/index.php\/el-concejo-deliberante-de-trenque-lauquen-autorizo-al-ejecutivo-a-comprar-4-hectareas\/#primaryimage"},"thumbnailUrl":"https:\/\/infoecos.com.ar\/wp-content\/uploads\/2021\/10\/jordanjorge1.jpg","keywords":["EN LA CIUDAD DE 30 DE AGOSTO"],"articleSection":["C1 N1"],"inLanguage":"es"},{"@type":"WebPage","@id":"https:\/\/infoecos.com.ar\/index.php\/el-concejo-deliberante-de-trenque-lauquen-autorizo-al-ejecutivo-a-comprar-4-hectareas\/","url":"https:\/\/infoecos.com.ar\/index.php\/el-concejo-deliberante-de-trenque-lauquen-autorizo-al-ejecutivo-a-comprar-4-hectareas\/","name":"El Concejo Deliberante de Trenque Lauquen autoriz\u00f3 al Ejecutivo a comprar 4 hect\u00e1reas - Infoecos","isPartOf":{"@id":"https:\/\/infoecos.com.ar\/#website"},"primaryImageOfPage":{"@id":"https:\/\/infoecos.com.ar\/index.php\/el-concejo-deliberante-de-trenque-lauquen-autorizo-al-ejecutivo-a-comprar-4-hectareas\/#primaryimage"},"image":{"@id":"https:\/\/infoecos.com.ar\/index.php\/el-concejo-deliberante-de-trenque-lauquen-autorizo-al-ejecutivo-a-comprar-4-hectareas\/#primaryimage"},"thumbnailUrl":"https:\/\/infoecos.com.ar\/wp-content\/uploads\/2021\/10\/jordanjorge1.jpg","datePublished":"2021-10-24T18:35:12+00:00","dateModified":"2021-10-24T18:35:13+00:00","breadcrumb":{"@id":"https:\/\/infoecos.com.ar\/index.php\/el-concejo-deliberante-de-trenque-lauquen-autorizo-al-ejecutivo-a-comprar-4-hectareas\/#breadcrumb"},"inLanguage":"es","potentialAction":[{"@type":"ReadAction","target":["https:\/\/infoecos.com.ar\/index.php\/el-concejo-deliberante-de-trenque-lauquen-autorizo-al-ejecutivo-a-comprar-4-hectareas\/"]}]},{"@type":"ImageObject","inLanguage":"es","@id":"https:\/\/infoecos.com.ar\/index.php\/el-concejo-deliberante-de-trenque-lauquen-autorizo-al-ejecutivo-a-comprar-4-hectareas\/#primaryimage","url":"https:\/\/infoecos.com.ar\/wp-content\/uploads\/2021\/10\/jordanjorge1.jpg","contentUrl":"https:\/\/infoecos.com.ar\/wp-content\/uploads\/2021\/10\/jordanjorge1.jpg","width":1280,"height":959},{"@type":"BreadcrumbList","@id":"https:\/\/infoecos.com.ar\/index.php\/el-concejo-deliberante-de-trenque-lauquen-autorizo-al-ejecutivo-a-comprar-4-hectareas\/#breadcrumb","itemListElement":[{"@type":"ListItem","position":1,"name":"Portada","item":"https:\/\/infoecos.com.ar\/"},{"@type":"ListItem","position":2,"name":"El Concejo Deliberante de Trenque Lauquen autoriz\u00f3 al Ejecutivo a comprar 4 hect\u00e1reas"}]},{"@type":"WebSite","@id":"https:\/\/infoecos.com.ar\/#website","url":"https:\/\/infoecos.com.ar\/","name":"Infoecos","description":"Noticias de trenque lauquen y la zona","publisher":{"@id":"https:\/\/infoecos.com.ar\/#organization"},"alternateName":"Noticias","potentialAction":[{"@type":"SearchAction","target":{"@type":"EntryPoint","urlTemplate":"https:\/\/infoecos.com.ar\/?s={search_term_string}"},"query-input":{"@type":"PropertyValueSpecification","valueRequired":true,"valueName":"search_term_string"}}],"inLanguage":"es"},{"@type":"Organization","@id":"https:\/\/infoecos.com.ar\/#organization","name":"Infoecos","alternateName":"Noticias","url":"https:\/\/infoecos.com.ar\/","logo":{"@type":"ImageObject","inLanguage":"es","@id":"https:\/\/infoecos.com.ar\/#\/schema\/logo\/image\/","url":"https:\/\/infoecos.com.ar\/wp-content\/uploads\/2024\/03\/cropped-logo.png","contentUrl":"https:\/\/infoecos.com.ar\/wp-content\/uploads\/2024\/03\/cropped-logo.png","width":374,"height":90,"caption":"Infoecos"},"image":{"@id":"https:\/\/infoecos.com.ar\/#\/schema\/logo\/image\/"},"sameAs":["https:\/\/www.facebook.com\/profile.php?id=100063200290284","https:\/\/x.com\/infoecos"]},{"@type":"Person","@id":"https:\/\/infoecos.com.ar\/#\/schema\/person\/8f5ace5ce73b4b4aac4b7245aee6f191","name":"Jorge Matheus","url":"https:\/\/infoecos.com.ar\/index.php\/author\/jomatheus\/"}]}},"featured_image_urls":{"full":["https:\/\/infoecos.com.ar\/wp-content\/uploads\/2021\/10\/jordanjorge1.jpg",1280,959,false],"thumbnail":["https:\/\/infoecos.com.ar\/wp-content\/uploads\/2021\/10\/jordanjorge1-150x150.jpg",150,150,true],"medium":["https:\/\/infoecos.com.ar\/wp-content\/uploads\/2021\/10\/jordanjorge1-460x345.jpg",460,345,true],"medium_large":["https:\/\/infoecos.com.ar\/wp-content\/uploads\/2021\/10\/jordanjorge1-768x575.jpg",640,479,true],"large":["https:\/\/infoecos.com.ar\/wp-content\/uploads\/2021\/10\/jordanjorge1-920x689.jpg",640,479,true],"1536x1536":["https:\/\/infoecos.com.ar\/wp-content\/uploads\/2021\/10\/jordanjorge1.jpg",1280,959,false],"2048x2048":["https:\/\/infoecos.com.ar\/wp-content\/uploads\/2021\/10\/jordanjorge1.jpg",1280,959,false],"covernews-slider-full":["https:\/\/infoecos.com.ar\/wp-content\/uploads\/2021\/10\/jordanjorge1.jpg",954,715,false],"covernews-slider-center":["https:\/\/infoecos.com.ar\/wp-content\/uploads\/2021\/10\/jordanjorge1-936x897.jpg",522,500,true],"covernews-featured":["https:\/\/infoecos.com.ar\/wp-content\/uploads\/2021\/10\/jordanjorge1-1024x767.jpg",1024,767,true],"covernews-medium":["https:\/\/infoecos.com.ar\/wp-content\/uploads\/2021\/10\/jordanjorge1-720x380.jpg",540,285,true],"covernews-medium-square":["https:\/\/infoecos.com.ar\/wp-content\/uploads\/2021\/10\/jordanjorge1-675x450.jpg",375,250,true]},"author_info":{"info":["Jorge Matheus"]},"category_info":"<a href=\"https:\/\/infoecos.com.ar\/index.php\/category\/c1nota1\/\" rel=\"category tag\">C1 N1<\/a>","tag_info":"C1 N1","comment_count":"0","_links":{"self":[{"href":"https:\/\/infoecos.com.ar\/index.php\/wp-json\/wp\/v2\/posts\/88689"}],"collection":[{"href":"https:\/\/infoecos.com.ar\/index.php\/wp-json\/wp\/v2\/posts"}],"about":[{"href":"https:\/\/infoecos.com.ar\/index.php\/wp-json\/wp\/v2\/types\/post"}],"author":[{"embeddable":true,"href":"https:\/\/infoecos.com.ar\/index.php\/wp-json\/wp\/v2\/users\/2"}],"replies":[{"embeddable":true,"href":"https:\/\/infoecos.com.ar\/index.php\/wp-json\/wp\/v2\/comments?post=88689"}],"version-history":[{"count":1,"href":"https:\/\/infoecos.com.ar\/index.php\/wp-json\/wp\/v2\/posts\/88689\/revisions"}],"predecessor-version":[{"id":88691,"href":"https:\/\/infoecos.com.ar\/index.php\/wp-json\/wp\/v2\/posts\/88689\/revisions\/88691"}],"wp:featuredmedia":[{"embeddable":true,"href":"https:\/\/infoecos.com.ar\/index.php\/wp-json\/wp\/v2\/media\/88690"}],"wp:attachment":[{"href":"https:\/\/infoecos.com.ar\/index.php\/wp-json\/wp\/v2\/media?parent=88689"}],"wp:term":[{"taxonomy":"category","embeddable":true,"href":"https:\/\/infoecos.com.ar\/index.php\/wp-json\/wp\/v2\/categories?post=88689"},{"taxonomy":"post_tag","embeddable":true,"href":"https:\/\/infoecos.com.ar\/index.php\/wp-json\/wp\/v2\/tags?post=88689"}],"curies":[{"name":"wp","href":"https:\/\/api.w.org\/{rel}","templated":true}]}}