{"id":88692,"date":"2021-10-24T15:48:41","date_gmt":"2021-10-24T18:48:41","guid":{"rendered":"http:\/\/infoecos.com.ar\/?p=88692"},"modified":"2021-10-24T15:48:42","modified_gmt":"2021-10-24T18:48:42","slug":"se-realizo-en-pehuajo-el-pre-encuentro-de-salud","status":"publish","type":"post","link":"https:\/\/infoecos.com.ar\/index.php\/se-realizo-en-pehuajo-el-pre-encuentro-de-salud\/","title":{"rendered":"Se realiz\u00f3 en Pehuaj\u00f3 el Pre-Encuentro de Salud"},"content":{"rendered":"\n<p class=\"wp-block-paragraph\">Se realiz\u00f3 este s\u00e1bado en Pehuaj\u00f3 el Pre Encuentro de Salud, con la participaci\u00f3n de m\u00e1s de 150 adherentes al Frente de Todos.<\/p>\n\n\n\n<div class=\"wp-block-image is-style-default\"><figure class=\"aligncenter size-medium\"><img loading=\"lazy\" decoding=\"async\" width=\"460\" height=\"307\" src=\"http:\/\/infoecos.com.ar\/wp-content\/uploads\/2021\/10\/SALUDENCUENTRO-460x307.jpg\" alt=\"\" class=\"wp-image-88693\" srcset=\"https:\/\/infoecos.com.ar\/wp-content\/uploads\/2021\/10\/SALUDENCUENTRO-460x307.jpg 460w, https:\/\/infoecos.com.ar\/wp-content\/uploads\/2021\/10\/SALUDENCUENTRO-920x613.jpg 920w, https:\/\/infoecos.com.ar\/wp-content\/uploads\/2021\/10\/SALUDENCUENTRO-768x512.jpg 768w, https:\/\/infoecos.com.ar\/wp-content\/uploads\/2021\/10\/SALUDENCUENTRO-1024x683.jpg 1024w, https:\/\/infoecos.com.ar\/wp-content\/uploads\/2021\/10\/SALUDENCUENTRO-675x450.jpg 675w, https:\/\/infoecos.com.ar\/wp-content\/uploads\/2021\/10\/SALUDENCUENTRO.jpg 1080w\" sizes=\"auto, (max-width: 460px) 100vw, 460px\" \/><\/figure><\/div>\n\n\n\n<p class=\"wp-block-paragraph\">Asisti\u00f3 el candidato a Diputado Nacional por la provincia de Buenos Aires, Daniel Gollan.<\/p>\n\n\n\n<p class=\"wp-block-paragraph\">La reuni\u00f3n fue con el prop\u00f3sito de delinear posturas a volcar en el Encuentro Nacional de Salud a realizarse pr\u00f3ximamente.<\/p>\n\n\n\n<p class=\"wp-block-paragraph\">Gollan plante\u00f3 l\u00edneas de acci\u00f3n e hizo hincapi\u00e9 en que es indispensable pensar en un proyecto pol\u00edtico para avanzar en \u00ablas transformaciones que la salud necesita\u00bb.<\/p>\n\n\n\n<div class=\"wp-block-image is-style-default\"><figure class=\"aligncenter size-medium\"><img loading=\"lazy\" decoding=\"async\" width=\"460\" height=\"307\" src=\"http:\/\/infoecos.com.ar\/wp-content\/uploads\/2021\/10\/SALUDENCUNTROPEHU-460x307.jpg\" alt=\"\" class=\"wp-image-88694\" srcset=\"https:\/\/infoecos.com.ar\/wp-content\/uploads\/2021\/10\/SALUDENCUNTROPEHU-460x307.jpg 460w, https:\/\/infoecos.com.ar\/wp-content\/uploads\/2021\/10\/SALUDENCUNTROPEHU-920x613.jpg 920w, https:\/\/infoecos.com.ar\/wp-content\/uploads\/2021\/10\/SALUDENCUNTROPEHU-768x512.jpg 768w, https:\/\/infoecos.com.ar\/wp-content\/uploads\/2021\/10\/SALUDENCUNTROPEHU-1024x683.jpg 1024w, https:\/\/infoecos.com.ar\/wp-content\/uploads\/2021\/10\/SALUDENCUNTROPEHU-675x450.jpg 675w, https:\/\/infoecos.com.ar\/wp-content\/uploads\/2021\/10\/SALUDENCUNTROPEHU.jpg 1080w\" sizes=\"auto, (max-width: 460px) 100vw, 460px\" \/><\/figure><\/div>\n\n\n\n<p class=\"wp-block-paragraph\">Por Trenque Lauquen particip\u00f3 Leticia Badino, candidata a concejal en primer lugar por el Frente de Todos, acompa\u00f1ada por integrantes de su equipo.<\/p>\n","protected":false},"excerpt":{"rendered":"<p>Por Trenque Lauquen particip\u00f3 Leticia Badino, candidata a concejal en primer lugar por el Frente de Todos, acompa\u00f1ada por integrantes de su equipo<\/p>\n","protected":false},"author":2,"featured_media":88693,"comment_status":"closed","ping_status":"open","sticky":false,"template":"","format":"standard","meta":{"footnotes":""},"categories":[29],"tags":[5526],"class_list":["post-88692","post","type-post","status-publish","format-standard","has-post-thumbnail","hentry","category-c2nota1","tag-asistio-daniel-gollan"],"featured_image_urls":{"full":["https:\/\/infoecos.com.ar\/wp-content\/uploads\/2021\/10\/SALUDENCUENTRO.jpg",1080,720,false],"thumbnail":["https:\/\/infoecos.com.ar\/wp-content\/uploads\/2021\/10\/SALUDENCUENTRO-150x150.jpg",150,150,true],"medium":["https:\/\/infoecos.com.ar\/wp-content\/uploads\/2021\/10\/SALUDENCUENTRO-460x307.jpg",460,307,true],"medium_large":["https:\/\/infoecos.com.ar\/wp-content\/uploads\/2021\/10\/SALUDENCUENTRO-768x512.jpg",640,427,true],"large":["https:\/\/infoecos.com.ar\/wp-content\/uploads\/2021\/10\/SALUDENCUENTRO-920x613.jpg",640,426,true],"1536x1536":["https:\/\/infoecos.com.ar\/wp-content\/uploads\/2021\/10\/SALUDENCUENTRO.jpg",1080,720,false],"2048x2048":["https:\/\/infoecos.com.ar\/wp-content\/uploads\/2021\/10\/SALUDENCUENTRO.jpg",1080,720,false],"covernews-slider-full":["https:\/\/infoecos.com.ar\/wp-content\/uploads\/2021\/10\/SALUDENCUENTRO.jpg",1073,715,false],"covernews-slider-center":["https:\/\/infoecos.com.ar\/wp-content\/uploads\/2021\/10\/SALUDENCUENTRO-936x720.jpg",650,500,true],"covernews-featured":["https:\/\/infoecos.com.ar\/wp-content\/uploads\/2021\/10\/SALUDENCUENTRO-1024x683.jpg",1024,683,true],"covernews-medium":["https:\/\/infoecos.com.ar\/wp-content\/uploads\/2021\/10\/SALUDENCUENTRO-720x380.jpg",540,285,true],"covernews-medium-square":["https:\/\/infoecos.com.ar\/wp-content\/uploads\/2021\/10\/SALUDENCUENTRO-675x450.jpg",375,250,true]},"author_info":{"info":["Jorge Matheus"]},"category_info":"<a href=\"https:\/\/infoecos.com.ar\/index.php\/category\/c2nota1\/\" rel=\"category tag\">C2 nota 1<\/a>","tag_info":"C2 nota 1","comment_count":"0","_links":{"self":[{"href":"https:\/\/infoecos.com.ar\/index.php\/wp-json\/wp\/v2\/posts\/88692","targetHints":{"allow":["GET"]}}],"collection":[{"href":"https:\/\/infoecos.com.ar\/index.php\/wp-json\/wp\/v2\/posts"}],"about":[{"href":"https:\/\/infoecos.com.ar\/index.php\/wp-json\/wp\/v2\/types\/post"}],"author":[{"embeddable":true,"href":"https:\/\/infoecos.com.ar\/index.php\/wp-json\/wp\/v2\/users\/2"}],"replies":[{"embeddable":true,"href":"https:\/\/infoecos.com.ar\/index.php\/wp-json\/wp\/v2\/comments?post=88692"}],"version-history":[{"count":1,"href":"https:\/\/infoecos.com.ar\/index.php\/wp-json\/wp\/v2\/posts\/88692\/revisions"}],"predecessor-version":[{"id":88695,"href":"https:\/\/infoecos.com.ar\/index.php\/wp-json\/wp\/v2\/posts\/88692\/revisions\/88695"}],"wp:featuredmedia":[{"embeddable":true,"href":"https:\/\/infoecos.com.ar\/index.php\/wp-json\/wp\/v2\/media\/88693"}],"wp:attachment":[{"href":"https:\/\/infoecos.com.ar\/index.php\/wp-json\/wp\/v2\/media?parent=88692"}],"wp:term":[{"taxonomy":"category","embeddable":true,"href":"https:\/\/infoecos.com.ar\/index.php\/wp-json\/wp\/v2\/categories?post=88692"},{"taxonomy":"post_tag","embeddable":true,"href":"https:\/\/infoecos.com.ar\/index.php\/wp-json\/wp\/v2\/tags?post=88692"}],"curies":[{"name":"wp","href":"https:\/\/api.w.org\/{rel}","templated":true}]}}