{"id":88705,"date":"2021-10-24T16:46:04","date_gmt":"2021-10-24T19:46:04","guid":{"rendered":"http:\/\/infoecos.com.ar\/?p=88705"},"modified":"2021-10-27T05:45:25","modified_gmt":"2021-10-27T08:45:25","slug":"matias-tombolini-vicepresidente-del-banco-nacion-dijo-que-la-economia-argentina-va-por-el-rumbo-correcto","status":"publish","type":"post","link":"https:\/\/infoecos.com.ar\/index.php\/matias-tombolini-vicepresidente-del-banco-nacion-dijo-que-la-economia-argentina-va-por-el-rumbo-correcto\/","title":{"rendered":"Mat\u00edas Tombolini, vicepresidente del Banco Naci\u00f3n, dijo que la econom\u00eda argentina va por el \u00abrumbo correcto\u00bb"},"content":{"rendered":"\n<p class=\"wp-block-paragraph\">El vicepresidente del Banco Naci\u00f3n, Mat\u00edas Tombolini, afirm\u00f3 que \u201cno hay un congelamiento general en la econom\u00eda sino que se ha adoptado una herramienta para mantener los precios y que busca proteger el salario\u00bb.<\/p>\n\n\n\n<p class=\"wp-block-paragraph\">En declaraciones a Radio Provincia dijo que la econom\u00eda argentina va por el \u201crumbo correcto\u201d y esto lo demuestra \u201cel crecimiento en casi todos los \u00e1mbitos y rubros\u201d.<\/p>\n\n\n\n<div class=\"wp-block-image is-style-default\"><figure class=\"aligncenter size-large\"><img loading=\"lazy\" decoding=\"async\" width=\"540\" height=\"405\" src=\"http:\/\/infoecos.com.ar\/wp-content\/uploads\/2021\/10\/matias-tombolinijpg.jpg\" alt=\"\" class=\"wp-image-88706\" srcset=\"https:\/\/infoecos.com.ar\/wp-content\/uploads\/2021\/10\/matias-tombolinijpg.jpg 540w, https:\/\/infoecos.com.ar\/wp-content\/uploads\/2021\/10\/matias-tombolinijpg-460x345.jpg 460w\" sizes=\"auto, (max-width: 540px) 100vw, 540px\" \/><\/figure><\/div>\n\n\n\n<p class=\"wp-block-paragraph\">Tombolini cuestion\u00f3 las cr\u00edticas de la oposici\u00f3n a las medidas econ\u00f3micas tomadas por el gobierno y destac\u00f3 que \u201ccuando gobernaron no tuvieron mejoras en ning\u00fan aspecto por eso me parece que la cr\u00edtica desprovista de propuestas es una actitud de campa\u00f1a vac\u00eda de contenido\u201d.<\/p>\n\n\n\n<p class=\"wp-block-paragraph\">Tombolini indic\u00f3 que con la inflaci\u00f3n \u201cen Argentina hay un componente de orden inercial y esto de tratar de parar la pelota me parece que va en el sentido correcto\u201d y agreg\u00f3 que \u201cla evoluci\u00f3n del \u2018d\u00f3lar blue\u2019 subi\u00f3 s\u00f3lo el 7% a pesar de estar a $195. Es algo de car\u00e1cter pol\u00edtico adem\u00e1s de su car\u00e1cter econ\u00f3mico\u201d.<\/p>\n\n\n\n<p class=\"wp-block-paragraph\">En ese marco, dijo que \u201cel rumbo de la econom\u00eda es correcto. Se ha notado crecimiento en casi todos los \u00e1mbitos y rubros\u201d. Sin embargo, reconoci\u00f3 que \u201cArgentina hoy es un pa\u00eds que convive con un problema muy serio de inflaci\u00f3n y la pobreza en casi un 50%\u201d.<\/p>\n\n\n\n<p class=\"wp-block-paragraph\">Tombolini sostuvo que \u201cCambiemos estuvo en contra del salario, del etiquetado frontal y est\u00e1 en contra de cualquier pol\u00edtica que mejore el salario y esa puja es la que aparece y hay que dar\u201d.<\/p>\n","protected":false},"excerpt":{"rendered":"<p>Reconoci\u00f3 que \u201cArgentina hoy es un pa\u00eds que convive con un problema muy serio de inflaci\u00f3n y la pobreza en casi un 50%\u201d<\/p>\n","protected":false},"author":2,"featured_media":88706,"comment_status":"closed","ping_status":"open","sticky":false,"template":"","format":"standard","meta":{"footnotes":""},"categories":[1335],"tags":[3327],"class_list":["post-88705","post","type-post","status-publish","format-standard","has-post-thumbnail","hentry","category-inferior15","tag-declaraciones-a-radio-provincia"],"featured_image_urls":{"full":["https:\/\/infoecos.com.ar\/wp-content\/uploads\/2021\/10\/matias-tombolinijpg.jpg",540,405,false],"thumbnail":["https:\/\/infoecos.com.ar\/wp-content\/uploads\/2021\/10\/matias-tombolinijpg-150x150.jpg",150,150,true],"medium":["https:\/\/infoecos.com.ar\/wp-content\/uploads\/2021\/10\/matias-tombolinijpg-460x345.jpg",460,345,true],"medium_large":["https:\/\/infoecos.com.ar\/wp-content\/uploads\/2021\/10\/matias-tombolinijpg.jpg",540,405,false],"large":["https:\/\/infoecos.com.ar\/wp-content\/uploads\/2021\/10\/matias-tombolinijpg.jpg",540,405,false],"1536x1536":["https:\/\/infoecos.com.ar\/wp-content\/uploads\/2021\/10\/matias-tombolinijpg.jpg",540,405,false],"2048x2048":["https:\/\/infoecos.com.ar\/wp-content\/uploads\/2021\/10\/matias-tombolinijpg.jpg",540,405,false],"covernews-slider-full":["https:\/\/infoecos.com.ar\/wp-content\/uploads\/2021\/10\/matias-tombolinijpg.jpg",540,405,false],"covernews-slider-center":["https:\/\/infoecos.com.ar\/wp-content\/uploads\/2021\/10\/matias-tombolinijpg.jpg",540,405,false],"covernews-featured":["https:\/\/infoecos.com.ar\/wp-content\/uploads\/2021\/10\/matias-tombolinijpg.jpg",540,405,false],"covernews-medium":["https:\/\/infoecos.com.ar\/wp-content\/uploads\/2021\/10\/matias-tombolinijpg-540x380.jpg",483,340,true],"covernews-medium-square":["https:\/\/infoecos.com.ar\/wp-content\/uploads\/2021\/10\/matias-tombolinijpg.jpg",333,250,false]},"author_info":{"info":["Jorge Matheus"]},"category_info":"<a href=\"https:\/\/infoecos.com.ar\/index.php\/category\/inferior15\/\" rel=\"category tag\">Bloque inferior - 15<\/a>","tag_info":"Bloque inferior - 15","comment_count":"0","_links":{"self":[{"href":"https:\/\/infoecos.com.ar\/index.php\/wp-json\/wp\/v2\/posts\/88705","targetHints":{"allow":["GET"]}}],"collection":[{"href":"https:\/\/infoecos.com.ar\/index.php\/wp-json\/wp\/v2\/posts"}],"about":[{"href":"https:\/\/infoecos.com.ar\/index.php\/wp-json\/wp\/v2\/types\/post"}],"author":[{"embeddable":true,"href":"https:\/\/infoecos.com.ar\/index.php\/wp-json\/wp\/v2\/users\/2"}],"replies":[{"embeddable":true,"href":"https:\/\/infoecos.com.ar\/index.php\/wp-json\/wp\/v2\/comments?post=88705"}],"version-history":[{"count":1,"href":"https:\/\/infoecos.com.ar\/index.php\/wp-json\/wp\/v2\/posts\/88705\/revisions"}],"predecessor-version":[{"id":88707,"href":"https:\/\/infoecos.com.ar\/index.php\/wp-json\/wp\/v2\/posts\/88705\/revisions\/88707"}],"wp:featuredmedia":[{"embeddable":true,"href":"https:\/\/infoecos.com.ar\/index.php\/wp-json\/wp\/v2\/media\/88706"}],"wp:attachment":[{"href":"https:\/\/infoecos.com.ar\/index.php\/wp-json\/wp\/v2\/media?parent=88705"}],"wp:term":[{"taxonomy":"category","embeddable":true,"href":"https:\/\/infoecos.com.ar\/index.php\/wp-json\/wp\/v2\/categories?post=88705"},{"taxonomy":"post_tag","embeddable":true,"href":"https:\/\/infoecos.com.ar\/index.php\/wp-json\/wp\/v2\/tags?post=88705"}],"curies":[{"name":"wp","href":"https:\/\/api.w.org\/{rel}","templated":true}]}}