{"id":88712,"date":"2021-10-24T17:08:24","date_gmt":"2021-10-24T20:08:24","guid":{"rendered":"http:\/\/infoecos.com.ar\/?p=88712"},"modified":"2021-10-24T17:08:25","modified_gmt":"2021-10-24T20:08:25","slug":"el-nivel-de-cumplimiento-del-nuevo-esquema-de-precios-fue-calificado-como-bueno","status":"publish","type":"post","link":"https:\/\/infoecos.com.ar\/index.php\/el-nivel-de-cumplimiento-del-nuevo-esquema-de-precios-fue-calificado-como-bueno\/","title":{"rendered":"El nivel de cumplimiento del nuevo esquema de precios fue calificado como \u00abbueno\u00bb"},"content":{"rendered":"\n<p>El secretario de Comercio Interior, Roberto Feletti, calific\u00f3 este domingo de \u00abbueno\u00bb al nivel de cumplimiento del nuevo esquema de precios fijado en la canasta de 1.432 productos de consumo masivo puesto en marcha en la \u00faltima semana.<\/p>\n\n\n\n<div class=\"wp-block-image is-style-default\"><figure class=\"aligncenter size-medium\"><img loading=\"lazy\" decoding=\"async\" width=\"460\" height=\"345\" src=\"http:\/\/infoecos.com.ar\/wp-content\/uploads\/2021\/01\/pers_Roberto_Feletti281112488948-460x345.jpg\" alt=\"\" class=\"wp-image-72300\" srcset=\"https:\/\/infoecos.com.ar\/wp-content\/uploads\/2021\/01\/pers_Roberto_Feletti281112488948-460x345.jpg 460w, https:\/\/infoecos.com.ar\/wp-content\/uploads\/2021\/01\/pers_Roberto_Feletti281112488948.jpg 600w\" sizes=\"(max-width: 460px) 100vw, 460px\" \/><\/figure><\/div>\n\n\n\n<p>\u00abEl inicio del plan, que siempre requiere un per\u00edodo de adaptaci\u00f3n, es bueno. Hay retroceso de precios, con un amplio cumplimiento, del 75% de los productos en m\u00e1s el 60% de los comercios relevados, de acuerdo al reporte de la Defensor\u00eda del Pueblo\u00bb, dijo Feletti en di\u00e1logo con radio 10.<\/p>\n\n\n\n<p>El secretario de Comercio Interior sostuvo que \u00abest\u00e1n dadas las condiciones para la baja de precios\u00bb y que \u00abpor eso es importante el di\u00e1logo con los mayoristas, porque son los que terminan regulando el margen, y hay que asegurar esa baja de precios hacia el minorista\u00bb.<\/p>\n\n\n\n<div class=\"wp-block-image is-style-default\"><figure class=\"aligncenter size-medium\"><img loading=\"lazy\" decoding=\"async\" width=\"460\" height=\"259\" src=\"http:\/\/infoecos.com.ar\/wp-content\/uploads\/2021\/10\/feletti-460x259.jpg\" alt=\"\" class=\"wp-image-88497\" srcset=\"https:\/\/infoecos.com.ar\/wp-content\/uploads\/2021\/10\/feletti-460x259.jpg 460w, https:\/\/infoecos.com.ar\/wp-content\/uploads\/2021\/10\/feletti-920x518.jpg 920w, https:\/\/infoecos.com.ar\/wp-content\/uploads\/2021\/10\/feletti-768x432.jpg 768w, https:\/\/infoecos.com.ar\/wp-content\/uploads\/2021\/10\/feletti.jpg 1004w\" sizes=\"(max-width: 460px) 100vw, 460px\" \/><\/figure><\/div>\n\n\n\n<p>Adem\u00e1s, resalt\u00f3 que \u201cel comportamiento del supermercado propende a la concentraci\u00f3n, no en vano est\u00e1 tan discutida y cuesta tanto la Ley de G\u00f3ndolas\u201d.<\/p>\n\n\n\n<p>Respecto de los peque\u00f1os comercios y autoservicios, Feletti acot\u00f3 que no se trata de \u201cpresionar sobre el minorista y cerrarlo pero s\u00ed de inducir a la baja sus precios\u201d.<\/p>\n","protected":false},"excerpt":{"rendered":"<p>El secretario de Comercio Interior sostuvo que \u00abest\u00e1n dadas las condiciones para la baja de precios\u00bb <\/p>\n","protected":false},"author":2,"featured_media":72300,"comment_status":"closed","ping_status":"open","sticky":false,"template":"","format":"standard","meta":{"footnotes":""},"categories":[48],"tags":[5529],"class_list":["post-88712","post","type-post","status-publish","format-standard","has-post-thumbnail","hentry","category-c2nota3","tag-declaraciones-de-feletti"],"yoast_head":"<!-- This site is optimized with the Yoast SEO plugin v23.4 - https:\/\/yoast.com\/wordpress\/plugins\/seo\/ -->\n<title>El nivel de cumplimiento del nuevo esquema de precios fue calificado como &quot;bueno&quot; - Infoecos<\/title>\n<meta name=\"robots\" content=\"index, follow, max-snippet:-1, max-image-preview:large, max-video-preview:-1\" \/>\n<link rel=\"canonical\" href=\"https:\/\/infoecos.com.ar\/index.php\/el-nivel-de-cumplimiento-del-nuevo-esquema-de-precios-fue-calificado-como-bueno\/\" \/>\n<meta property=\"og:locale\" content=\"es_ES\" \/>\n<meta property=\"og:type\" content=\"article\" \/>\n<meta property=\"og:title\" content=\"El nivel de cumplimiento del nuevo esquema de precios fue calificado como &quot;bueno&quot; - Infoecos\" \/>\n<meta property=\"og:description\" content=\"El secretario de Comercio Interior sostuvo que &quot;est\u00e1n dadas las condiciones para la baja de precios&quot;\" \/>\n<meta property=\"og:url\" content=\"https:\/\/infoecos.com.ar\/index.php\/el-nivel-de-cumplimiento-del-nuevo-esquema-de-precios-fue-calificado-como-bueno\/\" \/>\n<meta property=\"og:site_name\" content=\"Infoecos\" \/>\n<meta property=\"article:publisher\" content=\"https:\/\/www.facebook.com\/profile.php?id=100063200290284\" \/>\n<meta property=\"article:published_time\" content=\"2021-10-24T20:08:24+00:00\" \/>\n<meta property=\"article:modified_time\" content=\"2021-10-24T20:08:25+00:00\" \/>\n<meta property=\"og:image\" content=\"https:\/\/infoecos.com.ar\/wp-content\/uploads\/2021\/01\/pers_Roberto_Feletti281112488948.jpg\" \/>\n\t<meta property=\"og:image:width\" content=\"600\" \/>\n\t<meta property=\"og:image:height\" content=\"450\" \/>\n\t<meta property=\"og:image:type\" content=\"image\/jpeg\" \/>\n<meta name=\"author\" content=\"Jorge Matheus\" \/>\n<meta name=\"twitter:card\" content=\"summary_large_image\" \/>\n<meta name=\"twitter:creator\" content=\"@infoecos\" \/>\n<meta name=\"twitter:site\" content=\"@infoecos\" \/>\n<meta name=\"twitter:label1\" content=\"Escrito por\" \/>\n\t<meta name=\"twitter:data1\" content=\"Jorge Matheus\" \/>\n\t<meta name=\"twitter:label2\" content=\"Tiempo de lectura\" \/>\n\t<meta name=\"twitter:data2\" content=\"1 minuto\" \/>\n<script type=\"application\/ld+json\" class=\"yoast-schema-graph\">{\"@context\":\"https:\/\/schema.org\",\"@graph\":[{\"@type\":\"Article\",\"@id\":\"https:\/\/infoecos.com.ar\/index.php\/el-nivel-de-cumplimiento-del-nuevo-esquema-de-precios-fue-calificado-como-bueno\/#article\",\"isPartOf\":{\"@id\":\"https:\/\/infoecos.com.ar\/index.php\/el-nivel-de-cumplimiento-del-nuevo-esquema-de-precios-fue-calificado-como-bueno\/\"},\"author\":{\"name\":\"Jorge Matheus\",\"@id\":\"https:\/\/infoecos.com.ar\/#\/schema\/person\/8f5ace5ce73b4b4aac4b7245aee6f191\"},\"headline\":\"El nivel de cumplimiento del nuevo esquema de precios fue calificado como \u00abbueno\u00bb\",\"datePublished\":\"2021-10-24T20:08:24+00:00\",\"dateModified\":\"2021-10-24T20:08:25+00:00\",\"mainEntityOfPage\":{\"@id\":\"https:\/\/infoecos.com.ar\/index.php\/el-nivel-de-cumplimiento-del-nuevo-esquema-de-precios-fue-calificado-como-bueno\/\"},\"wordCount\":207,\"publisher\":{\"@id\":\"https:\/\/infoecos.com.ar\/#organization\"},\"image\":{\"@id\":\"https:\/\/infoecos.com.ar\/index.php\/el-nivel-de-cumplimiento-del-nuevo-esquema-de-precios-fue-calificado-como-bueno\/#primaryimage\"},\"thumbnailUrl\":\"https:\/\/infoecos.com.ar\/wp-content\/uploads\/2021\/01\/pers_Roberto_Feletti281112488948.jpg\",\"keywords\":[\"DECLARACIONES DE FELETTI\"],\"articleSection\":[\"C2 N3\"],\"inLanguage\":\"es\"},{\"@type\":\"WebPage\",\"@id\":\"https:\/\/infoecos.com.ar\/index.php\/el-nivel-de-cumplimiento-del-nuevo-esquema-de-precios-fue-calificado-como-bueno\/\",\"url\":\"https:\/\/infoecos.com.ar\/index.php\/el-nivel-de-cumplimiento-del-nuevo-esquema-de-precios-fue-calificado-como-bueno\/\",\"name\":\"El nivel de cumplimiento del nuevo esquema de precios fue calificado como \\\"bueno\\\" - Infoecos\",\"isPartOf\":{\"@id\":\"https:\/\/infoecos.com.ar\/#website\"},\"primaryImageOfPage\":{\"@id\":\"https:\/\/infoecos.com.ar\/index.php\/el-nivel-de-cumplimiento-del-nuevo-esquema-de-precios-fue-calificado-como-bueno\/#primaryimage\"},\"image\":{\"@id\":\"https:\/\/infoecos.com.ar\/index.php\/el-nivel-de-cumplimiento-del-nuevo-esquema-de-precios-fue-calificado-como-bueno\/#primaryimage\"},\"thumbnailUrl\":\"https:\/\/infoecos.com.ar\/wp-content\/uploads\/2021\/01\/pers_Roberto_Feletti281112488948.jpg\",\"datePublished\":\"2021-10-24T20:08:24+00:00\",\"dateModified\":\"2021-10-24T20:08:25+00:00\",\"breadcrumb\":{\"@id\":\"https:\/\/infoecos.com.ar\/index.php\/el-nivel-de-cumplimiento-del-nuevo-esquema-de-precios-fue-calificado-como-bueno\/#breadcrumb\"},\"inLanguage\":\"es\",\"potentialAction\":[{\"@type\":\"ReadAction\",\"target\":[\"https:\/\/infoecos.com.ar\/index.php\/el-nivel-de-cumplimiento-del-nuevo-esquema-de-precios-fue-calificado-como-bueno\/\"]}]},{\"@type\":\"ImageObject\",\"inLanguage\":\"es\",\"@id\":\"https:\/\/infoecos.com.ar\/index.php\/el-nivel-de-cumplimiento-del-nuevo-esquema-de-precios-fue-calificado-como-bueno\/#primaryimage\",\"url\":\"https:\/\/infoecos.com.ar\/wp-content\/uploads\/2021\/01\/pers_Roberto_Feletti281112488948.jpg\",\"contentUrl\":\"https:\/\/infoecos.com.ar\/wp-content\/uploads\/2021\/01\/pers_Roberto_Feletti281112488948.jpg\",\"width\":600,\"height\":450},{\"@type\":\"BreadcrumbList\",\"@id\":\"https:\/\/infoecos.com.ar\/index.php\/el-nivel-de-cumplimiento-del-nuevo-esquema-de-precios-fue-calificado-como-bueno\/#breadcrumb\",\"itemListElement\":[{\"@type\":\"ListItem\",\"position\":1,\"name\":\"Portada\",\"item\":\"https:\/\/infoecos.com.ar\/\"},{\"@type\":\"ListItem\",\"position\":2,\"name\":\"El nivel de cumplimiento del nuevo esquema de precios fue calificado como \u00abbueno\u00bb\"}]},{\"@type\":\"WebSite\",\"@id\":\"https:\/\/infoecos.com.ar\/#website\",\"url\":\"https:\/\/infoecos.com.ar\/\",\"name\":\"Infoecos\",\"description\":\"Noticias de trenque lauquen y la zona\",\"publisher\":{\"@id\":\"https:\/\/infoecos.com.ar\/#organization\"},\"alternateName\":\"Noticias\",\"potentialAction\":[{\"@type\":\"SearchAction\",\"target\":{\"@type\":\"EntryPoint\",\"urlTemplate\":\"https:\/\/infoecos.com.ar\/?s={search_term_string}\"},\"query-input\":{\"@type\":\"PropertyValueSpecification\",\"valueRequired\":true,\"valueName\":\"search_term_string\"}}],\"inLanguage\":\"es\"},{\"@type\":\"Organization\",\"@id\":\"https:\/\/infoecos.com.ar\/#organization\",\"name\":\"Infoecos\",\"alternateName\":\"Noticias\",\"url\":\"https:\/\/infoecos.com.ar\/\",\"logo\":{\"@type\":\"ImageObject\",\"inLanguage\":\"es\",\"@id\":\"https:\/\/infoecos.com.ar\/#\/schema\/logo\/image\/\",\"url\":\"https:\/\/infoecos.com.ar\/wp-content\/uploads\/2024\/03\/cropped-logo.png\",\"contentUrl\":\"https:\/\/infoecos.com.ar\/wp-content\/uploads\/2024\/03\/cropped-logo.png\",\"width\":374,\"height\":90,\"caption\":\"Infoecos\"},\"image\":{\"@id\":\"https:\/\/infoecos.com.ar\/#\/schema\/logo\/image\/\"},\"sameAs\":[\"https:\/\/www.facebook.com\/profile.php?id=100063200290284\",\"https:\/\/x.com\/infoecos\"]},{\"@type\":\"Person\",\"@id\":\"https:\/\/infoecos.com.ar\/#\/schema\/person\/8f5ace5ce73b4b4aac4b7245aee6f191\",\"name\":\"Jorge Matheus\",\"url\":\"https:\/\/infoecos.com.ar\/index.php\/author\/jomatheus\/\"}]}<\/script>\n<!-- \/ Yoast SEO plugin. -->","yoast_head_json":{"title":"El nivel de cumplimiento del nuevo esquema de precios fue calificado como \"bueno\" - Infoecos","robots":{"index":"index","follow":"follow","max-snippet":"max-snippet:-1","max-image-preview":"max-image-preview:large","max-video-preview":"max-video-preview:-1"},"canonical":"https:\/\/infoecos.com.ar\/index.php\/el-nivel-de-cumplimiento-del-nuevo-esquema-de-precios-fue-calificado-como-bueno\/","og_locale":"es_ES","og_type":"article","og_title":"El nivel de cumplimiento del nuevo esquema de precios fue calificado como \"bueno\" - Infoecos","og_description":"El secretario de Comercio Interior sostuvo que \"est\u00e1n dadas las condiciones para la baja de precios\"","og_url":"https:\/\/infoecos.com.ar\/index.php\/el-nivel-de-cumplimiento-del-nuevo-esquema-de-precios-fue-calificado-como-bueno\/","og_site_name":"Infoecos","article_publisher":"https:\/\/www.facebook.com\/profile.php?id=100063200290284","article_published_time":"2021-10-24T20:08:24+00:00","article_modified_time":"2021-10-24T20:08:25+00:00","og_image":[{"width":600,"height":450,"url":"https:\/\/infoecos.com.ar\/wp-content\/uploads\/2021\/01\/pers_Roberto_Feletti281112488948.jpg","type":"image\/jpeg"}],"author":"Jorge Matheus","twitter_card":"summary_large_image","twitter_creator":"@infoecos","twitter_site":"@infoecos","twitter_misc":{"Escrito por":"Jorge Matheus","Tiempo de lectura":"1 minuto"},"schema":{"@context":"https:\/\/schema.org","@graph":[{"@type":"Article","@id":"https:\/\/infoecos.com.ar\/index.php\/el-nivel-de-cumplimiento-del-nuevo-esquema-de-precios-fue-calificado-como-bueno\/#article","isPartOf":{"@id":"https:\/\/infoecos.com.ar\/index.php\/el-nivel-de-cumplimiento-del-nuevo-esquema-de-precios-fue-calificado-como-bueno\/"},"author":{"name":"Jorge Matheus","@id":"https:\/\/infoecos.com.ar\/#\/schema\/person\/8f5ace5ce73b4b4aac4b7245aee6f191"},"headline":"El nivel de cumplimiento del nuevo esquema de precios fue calificado como \u00abbueno\u00bb","datePublished":"2021-10-24T20:08:24+00:00","dateModified":"2021-10-24T20:08:25+00:00","mainEntityOfPage":{"@id":"https:\/\/infoecos.com.ar\/index.php\/el-nivel-de-cumplimiento-del-nuevo-esquema-de-precios-fue-calificado-como-bueno\/"},"wordCount":207,"publisher":{"@id":"https:\/\/infoecos.com.ar\/#organization"},"image":{"@id":"https:\/\/infoecos.com.ar\/index.php\/el-nivel-de-cumplimiento-del-nuevo-esquema-de-precios-fue-calificado-como-bueno\/#primaryimage"},"thumbnailUrl":"https:\/\/infoecos.com.ar\/wp-content\/uploads\/2021\/01\/pers_Roberto_Feletti281112488948.jpg","keywords":["DECLARACIONES DE FELETTI"],"articleSection":["C2 N3"],"inLanguage":"es"},{"@type":"WebPage","@id":"https:\/\/infoecos.com.ar\/index.php\/el-nivel-de-cumplimiento-del-nuevo-esquema-de-precios-fue-calificado-como-bueno\/","url":"https:\/\/infoecos.com.ar\/index.php\/el-nivel-de-cumplimiento-del-nuevo-esquema-de-precios-fue-calificado-como-bueno\/","name":"El nivel de cumplimiento del nuevo esquema de precios fue calificado como \"bueno\" - Infoecos","isPartOf":{"@id":"https:\/\/infoecos.com.ar\/#website"},"primaryImageOfPage":{"@id":"https:\/\/infoecos.com.ar\/index.php\/el-nivel-de-cumplimiento-del-nuevo-esquema-de-precios-fue-calificado-como-bueno\/#primaryimage"},"image":{"@id":"https:\/\/infoecos.com.ar\/index.php\/el-nivel-de-cumplimiento-del-nuevo-esquema-de-precios-fue-calificado-como-bueno\/#primaryimage"},"thumbnailUrl":"https:\/\/infoecos.com.ar\/wp-content\/uploads\/2021\/01\/pers_Roberto_Feletti281112488948.jpg","datePublished":"2021-10-24T20:08:24+00:00","dateModified":"2021-10-24T20:08:25+00:00","breadcrumb":{"@id":"https:\/\/infoecos.com.ar\/index.php\/el-nivel-de-cumplimiento-del-nuevo-esquema-de-precios-fue-calificado-como-bueno\/#breadcrumb"},"inLanguage":"es","potentialAction":[{"@type":"ReadAction","target":["https:\/\/infoecos.com.ar\/index.php\/el-nivel-de-cumplimiento-del-nuevo-esquema-de-precios-fue-calificado-como-bueno\/"]}]},{"@type":"ImageObject","inLanguage":"es","@id":"https:\/\/infoecos.com.ar\/index.php\/el-nivel-de-cumplimiento-del-nuevo-esquema-de-precios-fue-calificado-como-bueno\/#primaryimage","url":"https:\/\/infoecos.com.ar\/wp-content\/uploads\/2021\/01\/pers_Roberto_Feletti281112488948.jpg","contentUrl":"https:\/\/infoecos.com.ar\/wp-content\/uploads\/2021\/01\/pers_Roberto_Feletti281112488948.jpg","width":600,"height":450},{"@type":"BreadcrumbList","@id":"https:\/\/infoecos.com.ar\/index.php\/el-nivel-de-cumplimiento-del-nuevo-esquema-de-precios-fue-calificado-como-bueno\/#breadcrumb","itemListElement":[{"@type":"ListItem","position":1,"name":"Portada","item":"https:\/\/infoecos.com.ar\/"},{"@type":"ListItem","position":2,"name":"El nivel de cumplimiento del nuevo esquema de precios fue calificado como \u00abbueno\u00bb"}]},{"@type":"WebSite","@id":"https:\/\/infoecos.com.ar\/#website","url":"https:\/\/infoecos.com.ar\/","name":"Infoecos","description":"Noticias de trenque lauquen y la zona","publisher":{"@id":"https:\/\/infoecos.com.ar\/#organization"},"alternateName":"Noticias","potentialAction":[{"@type":"SearchAction","target":{"@type":"EntryPoint","urlTemplate":"https:\/\/infoecos.com.ar\/?s={search_term_string}"},"query-input":{"@type":"PropertyValueSpecification","valueRequired":true,"valueName":"search_term_string"}}],"inLanguage":"es"},{"@type":"Organization","@id":"https:\/\/infoecos.com.ar\/#organization","name":"Infoecos","alternateName":"Noticias","url":"https:\/\/infoecos.com.ar\/","logo":{"@type":"ImageObject","inLanguage":"es","@id":"https:\/\/infoecos.com.ar\/#\/schema\/logo\/image\/","url":"https:\/\/infoecos.com.ar\/wp-content\/uploads\/2024\/03\/cropped-logo.png","contentUrl":"https:\/\/infoecos.com.ar\/wp-content\/uploads\/2024\/03\/cropped-logo.png","width":374,"height":90,"caption":"Infoecos"},"image":{"@id":"https:\/\/infoecos.com.ar\/#\/schema\/logo\/image\/"},"sameAs":["https:\/\/www.facebook.com\/profile.php?id=100063200290284","https:\/\/x.com\/infoecos"]},{"@type":"Person","@id":"https:\/\/infoecos.com.ar\/#\/schema\/person\/8f5ace5ce73b4b4aac4b7245aee6f191","name":"Jorge Matheus","url":"https:\/\/infoecos.com.ar\/index.php\/author\/jomatheus\/"}]}},"featured_image_urls":{"full":["https:\/\/infoecos.com.ar\/wp-content\/uploads\/2021\/01\/pers_Roberto_Feletti281112488948.jpg",600,450,false],"thumbnail":["https:\/\/infoecos.com.ar\/wp-content\/uploads\/2021\/01\/pers_Roberto_Feletti281112488948-150x150.jpg",150,150,true],"medium":["https:\/\/infoecos.com.ar\/wp-content\/uploads\/2021\/01\/pers_Roberto_Feletti281112488948-460x345.jpg",460,345,true],"medium_large":["https:\/\/infoecos.com.ar\/wp-content\/uploads\/2021\/01\/pers_Roberto_Feletti281112488948.jpg",600,450,false],"large":["https:\/\/infoecos.com.ar\/wp-content\/uploads\/2021\/01\/pers_Roberto_Feletti281112488948.jpg",600,450,false],"1536x1536":["https:\/\/infoecos.com.ar\/wp-content\/uploads\/2021\/01\/pers_Roberto_Feletti281112488948.jpg",600,450,false],"2048x2048":["https:\/\/infoecos.com.ar\/wp-content\/uploads\/2021\/01\/pers_Roberto_Feletti281112488948.jpg",600,450,false],"covernews-slider-full":["https:\/\/infoecos.com.ar\/wp-content\/uploads\/2021\/01\/pers_Roberto_Feletti281112488948.jpg",600,450,false],"covernews-slider-center":["https:\/\/infoecos.com.ar\/wp-content\/uploads\/2021\/01\/pers_Roberto_Feletti281112488948.jpg",600,450,false],"covernews-featured":["https:\/\/infoecos.com.ar\/wp-content\/uploads\/2021\/01\/pers_Roberto_Feletti281112488948.jpg",600,450,false],"covernews-medium":["https:\/\/infoecos.com.ar\/wp-content\/uploads\/2021\/01\/pers_Roberto_Feletti281112488948-600x380.jpg",537,340,true],"covernews-medium-square":["https:\/\/infoecos.com.ar\/wp-content\/uploads\/2021\/01\/pers_Roberto_Feletti281112488948.jpg",333,250,false]},"author_info":{"info":["Jorge Matheus"]},"category_info":"<a href=\"https:\/\/infoecos.com.ar\/index.php\/category\/c2nota3\/\" rel=\"category tag\">C2 N3<\/a>","tag_info":"C2 N3","comment_count":"0","_links":{"self":[{"href":"https:\/\/infoecos.com.ar\/index.php\/wp-json\/wp\/v2\/posts\/88712"}],"collection":[{"href":"https:\/\/infoecos.com.ar\/index.php\/wp-json\/wp\/v2\/posts"}],"about":[{"href":"https:\/\/infoecos.com.ar\/index.php\/wp-json\/wp\/v2\/types\/post"}],"author":[{"embeddable":true,"href":"https:\/\/infoecos.com.ar\/index.php\/wp-json\/wp\/v2\/users\/2"}],"replies":[{"embeddable":true,"href":"https:\/\/infoecos.com.ar\/index.php\/wp-json\/wp\/v2\/comments?post=88712"}],"version-history":[{"count":1,"href":"https:\/\/infoecos.com.ar\/index.php\/wp-json\/wp\/v2\/posts\/88712\/revisions"}],"predecessor-version":[{"id":88713,"href":"https:\/\/infoecos.com.ar\/index.php\/wp-json\/wp\/v2\/posts\/88712\/revisions\/88713"}],"wp:featuredmedia":[{"embeddable":true,"href":"https:\/\/infoecos.com.ar\/index.php\/wp-json\/wp\/v2\/media\/72300"}],"wp:attachment":[{"href":"https:\/\/infoecos.com.ar\/index.php\/wp-json\/wp\/v2\/media?parent=88712"}],"wp:term":[{"taxonomy":"category","embeddable":true,"href":"https:\/\/infoecos.com.ar\/index.php\/wp-json\/wp\/v2\/categories?post=88712"},{"taxonomy":"post_tag","embeddable":true,"href":"https:\/\/infoecos.com.ar\/index.php\/wp-json\/wp\/v2\/tags?post=88712"}],"curies":[{"name":"wp","href":"https:\/\/api.w.org\/{rel}","templated":true}]}}