{"id":88714,"date":"2021-10-24T17:13:35","date_gmt":"2021-10-24T20:13:35","guid":{"rendered":"http:\/\/infoecos.com.ar\/?p=88714"},"modified":"2021-10-24T17:13:36","modified_gmt":"2021-10-24T20:13:36","slug":"danya-tavela-visita-este-lunes-la-ciudad-de-trenque-lauquen","status":"publish","type":"post","link":"https:\/\/infoecos.com.ar\/index.php\/danya-tavela-visita-este-lunes-la-ciudad-de-trenque-lauquen\/","title":{"rendered":"Danya Tavela visita este lunes la ciudad de Trenque Lauquen"},"content":{"rendered":"\n<p>La candidata a Diputada Nacional de Juntos y Vicerrectora de la Universidad Nacional del Noroeste de la Provincia de Buenos Aires (UNNOBA), Danya Tavela, estar\u00e1 en la ciudad de Trenque Lauquen para desarrollar una serie de actividades este pr\u00f3ximo lunes.<\/p>\n\n\n\n<p>Tavela, oriunda del distrito de Jun\u00edn, integra el sexto lugar en la lista de Juntos que encabezan Diego Santilli y Facundo Manes, y desembarcar\u00e1 en el distrito acompa\u00f1ada por el diputado provincial trenquelauquense Valent\u00edn Miranda y dirigentes seccionales.<\/p>\n\n\n\n<div class=\"wp-block-image is-style-default\"><figure class=\"aligncenter size-medium\"><img loading=\"lazy\" decoding=\"async\" width=\"460\" height=\"261\" src=\"http:\/\/infoecos.com.ar\/wp-content\/uploads\/2021\/10\/tavela-460x261.jpg\" alt=\"\" class=\"wp-image-88715\" srcset=\"https:\/\/infoecos.com.ar\/wp-content\/uploads\/2021\/10\/tavela-460x261.jpg 460w, https:\/\/infoecos.com.ar\/wp-content\/uploads\/2021\/10\/tavela-768x435.jpg 768w, https:\/\/infoecos.com.ar\/wp-content\/uploads\/2021\/10\/tavela.jpg 903w\" sizes=\"(max-width: 460px) 100vw, 460px\" \/><\/figure><\/div>\n\n\n\n<p>Est\u00e1 previsto que Tavela arribe a Trenque Lauquen a las 10:00 de la ma\u00f1ana para mantener un encuentro con el jefe comunal y su equipo de gobierno en el Palacio Municipal. Luego, a las 10:30 brindar\u00e1 una conferencia de prensa en el Comit\u00e9 Distrital de la UCR ubicado en la calle San Martin 276, abierta a todos los medios de comunicaci\u00f3n. All\u00ed estar\u00e1 acompa\u00f1ada por la Presidenta de partidaria, Gabriela Aimar, y la actual dirigencia del Comit\u00e9 radical; y candidatos a concejales y consejeros escolares de la lista distrital encabezados por Francisco Recoulat.<\/p>\n\n\n\n<p>Posteriormente, est\u00e1 agendada una recorrida por las instalaciones y aulas del Polo Cient\u00edfico Tecnol\u00f3gico emplazado en el predio de Hern\u00e1ndez 816 donde tomar\u00e1 contacto con las iniciativas y proyecto que se realizan en este espacio que funciona como sitio de aprendizaje, incubadora de ideas y plataforma de emprendimientos con una visi\u00f3n moderna, puesta en la realidad actual con perspectiva de futuro.<\/p>\n","protected":false},"excerpt":{"rendered":"<p>Est\u00e1 previsto que Tavela arribe a Trenque Lauquen a las 10:00 de la ma\u00f1ana para mantener un encuentro con el jefe comunal y su equipo de gobierno en el Palacio Municipal<\/p>\n","protected":false},"author":2,"featured_media":88715,"comment_status":"closed","ping_status":"open","sticky":false,"template":"","format":"standard","meta":{"footnotes":""},"categories":[46],"tags":[5530],"class_list":["post-88714","post","type-post","status-publish","format-standard","has-post-thumbnail","hentry","category-c2nota2","tag-candidata-a-diputada-nacional-por-juntos"],"yoast_head":"<!-- This site is optimized with the Yoast SEO plugin v23.4 - https:\/\/yoast.com\/wordpress\/plugins\/seo\/ -->\n<title>Danya Tavela visita este lunes la ciudad de Trenque Lauquen - Infoecos<\/title>\n<meta name=\"robots\" content=\"index, follow, max-snippet:-1, max-image-preview:large, max-video-preview:-1\" \/>\n<link rel=\"canonical\" href=\"https:\/\/infoecos.com.ar\/index.php\/danya-tavela-visita-este-lunes-la-ciudad-de-trenque-lauquen\/\" \/>\n<meta property=\"og:locale\" content=\"es_ES\" \/>\n<meta property=\"og:type\" content=\"article\" \/>\n<meta property=\"og:title\" content=\"Danya Tavela visita este lunes la ciudad de Trenque Lauquen - Infoecos\" \/>\n<meta property=\"og:description\" content=\"Est\u00e1 previsto que Tavela arribe a Trenque Lauquen a las 10:00 de la ma\u00f1ana para mantener un encuentro con el jefe comunal y su equipo de gobierno en el Palacio Municipal\" \/>\n<meta property=\"og:url\" content=\"https:\/\/infoecos.com.ar\/index.php\/danya-tavela-visita-este-lunes-la-ciudad-de-trenque-lauquen\/\" \/>\n<meta property=\"og:site_name\" content=\"Infoecos\" \/>\n<meta property=\"article:publisher\" content=\"https:\/\/www.facebook.com\/profile.php?id=100063200290284\" \/>\n<meta property=\"article:published_time\" content=\"2021-10-24T20:13:35+00:00\" \/>\n<meta property=\"article:modified_time\" content=\"2021-10-24T20:13:36+00:00\" \/>\n<meta property=\"og:image\" content=\"https:\/\/infoecos.com.ar\/wp-content\/uploads\/2021\/10\/tavela.jpg\" \/>\n\t<meta property=\"og:image:width\" content=\"903\" \/>\n\t<meta property=\"og:image:height\" content=\"512\" \/>\n\t<meta property=\"og:image:type\" content=\"image\/jpeg\" \/>\n<meta name=\"author\" content=\"Jorge Matheus\" \/>\n<meta name=\"twitter:card\" content=\"summary_large_image\" \/>\n<meta name=\"twitter:creator\" content=\"@infoecos\" \/>\n<meta name=\"twitter:site\" content=\"@infoecos\" \/>\n<meta name=\"twitter:label1\" content=\"Escrito por\" \/>\n\t<meta name=\"twitter:data1\" content=\"Jorge Matheus\" \/>\n\t<meta name=\"twitter:label2\" content=\"Tiempo de lectura\" \/>\n\t<meta name=\"twitter:data2\" content=\"1 minuto\" \/>\n<script type=\"application\/ld+json\" class=\"yoast-schema-graph\">{\"@context\":\"https:\/\/schema.org\",\"@graph\":[{\"@type\":\"Article\",\"@id\":\"https:\/\/infoecos.com.ar\/index.php\/danya-tavela-visita-este-lunes-la-ciudad-de-trenque-lauquen\/#article\",\"isPartOf\":{\"@id\":\"https:\/\/infoecos.com.ar\/index.php\/danya-tavela-visita-este-lunes-la-ciudad-de-trenque-lauquen\/\"},\"author\":{\"name\":\"Jorge Matheus\",\"@id\":\"https:\/\/infoecos.com.ar\/#\/schema\/person\/8f5ace5ce73b4b4aac4b7245aee6f191\"},\"headline\":\"Danya Tavela visita este lunes la ciudad de Trenque Lauquen\",\"datePublished\":\"2021-10-24T20:13:35+00:00\",\"dateModified\":\"2021-10-24T20:13:36+00:00\",\"mainEntityOfPage\":{\"@id\":\"https:\/\/infoecos.com.ar\/index.php\/danya-tavela-visita-este-lunes-la-ciudad-de-trenque-lauquen\/\"},\"wordCount\":249,\"publisher\":{\"@id\":\"https:\/\/infoecos.com.ar\/#organization\"},\"image\":{\"@id\":\"https:\/\/infoecos.com.ar\/index.php\/danya-tavela-visita-este-lunes-la-ciudad-de-trenque-lauquen\/#primaryimage\"},\"thumbnailUrl\":\"https:\/\/infoecos.com.ar\/wp-content\/uploads\/2021\/10\/tavela.jpg\",\"keywords\":[\"CANDIDATA A DIPUTADA NACIONAL POR JUNTOS\"],\"articleSection\":[\"C2 N2\"],\"inLanguage\":\"es\"},{\"@type\":\"WebPage\",\"@id\":\"https:\/\/infoecos.com.ar\/index.php\/danya-tavela-visita-este-lunes-la-ciudad-de-trenque-lauquen\/\",\"url\":\"https:\/\/infoecos.com.ar\/index.php\/danya-tavela-visita-este-lunes-la-ciudad-de-trenque-lauquen\/\",\"name\":\"Danya Tavela visita este lunes la ciudad de Trenque Lauquen - Infoecos\",\"isPartOf\":{\"@id\":\"https:\/\/infoecos.com.ar\/#website\"},\"primaryImageOfPage\":{\"@id\":\"https:\/\/infoecos.com.ar\/index.php\/danya-tavela-visita-este-lunes-la-ciudad-de-trenque-lauquen\/#primaryimage\"},\"image\":{\"@id\":\"https:\/\/infoecos.com.ar\/index.php\/danya-tavela-visita-este-lunes-la-ciudad-de-trenque-lauquen\/#primaryimage\"},\"thumbnailUrl\":\"https:\/\/infoecos.com.ar\/wp-content\/uploads\/2021\/10\/tavela.jpg\",\"datePublished\":\"2021-10-24T20:13:35+00:00\",\"dateModified\":\"2021-10-24T20:13:36+00:00\",\"breadcrumb\":{\"@id\":\"https:\/\/infoecos.com.ar\/index.php\/danya-tavela-visita-este-lunes-la-ciudad-de-trenque-lauquen\/#breadcrumb\"},\"inLanguage\":\"es\",\"potentialAction\":[{\"@type\":\"ReadAction\",\"target\":[\"https:\/\/infoecos.com.ar\/index.php\/danya-tavela-visita-este-lunes-la-ciudad-de-trenque-lauquen\/\"]}]},{\"@type\":\"ImageObject\",\"inLanguage\":\"es\",\"@id\":\"https:\/\/infoecos.com.ar\/index.php\/danya-tavela-visita-este-lunes-la-ciudad-de-trenque-lauquen\/#primaryimage\",\"url\":\"https:\/\/infoecos.com.ar\/wp-content\/uploads\/2021\/10\/tavela.jpg\",\"contentUrl\":\"https:\/\/infoecos.com.ar\/wp-content\/uploads\/2021\/10\/tavela.jpg\",\"width\":903,\"height\":512},{\"@type\":\"BreadcrumbList\",\"@id\":\"https:\/\/infoecos.com.ar\/index.php\/danya-tavela-visita-este-lunes-la-ciudad-de-trenque-lauquen\/#breadcrumb\",\"itemListElement\":[{\"@type\":\"ListItem\",\"position\":1,\"name\":\"Portada\",\"item\":\"https:\/\/infoecos.com.ar\/\"},{\"@type\":\"ListItem\",\"position\":2,\"name\":\"Danya Tavela visita este lunes la ciudad de Trenque Lauquen\"}]},{\"@type\":\"WebSite\",\"@id\":\"https:\/\/infoecos.com.ar\/#website\",\"url\":\"https:\/\/infoecos.com.ar\/\",\"name\":\"Infoecos\",\"description\":\"Noticias de trenque lauquen y la zona\",\"publisher\":{\"@id\":\"https:\/\/infoecos.com.ar\/#organization\"},\"alternateName\":\"Noticias\",\"potentialAction\":[{\"@type\":\"SearchAction\",\"target\":{\"@type\":\"EntryPoint\",\"urlTemplate\":\"https:\/\/infoecos.com.ar\/?s={search_term_string}\"},\"query-input\":{\"@type\":\"PropertyValueSpecification\",\"valueRequired\":true,\"valueName\":\"search_term_string\"}}],\"inLanguage\":\"es\"},{\"@type\":\"Organization\",\"@id\":\"https:\/\/infoecos.com.ar\/#organization\",\"name\":\"Infoecos\",\"alternateName\":\"Noticias\",\"url\":\"https:\/\/infoecos.com.ar\/\",\"logo\":{\"@type\":\"ImageObject\",\"inLanguage\":\"es\",\"@id\":\"https:\/\/infoecos.com.ar\/#\/schema\/logo\/image\/\",\"url\":\"https:\/\/infoecos.com.ar\/wp-content\/uploads\/2024\/03\/cropped-logo.png\",\"contentUrl\":\"https:\/\/infoecos.com.ar\/wp-content\/uploads\/2024\/03\/cropped-logo.png\",\"width\":374,\"height\":90,\"caption\":\"Infoecos\"},\"image\":{\"@id\":\"https:\/\/infoecos.com.ar\/#\/schema\/logo\/image\/\"},\"sameAs\":[\"https:\/\/www.facebook.com\/profile.php?id=100063200290284\",\"https:\/\/x.com\/infoecos\"]},{\"@type\":\"Person\",\"@id\":\"https:\/\/infoecos.com.ar\/#\/schema\/person\/8f5ace5ce73b4b4aac4b7245aee6f191\",\"name\":\"Jorge Matheus\",\"url\":\"https:\/\/infoecos.com.ar\/index.php\/author\/jomatheus\/\"}]}<\/script>\n<!-- \/ Yoast SEO plugin. -->","yoast_head_json":{"title":"Danya Tavela visita este lunes la ciudad de Trenque Lauquen - Infoecos","robots":{"index":"index","follow":"follow","max-snippet":"max-snippet:-1","max-image-preview":"max-image-preview:large","max-video-preview":"max-video-preview:-1"},"canonical":"https:\/\/infoecos.com.ar\/index.php\/danya-tavela-visita-este-lunes-la-ciudad-de-trenque-lauquen\/","og_locale":"es_ES","og_type":"article","og_title":"Danya Tavela visita este lunes la ciudad de Trenque Lauquen - Infoecos","og_description":"Est\u00e1 previsto que Tavela arribe a Trenque Lauquen a las 10:00 de la ma\u00f1ana para mantener un encuentro con el jefe comunal y su equipo de gobierno en el Palacio Municipal","og_url":"https:\/\/infoecos.com.ar\/index.php\/danya-tavela-visita-este-lunes-la-ciudad-de-trenque-lauquen\/","og_site_name":"Infoecos","article_publisher":"https:\/\/www.facebook.com\/profile.php?id=100063200290284","article_published_time":"2021-10-24T20:13:35+00:00","article_modified_time":"2021-10-24T20:13:36+00:00","og_image":[{"width":903,"height":512,"url":"https:\/\/infoecos.com.ar\/wp-content\/uploads\/2021\/10\/tavela.jpg","type":"image\/jpeg"}],"author":"Jorge Matheus","twitter_card":"summary_large_image","twitter_creator":"@infoecos","twitter_site":"@infoecos","twitter_misc":{"Escrito por":"Jorge Matheus","Tiempo de lectura":"1 minuto"},"schema":{"@context":"https:\/\/schema.org","@graph":[{"@type":"Article","@id":"https:\/\/infoecos.com.ar\/index.php\/danya-tavela-visita-este-lunes-la-ciudad-de-trenque-lauquen\/#article","isPartOf":{"@id":"https:\/\/infoecos.com.ar\/index.php\/danya-tavela-visita-este-lunes-la-ciudad-de-trenque-lauquen\/"},"author":{"name":"Jorge Matheus","@id":"https:\/\/infoecos.com.ar\/#\/schema\/person\/8f5ace5ce73b4b4aac4b7245aee6f191"},"headline":"Danya Tavela visita este lunes la ciudad de Trenque Lauquen","datePublished":"2021-10-24T20:13:35+00:00","dateModified":"2021-10-24T20:13:36+00:00","mainEntityOfPage":{"@id":"https:\/\/infoecos.com.ar\/index.php\/danya-tavela-visita-este-lunes-la-ciudad-de-trenque-lauquen\/"},"wordCount":249,"publisher":{"@id":"https:\/\/infoecos.com.ar\/#organization"},"image":{"@id":"https:\/\/infoecos.com.ar\/index.php\/danya-tavela-visita-este-lunes-la-ciudad-de-trenque-lauquen\/#primaryimage"},"thumbnailUrl":"https:\/\/infoecos.com.ar\/wp-content\/uploads\/2021\/10\/tavela.jpg","keywords":["CANDIDATA A DIPUTADA NACIONAL POR JUNTOS"],"articleSection":["C2 N2"],"inLanguage":"es"},{"@type":"WebPage","@id":"https:\/\/infoecos.com.ar\/index.php\/danya-tavela-visita-este-lunes-la-ciudad-de-trenque-lauquen\/","url":"https:\/\/infoecos.com.ar\/index.php\/danya-tavela-visita-este-lunes-la-ciudad-de-trenque-lauquen\/","name":"Danya Tavela visita este lunes la ciudad de Trenque Lauquen - Infoecos","isPartOf":{"@id":"https:\/\/infoecos.com.ar\/#website"},"primaryImageOfPage":{"@id":"https:\/\/infoecos.com.ar\/index.php\/danya-tavela-visita-este-lunes-la-ciudad-de-trenque-lauquen\/#primaryimage"},"image":{"@id":"https:\/\/infoecos.com.ar\/index.php\/danya-tavela-visita-este-lunes-la-ciudad-de-trenque-lauquen\/#primaryimage"},"thumbnailUrl":"https:\/\/infoecos.com.ar\/wp-content\/uploads\/2021\/10\/tavela.jpg","datePublished":"2021-10-24T20:13:35+00:00","dateModified":"2021-10-24T20:13:36+00:00","breadcrumb":{"@id":"https:\/\/infoecos.com.ar\/index.php\/danya-tavela-visita-este-lunes-la-ciudad-de-trenque-lauquen\/#breadcrumb"},"inLanguage":"es","potentialAction":[{"@type":"ReadAction","target":["https:\/\/infoecos.com.ar\/index.php\/danya-tavela-visita-este-lunes-la-ciudad-de-trenque-lauquen\/"]}]},{"@type":"ImageObject","inLanguage":"es","@id":"https:\/\/infoecos.com.ar\/index.php\/danya-tavela-visita-este-lunes-la-ciudad-de-trenque-lauquen\/#primaryimage","url":"https:\/\/infoecos.com.ar\/wp-content\/uploads\/2021\/10\/tavela.jpg","contentUrl":"https:\/\/infoecos.com.ar\/wp-content\/uploads\/2021\/10\/tavela.jpg","width":903,"height":512},{"@type":"BreadcrumbList","@id":"https:\/\/infoecos.com.ar\/index.php\/danya-tavela-visita-este-lunes-la-ciudad-de-trenque-lauquen\/#breadcrumb","itemListElement":[{"@type":"ListItem","position":1,"name":"Portada","item":"https:\/\/infoecos.com.ar\/"},{"@type":"ListItem","position":2,"name":"Danya Tavela visita este lunes la ciudad de Trenque Lauquen"}]},{"@type":"WebSite","@id":"https:\/\/infoecos.com.ar\/#website","url":"https:\/\/infoecos.com.ar\/","name":"Infoecos","description":"Noticias de trenque lauquen y la zona","publisher":{"@id":"https:\/\/infoecos.com.ar\/#organization"},"alternateName":"Noticias","potentialAction":[{"@type":"SearchAction","target":{"@type":"EntryPoint","urlTemplate":"https:\/\/infoecos.com.ar\/?s={search_term_string}"},"query-input":{"@type":"PropertyValueSpecification","valueRequired":true,"valueName":"search_term_string"}}],"inLanguage":"es"},{"@type":"Organization","@id":"https:\/\/infoecos.com.ar\/#organization","name":"Infoecos","alternateName":"Noticias","url":"https:\/\/infoecos.com.ar\/","logo":{"@type":"ImageObject","inLanguage":"es","@id":"https:\/\/infoecos.com.ar\/#\/schema\/logo\/image\/","url":"https:\/\/infoecos.com.ar\/wp-content\/uploads\/2024\/03\/cropped-logo.png","contentUrl":"https:\/\/infoecos.com.ar\/wp-content\/uploads\/2024\/03\/cropped-logo.png","width":374,"height":90,"caption":"Infoecos"},"image":{"@id":"https:\/\/infoecos.com.ar\/#\/schema\/logo\/image\/"},"sameAs":["https:\/\/www.facebook.com\/profile.php?id=100063200290284","https:\/\/x.com\/infoecos"]},{"@type":"Person","@id":"https:\/\/infoecos.com.ar\/#\/schema\/person\/8f5ace5ce73b4b4aac4b7245aee6f191","name":"Jorge Matheus","url":"https:\/\/infoecos.com.ar\/index.php\/author\/jomatheus\/"}]}},"featured_image_urls":{"full":["https:\/\/infoecos.com.ar\/wp-content\/uploads\/2021\/10\/tavela.jpg",903,512,false],"thumbnail":["https:\/\/infoecos.com.ar\/wp-content\/uploads\/2021\/10\/tavela-150x150.jpg",150,150,true],"medium":["https:\/\/infoecos.com.ar\/wp-content\/uploads\/2021\/10\/tavela-460x261.jpg",460,261,true],"medium_large":["https:\/\/infoecos.com.ar\/wp-content\/uploads\/2021\/10\/tavela-768x435.jpg",640,363,true],"large":["https:\/\/infoecos.com.ar\/wp-content\/uploads\/2021\/10\/tavela.jpg",640,363,false],"1536x1536":["https:\/\/infoecos.com.ar\/wp-content\/uploads\/2021\/10\/tavela.jpg",903,512,false],"2048x2048":["https:\/\/infoecos.com.ar\/wp-content\/uploads\/2021\/10\/tavela.jpg",903,512,false],"covernews-slider-full":["https:\/\/infoecos.com.ar\/wp-content\/uploads\/2021\/10\/tavela.jpg",903,512,false],"covernews-slider-center":["https:\/\/infoecos.com.ar\/wp-content\/uploads\/2021\/10\/tavela.jpg",800,454,false],"covernews-featured":["https:\/\/infoecos.com.ar\/wp-content\/uploads\/2021\/10\/tavela.jpg",903,512,false],"covernews-medium":["https:\/\/infoecos.com.ar\/wp-content\/uploads\/2021\/10\/tavela-720x380.jpg",540,285,true],"covernews-medium-square":["https:\/\/infoecos.com.ar\/wp-content\/uploads\/2021\/10\/tavela-675x450.jpg",375,250,true]},"author_info":{"info":["Jorge Matheus"]},"category_info":"<a href=\"https:\/\/infoecos.com.ar\/index.php\/category\/c2nota2\/\" rel=\"category tag\">C2 N2<\/a>","tag_info":"C2 N2","comment_count":"0","_links":{"self":[{"href":"https:\/\/infoecos.com.ar\/index.php\/wp-json\/wp\/v2\/posts\/88714"}],"collection":[{"href":"https:\/\/infoecos.com.ar\/index.php\/wp-json\/wp\/v2\/posts"}],"about":[{"href":"https:\/\/infoecos.com.ar\/index.php\/wp-json\/wp\/v2\/types\/post"}],"author":[{"embeddable":true,"href":"https:\/\/infoecos.com.ar\/index.php\/wp-json\/wp\/v2\/users\/2"}],"replies":[{"embeddable":true,"href":"https:\/\/infoecos.com.ar\/index.php\/wp-json\/wp\/v2\/comments?post=88714"}],"version-history":[{"count":1,"href":"https:\/\/infoecos.com.ar\/index.php\/wp-json\/wp\/v2\/posts\/88714\/revisions"}],"predecessor-version":[{"id":88716,"href":"https:\/\/infoecos.com.ar\/index.php\/wp-json\/wp\/v2\/posts\/88714\/revisions\/88716"}],"wp:featuredmedia":[{"embeddable":true,"href":"https:\/\/infoecos.com.ar\/index.php\/wp-json\/wp\/v2\/media\/88715"}],"wp:attachment":[{"href":"https:\/\/infoecos.com.ar\/index.php\/wp-json\/wp\/v2\/media?parent=88714"}],"wp:term":[{"taxonomy":"category","embeddable":true,"href":"https:\/\/infoecos.com.ar\/index.php\/wp-json\/wp\/v2\/categories?post=88714"},{"taxonomy":"post_tag","embeddable":true,"href":"https:\/\/infoecos.com.ar\/index.php\/wp-json\/wp\/v2\/tags?post=88714"}],"curies":[{"name":"wp","href":"https:\/\/api.w.org\/{rel}","templated":true}]}}