{"id":88717,"date":"2021-10-24T17:41:14","date_gmt":"2021-10-24T20:41:14","guid":{"rendered":"http:\/\/infoecos.com.ar\/?p=88717"},"modified":"2021-10-24T17:41:15","modified_gmt":"2021-10-24T20:41:15","slug":"se-suicido-un-policia-de-la-provincia-de-buenos-aires-a-la-vera-de-la-ruta-65-entre-dudignac-y-9-de-julio","status":"publish","type":"post","link":"https:\/\/infoecos.com.ar\/index.php\/se-suicido-un-policia-de-la-provincia-de-buenos-aires-a-la-vera-de-la-ruta-65-entre-dudignac-y-9-de-julio\/","title":{"rendered":"Se suicid\u00f3 un polic\u00eda de la provincia de Buenos Aires a la vera de la Ruta 65 entre Dudignac y 9 de Julio"},"content":{"rendered":"\n<p class=\"wp-block-paragraph\">Un joven polic\u00eda, oriundo de Caruh\u00e9, se suicid\u00f3 con su arma reglamentaria dentro del autom\u00f3vil que se conduc\u00eda, a la vera de la ruta provincial n\u00famero 65, kil\u00f3metro 190, sentido Dudignac-9 de Julio. <\/p>\n\n\n\n<div class=\"wp-block-image is-style-default\"><figure class=\"aligncenter size-medium\"><img loading=\"lazy\" decoding=\"async\" width=\"460\" height=\"242\" src=\"http:\/\/infoecos.com.ar\/wp-content\/uploads\/2021\/10\/policiaruta65-460x242.jpg\" alt=\"\" class=\"wp-image-88718\" srcset=\"https:\/\/infoecos.com.ar\/wp-content\/uploads\/2021\/10\/policiaruta65-460x242.jpg 460w, https:\/\/infoecos.com.ar\/wp-content\/uploads\/2021\/10\/policiaruta65-920x484.jpg 920w, https:\/\/infoecos.com.ar\/wp-content\/uploads\/2021\/10\/policiaruta65-768x404.jpg 768w, https:\/\/infoecos.com.ar\/wp-content\/uploads\/2021\/10\/policiaruta65-720x380.jpg 720w, https:\/\/infoecos.com.ar\/wp-content\/uploads\/2021\/10\/policiaruta65.jpg 1024w\" sizes=\"auto, (max-width: 460px) 100vw, 460px\" \/><\/figure><\/div>\n\n\n\n<p class=\"wp-block-paragraph\">El polic\u00eda identificado como Agust\u00edn Ariel Paladino era Oficial e integraba el \u00e1rea de caballer\u00eda en Campana. <\/p>\n\n\n\n<p class=\"wp-block-paragraph\">A ra\u00edz del relevamiento realizado, testimonios recolectados y trabajo realizado por parte Peritos Especialidad Rastros, Planim\u00e9trico y Bal\u00edstico se estableci\u00f3 que el efectivo policial se quit\u00f3 la vida efectu\u00e1ndose disparo con arma de fuego reglamentaria, por lo que la caratula es \u201csuicidio\u201d.<\/p>\n\n\n\n<p class=\"wp-block-paragraph\"><strong>Fuente: diarioderivera.com.ar<\/strong><\/p>\n\n\n\n<p class=\"wp-block-paragraph\"><\/p>\n","protected":false},"excerpt":{"rendered":"<p>El polic\u00eda identificado como Agust\u00edn Ariel Paladino era Oficial e integraba el \u00e1rea de caballer\u00eda en Campana<\/p>\n","protected":false},"author":2,"featured_media":88718,"comment_status":"closed","ping_status":"open","sticky":false,"template":"","format":"standard","meta":{"footnotes":""},"categories":[47],"tags":[5531],"class_list":["post-88717","post","type-post","status-publish","format-standard","has-post-thumbnail","hentry","category-c3nota2","tag-kilometro-190"],"featured_image_urls":{"full":["https:\/\/infoecos.com.ar\/wp-content\/uploads\/2021\/10\/policiaruta65.jpg",1024,539,false],"thumbnail":["https:\/\/infoecos.com.ar\/wp-content\/uploads\/2021\/10\/policiaruta65-150x150.jpg",150,150,true],"medium":["https:\/\/infoecos.com.ar\/wp-content\/uploads\/2021\/10\/policiaruta65-460x242.jpg",460,242,true],"medium_large":["https:\/\/infoecos.com.ar\/wp-content\/uploads\/2021\/10\/policiaruta65-768x404.jpg",640,337,true],"large":["https:\/\/infoecos.com.ar\/wp-content\/uploads\/2021\/10\/policiaruta65-920x484.jpg",640,337,true],"1536x1536":["https:\/\/infoecos.com.ar\/wp-content\/uploads\/2021\/10\/policiaruta65.jpg",1024,539,false],"2048x2048":["https:\/\/infoecos.com.ar\/wp-content\/uploads\/2021\/10\/policiaruta65.jpg",1024,539,false],"covernews-slider-full":["https:\/\/infoecos.com.ar\/wp-content\/uploads\/2021\/10\/policiaruta65.jpg",1024,539,false],"covernews-slider-center":["https:\/\/infoecos.com.ar\/wp-content\/uploads\/2021\/10\/policiaruta65-936x539.jpg",800,461,true],"covernews-featured":["https:\/\/infoecos.com.ar\/wp-content\/uploads\/2021\/10\/policiaruta65.jpg",1024,539,false],"covernews-medium":["https:\/\/infoecos.com.ar\/wp-content\/uploads\/2021\/10\/policiaruta65-720x380.jpg",540,285,true],"covernews-medium-square":["https:\/\/infoecos.com.ar\/wp-content\/uploads\/2021\/10\/policiaruta65-675x450.jpg",375,250,true]},"author_info":{"info":["Jorge Matheus"]},"category_info":"<a href=\"https:\/\/infoecos.com.ar\/index.php\/category\/c3nota2\/\" rel=\"category tag\">C3 N2<\/a>","tag_info":"C3 N2","comment_count":"0","_links":{"self":[{"href":"https:\/\/infoecos.com.ar\/index.php\/wp-json\/wp\/v2\/posts\/88717","targetHints":{"allow":["GET"]}}],"collection":[{"href":"https:\/\/infoecos.com.ar\/index.php\/wp-json\/wp\/v2\/posts"}],"about":[{"href":"https:\/\/infoecos.com.ar\/index.php\/wp-json\/wp\/v2\/types\/post"}],"author":[{"embeddable":true,"href":"https:\/\/infoecos.com.ar\/index.php\/wp-json\/wp\/v2\/users\/2"}],"replies":[{"embeddable":true,"href":"https:\/\/infoecos.com.ar\/index.php\/wp-json\/wp\/v2\/comments?post=88717"}],"version-history":[{"count":1,"href":"https:\/\/infoecos.com.ar\/index.php\/wp-json\/wp\/v2\/posts\/88717\/revisions"}],"predecessor-version":[{"id":88719,"href":"https:\/\/infoecos.com.ar\/index.php\/wp-json\/wp\/v2\/posts\/88717\/revisions\/88719"}],"wp:featuredmedia":[{"embeddable":true,"href":"https:\/\/infoecos.com.ar\/index.php\/wp-json\/wp\/v2\/media\/88718"}],"wp:attachment":[{"href":"https:\/\/infoecos.com.ar\/index.php\/wp-json\/wp\/v2\/media?parent=88717"}],"wp:term":[{"taxonomy":"category","embeddable":true,"href":"https:\/\/infoecos.com.ar\/index.php\/wp-json\/wp\/v2\/categories?post=88717"},{"taxonomy":"post_tag","embeddable":true,"href":"https:\/\/infoecos.com.ar\/index.php\/wp-json\/wp\/v2\/tags?post=88717"}],"curies":[{"name":"wp","href":"https:\/\/api.w.org\/{rel}","templated":true}]}}