{"id":88724,"date":"2021-10-25T02:09:42","date_gmt":"2021-10-25T05:09:42","guid":{"rendered":"http:\/\/infoecos.com.ar\/?p=88724"},"modified":"2021-10-25T02:09:43","modified_gmt":"2021-10-25T05:09:43","slug":"se-suicida-alfonsina-storni-fallece-virgilio-exposito-y-se-estrena-la-telenovela-bety-la-fea","status":"publish","type":"post","link":"https:\/\/infoecos.com.ar\/index.php\/se-suicida-alfonsina-storni-fallece-virgilio-exposito-y-se-estrena-la-telenovela-bety-la-fea\/","title":{"rendered":"Se suicida Alfonsina Storni, fallece Virgilio Exp\u00f3sito y se estrena la telenovela Bety la fea"},"content":{"rendered":"\n<p class=\"wp-block-paragraph\"><strong>El 25 de Octubre de 1938<\/strong><\/p>\n\n\n\n<p class=\"wp-block-paragraph\">Se suicida Alfonsina Storni en Mar del Plata. La poeta ten\u00eda 46 a\u00f1os y sufr\u00eda de c\u00e1ncer, por lo que opt\u00f3 por acabar con su vida intern\u00e1ndose en el mar.\u00a0<\/p>\n\n\n\n<div class=\"wp-block-image is-style-default\"><figure class=\"aligncenter size-medium\"><img loading=\"lazy\" decoding=\"async\" width=\"460\" height=\"264\" src=\"http:\/\/infoecos.com.ar\/wp-content\/uploads\/2021\/10\/stornialfonsina-460x264.jpg\" alt=\"\" class=\"wp-image-88725\" srcset=\"https:\/\/infoecos.com.ar\/wp-content\/uploads\/2021\/10\/stornialfonsina-460x264.jpg 460w, https:\/\/infoecos.com.ar\/wp-content\/uploads\/2021\/10\/stornialfonsina-920x528.jpg 920w, https:\/\/infoecos.com.ar\/wp-content\/uploads\/2021\/10\/stornialfonsina-768x441.jpg 768w, https:\/\/infoecos.com.ar\/wp-content\/uploads\/2021\/10\/stornialfonsina.jpg 1024w\" sizes=\"auto, (max-width: 460px) 100vw, 460px\" \/><\/figure><\/div>\n\n\n\n<p class=\"wp-block-paragraph\">La inquietud del rosal<em>\u00a0<\/em>fue su primer poemario, aparecido en 1916. Le siguieron, entre otros,\u00a0<em>E<\/em>l dulce da\u00f1o,\u00a0Languidez\u00a0y\u00a0Ocre. Tambi\u00e9n escribi\u00f3 obras de teatro para ni\u00f1os. La canci\u00f3n \u00abAlfonsina y el mar\u00bb, de Ariel Ram\u00edrez y F\u00e9lix Luna, y que grab\u00f3 por primera vez Mercedes Sosa en el disco\u00a0Mujeres argentinas<em>\u00a0<\/em>(1969), trata sobre su final.<\/p>\n\n\n\n<p class=\"wp-block-paragraph\"><strong>El 25 de Octubre de 1997<\/strong><\/p>\n\n\n\n<p class=\"wp-block-paragraph\">Muere en Buenos Aires, a los 73 a\u00f1os de edad, el pianista y compositor Virgilio Exp\u00f3sito, autor de populares tangos como Naranjo en flor, Fangal y Batilana. <\/p>\n\n\n\n<div class=\"wp-block-image is-style-default\"><figure class=\"aligncenter size-medium\"><img loading=\"lazy\" decoding=\"async\" width=\"460\" height=\"306\" src=\"http:\/\/infoecos.com.ar\/wp-content\/uploads\/2021\/10\/expositovirgilio-460x306.jpg\" alt=\"\" class=\"wp-image-88726\" srcset=\"https:\/\/infoecos.com.ar\/wp-content\/uploads\/2021\/10\/expositovirgilio-460x306.jpg 460w, https:\/\/infoecos.com.ar\/wp-content\/uploads\/2021\/10\/expositovirgilio-768x511.jpg 768w, https:\/\/infoecos.com.ar\/wp-content\/uploads\/2021\/10\/expositovirgilio-675x450.jpg 675w, https:\/\/infoecos.com.ar\/wp-content\/uploads\/2021\/10\/expositovirgilio.jpg 880w\" sizes=\"auto, (max-width: 460px) 100vw, 460px\" \/><\/figure><\/div>\n\n\n\n<p class=\"wp-block-paragraph\">Es reconocido como uno de los m\u00fasicos m\u00e1s representativos de la generaci\u00f3n de 1940.<\/p>\n\n\n\n<p class=\"wp-block-paragraph\"><strong>El 25 de Octubre de 1999<\/strong><\/p>\n\n\n\n<div class=\"wp-block-image is-style-default\"><figure class=\"aligncenter size-medium\"><img loading=\"lazy\" decoding=\"async\" width=\"460\" height=\"308\" src=\"http:\/\/infoecos.com.ar\/wp-content\/uploads\/2021\/10\/bettylafea-460x308.jpeg\" alt=\"\" class=\"wp-image-88727\" srcset=\"https:\/\/infoecos.com.ar\/wp-content\/uploads\/2021\/10\/bettylafea-460x308.jpeg 460w, https:\/\/infoecos.com.ar\/wp-content\/uploads\/2021\/10\/bettylafea.jpeg 640w\" sizes=\"auto, (max-width: 460px) 100vw, 460px\" \/><\/figure><\/div>\n\n\n\n<p class=\"wp-block-paragraph\">El canal de televisi\u00f3n RCN de Colombia estrena la telenovela Betty la fea, ganadora de un Premio Guinness en 2010 por la popularidad alcanzada a lo largo de su emisi\u00f3n, que concluy\u00f3 el 8 de mayo de 2001.<\/p>\n","protected":false},"excerpt":{"rendered":"<p>La poeta ten\u00eda 46 a\u00f1os y sufr\u00eda de c\u00e1ncer, por lo que opt\u00f3 por acabar con su vida intern\u00e1ndose en el mar<\/p>\n","protected":false},"author":2,"featured_media":88725,"comment_status":"closed","ping_status":"open","sticky":false,"template":"","format":"standard","meta":{"footnotes":""},"categories":[50],"tags":[5054],"class_list":["post-88724","post","type-post","status-publish","format-standard","has-post-thumbnail","hentry","category-c1nota4","tag-iecos-efemerides"],"featured_image_urls":{"full":["https:\/\/infoecos.com.ar\/wp-content\/uploads\/2021\/10\/stornialfonsina.jpg",1024,588,false],"thumbnail":["https:\/\/infoecos.com.ar\/wp-content\/uploads\/2021\/10\/stornialfonsina-150x150.jpg",150,150,true],"medium":["https:\/\/infoecos.com.ar\/wp-content\/uploads\/2021\/10\/stornialfonsina-460x264.jpg",460,264,true],"medium_large":["https:\/\/infoecos.com.ar\/wp-content\/uploads\/2021\/10\/stornialfonsina-768x441.jpg",640,368,true],"large":["https:\/\/infoecos.com.ar\/wp-content\/uploads\/2021\/10\/stornialfonsina-920x528.jpg",640,367,true],"1536x1536":["https:\/\/infoecos.com.ar\/wp-content\/uploads\/2021\/10\/stornialfonsina.jpg",1024,588,false],"2048x2048":["https:\/\/infoecos.com.ar\/wp-content\/uploads\/2021\/10\/stornialfonsina.jpg",1024,588,false],"covernews-slider-full":["https:\/\/infoecos.com.ar\/wp-content\/uploads\/2021\/10\/stornialfonsina.jpg",1024,588,false],"covernews-slider-center":["https:\/\/infoecos.com.ar\/wp-content\/uploads\/2021\/10\/stornialfonsina-936x588.jpg",796,500,true],"covernews-featured":["https:\/\/infoecos.com.ar\/wp-content\/uploads\/2021\/10\/stornialfonsina.jpg",1024,588,false],"covernews-medium":["https:\/\/infoecos.com.ar\/wp-content\/uploads\/2021\/10\/stornialfonsina-720x380.jpg",540,285,true],"covernews-medium-square":["https:\/\/infoecos.com.ar\/wp-content\/uploads\/2021\/10\/stornialfonsina-675x450.jpg",375,250,true]},"author_info":{"info":["Jorge Matheus"]},"category_info":"<a href=\"https:\/\/infoecos.com.ar\/index.php\/category\/c1nota4\/\" rel=\"category tag\">C1 N4<\/a>","tag_info":"C1 N4","comment_count":"0","_links":{"self":[{"href":"https:\/\/infoecos.com.ar\/index.php\/wp-json\/wp\/v2\/posts\/88724","targetHints":{"allow":["GET"]}}],"collection":[{"href":"https:\/\/infoecos.com.ar\/index.php\/wp-json\/wp\/v2\/posts"}],"about":[{"href":"https:\/\/infoecos.com.ar\/index.php\/wp-json\/wp\/v2\/types\/post"}],"author":[{"embeddable":true,"href":"https:\/\/infoecos.com.ar\/index.php\/wp-json\/wp\/v2\/users\/2"}],"replies":[{"embeddable":true,"href":"https:\/\/infoecos.com.ar\/index.php\/wp-json\/wp\/v2\/comments?post=88724"}],"version-history":[{"count":1,"href":"https:\/\/infoecos.com.ar\/index.php\/wp-json\/wp\/v2\/posts\/88724\/revisions"}],"predecessor-version":[{"id":88728,"href":"https:\/\/infoecos.com.ar\/index.php\/wp-json\/wp\/v2\/posts\/88724\/revisions\/88728"}],"wp:featuredmedia":[{"embeddable":true,"href":"https:\/\/infoecos.com.ar\/index.php\/wp-json\/wp\/v2\/media\/88725"}],"wp:attachment":[{"href":"https:\/\/infoecos.com.ar\/index.php\/wp-json\/wp\/v2\/media?parent=88724"}],"wp:term":[{"taxonomy":"category","embeddable":true,"href":"https:\/\/infoecos.com.ar\/index.php\/wp-json\/wp\/v2\/categories?post=88724"},{"taxonomy":"post_tag","embeddable":true,"href":"https:\/\/infoecos.com.ar\/index.php\/wp-json\/wp\/v2\/tags?post=88724"}],"curies":[{"name":"wp","href":"https:\/\/api.w.org\/{rel}","templated":true}]}}