{"id":88782,"date":"2021-10-25T13:36:05","date_gmt":"2021-10-25T16:36:05","guid":{"rendered":"http:\/\/infoecos.com.ar\/?p=88782"},"modified":"2021-10-27T05:43:02","modified_gmt":"2021-10-27T08:43:02","slug":"se-desarrollara-hasta-el-31-de-octubre-en-provincia-de-buenos-aires-la-semana-de-la-vacunacion","status":"publish","type":"post","link":"https:\/\/infoecos.com.ar\/index.php\/se-desarrollara-hasta-el-31-de-octubre-en-provincia-de-buenos-aires-la-semana-de-la-vacunacion\/","title":{"rendered":"Se desarrollar\u00e1 hasta el 31 de octubre en provincia de Buenos Aires la \u00abSemana de la Vacunaci\u00f3n\u00bb"},"content":{"rendered":"\n<p>Hasta el 31 de octubre se desarrollar\u00e1 la campa\u00f1a <strong>#AhoraEsElMomento<\/strong> que busca fortalecer la importancia de recibir las vacunas del Calendario Nacional de Vacunaci\u00f3n.<\/p>\n\n\n\n<p>El ministerio de Salud de la Provincia de Buenos Aires present\u00f3 la <strong>Semana de la Vacunaci\u00f3n<\/strong> que busca concientizar a la poblaci\u00f3n sobre la importancia de iniciar o completar los esquemas de vacunas del Calendario Nacional para evitar la reaparici\u00f3n de enfermedades. Con una bater\u00eda de actividades en Regiones, Municipios y un ciclo de Conversatorios Virtuales se busca facilitar el acceso de adultos y chicos a las vacunas del calendario, que son obligatorias y gratuitas.<\/p>\n\n\n\n<div class=\"wp-block-image is-style-default\"><figure class=\"aligncenter size-medium\"><img loading=\"lazy\" decoding=\"async\" width=\"460\" height=\"216\" src=\"http:\/\/infoecos.com.ar\/wp-content\/uploads\/2021\/10\/vacunacion-460x216.jpeg\" alt=\"\" class=\"wp-image-88783\" srcset=\"https:\/\/infoecos.com.ar\/wp-content\/uploads\/2021\/10\/vacunacion-460x216.jpeg 460w, https:\/\/infoecos.com.ar\/wp-content\/uploads\/2021\/10\/vacunacion-920x432.jpeg 920w, https:\/\/infoecos.com.ar\/wp-content\/uploads\/2021\/10\/vacunacion-768x361.jpeg 768w, https:\/\/infoecos.com.ar\/wp-content\/uploads\/2021\/10\/vacunacion-1024x481.jpeg 1024w, https:\/\/infoecos.com.ar\/wp-content\/uploads\/2021\/10\/vacunacion.jpeg 1200w\" sizes=\"(max-width: 460px) 100vw, 460px\" \/><\/figure><\/div>\n\n\n\n<p>Durante esta semana, <strong>los equipos de Salud saldr\u00e1n a vacunar Casa por Casa<\/strong> para recuperar las coberturas de vacunaci\u00f3n del calendario que disminuyeron a ra\u00edz de la pandemia.&nbsp;Los profesionales sanitarios desplegar\u00e1n postas itinerantes de vacunaci\u00f3n en Escuelas, Clubes, Plazas y en espacios de alto tr\u00e1nsito, como shoppings.<\/p>\n\n\n\n<p>En simult\u00e1neo se impulsar\u00e1n numerosas iniciativas para acercar a la poblaci\u00f3n a los m\u00e1s de 2 mil centros de salud municipales y hospitales provinciales con vacunatorios que, actualmente, cuentan con todas las vacunas del Calendario Nacional.<\/p>\n\n\n\n<p>A la vez, se realizar\u00e1n m\u00faltiples actividades de promoci\u00f3n que incluyen campa\u00f1as de difusi\u00f3n en TV, Radio, Redes Sociales y se instalar\u00e1n postas de prevenci\u00f3n y promoci\u00f3n. Tambi\u00e9n se desarrollar\u00e1n reuniones de informaci\u00f3n y difusi\u00f3n con sociedades cient\u00edficas, colegios de m\u00e9dicos, entre otras instituciones sanitarias.<\/p>\n\n\n\n<p><strong>El Calendario Nacional que rige en Argentina y es modelo en Latinoam\u00e9rica contiene 19 vacunas obligatorias y gratuitas para proteger de m\u00faltiples enfermedades a beb\u00e9s, ni\u00f1os, ni\u00f1as, adolescentes y adultos<\/strong>. A partir de la estrategia de inmunizaci\u00f3n que se realiza mediante el Calendario Nacional, el pa\u00eds se mantiene libre de enfermedades como poliomielitis, rub\u00e9ola y sarampi\u00f3n, entre muchas otras.<\/p>\n\n\n\n<p>Se puede acceder a los centros de vacunaci\u00f3n ingresando en<strong>&nbsp;<a rel=\"noreferrer noopener\" href=\"http:\/\/www.gba.gob.ar\/vacunaci%C3%B3n\" target=\"_blank\">www.gba.gob.ar\/vacunaci\u00f3n<\/a>.<\/strong><\/p>\n","protected":false},"excerpt":{"rendered":"<p>Se realizar\u00e1n m\u00faltiples actividades de promoci\u00f3n que incluyen campa\u00f1as de difusi\u00f3n en TV, Radio, Redes Sociales y se instalar\u00e1n postas de prevenci\u00f3n y promoci\u00f3n<\/p>\n","protected":false},"author":2,"featured_media":88783,"comment_status":"closed","ping_status":"open","sticky":false,"template":"","format":"standard","meta":{"footnotes":""},"categories":[1331],"tags":[4246],"class_list":["post-88782","post","type-post","status-publish","format-standard","has-post-thumbnail","hentry","category-inferior11","tag-se-vacunara-casa-por-casa"],"yoast_head":"<!-- This site is optimized with the Yoast SEO plugin v23.4 - https:\/\/yoast.com\/wordpress\/plugins\/seo\/ -->\n<title>Se desarrollar\u00e1 hasta el 31 de octubre en provincia de Buenos Aires la &quot;Semana de la Vacunaci\u00f3n&quot; - Infoecos<\/title>\n<meta name=\"robots\" content=\"index, follow, max-snippet:-1, max-image-preview:large, max-video-preview:-1\" \/>\n<link rel=\"canonical\" href=\"https:\/\/infoecos.com.ar\/index.php\/se-desarrollara-hasta-el-31-de-octubre-en-provincia-de-buenos-aires-la-semana-de-la-vacunacion\/\" \/>\n<meta property=\"og:locale\" content=\"es_ES\" \/>\n<meta property=\"og:type\" content=\"article\" \/>\n<meta property=\"og:title\" content=\"Se desarrollar\u00e1 hasta el 31 de octubre en provincia de Buenos Aires la &quot;Semana de la Vacunaci\u00f3n&quot; - Infoecos\" \/>\n<meta property=\"og:description\" content=\"Se realizar\u00e1n m\u00faltiples actividades de promoci\u00f3n que incluyen campa\u00f1as de difusi\u00f3n en TV, Radio, Redes Sociales y se instalar\u00e1n postas de prevenci\u00f3n y promoci\u00f3n\" \/>\n<meta property=\"og:url\" content=\"https:\/\/infoecos.com.ar\/index.php\/se-desarrollara-hasta-el-31-de-octubre-en-provincia-de-buenos-aires-la-semana-de-la-vacunacion\/\" \/>\n<meta property=\"og:site_name\" content=\"Infoecos\" \/>\n<meta property=\"article:publisher\" content=\"https:\/\/www.facebook.com\/profile.php?id=100063200290284\" \/>\n<meta property=\"article:published_time\" content=\"2021-10-25T16:36:05+00:00\" \/>\n<meta property=\"article:modified_time\" content=\"2021-10-27T08:43:02+00:00\" \/>\n<meta property=\"og:image\" content=\"https:\/\/infoecos.com.ar\/wp-content\/uploads\/2021\/10\/vacunacion.jpeg\" \/>\n\t<meta property=\"og:image:width\" content=\"1200\" \/>\n\t<meta property=\"og:image:height\" content=\"564\" \/>\n\t<meta property=\"og:image:type\" content=\"image\/jpeg\" \/>\n<meta name=\"author\" content=\"Jorge Matheus\" \/>\n<meta name=\"twitter:card\" content=\"summary_large_image\" \/>\n<meta name=\"twitter:creator\" content=\"@infoecos\" \/>\n<meta name=\"twitter:site\" content=\"@infoecos\" \/>\n<meta name=\"twitter:label1\" content=\"Escrito por\" \/>\n\t<meta name=\"twitter:data1\" content=\"Jorge Matheus\" \/>\n\t<meta name=\"twitter:label2\" content=\"Tiempo de lectura\" \/>\n\t<meta name=\"twitter:data2\" content=\"2 minutos\" \/>\n<script type=\"application\/ld+json\" class=\"yoast-schema-graph\">{\"@context\":\"https:\/\/schema.org\",\"@graph\":[{\"@type\":\"Article\",\"@id\":\"https:\/\/infoecos.com.ar\/index.php\/se-desarrollara-hasta-el-31-de-octubre-en-provincia-de-buenos-aires-la-semana-de-la-vacunacion\/#article\",\"isPartOf\":{\"@id\":\"https:\/\/infoecos.com.ar\/index.php\/se-desarrollara-hasta-el-31-de-octubre-en-provincia-de-buenos-aires-la-semana-de-la-vacunacion\/\"},\"author\":{\"name\":\"Jorge Matheus\",\"@id\":\"https:\/\/infoecos.com.ar\/#\/schema\/person\/8f5ace5ce73b4b4aac4b7245aee6f191\"},\"headline\":\"Se desarrollar\u00e1 hasta el 31 de octubre en provincia de Buenos Aires la \u00abSemana de la Vacunaci\u00f3n\u00bb\",\"datePublished\":\"2021-10-25T16:36:05+00:00\",\"dateModified\":\"2021-10-27T08:43:02+00:00\",\"mainEntityOfPage\":{\"@id\":\"https:\/\/infoecos.com.ar\/index.php\/se-desarrollara-hasta-el-31-de-octubre-en-provincia-de-buenos-aires-la-semana-de-la-vacunacion\/\"},\"wordCount\":359,\"publisher\":{\"@id\":\"https:\/\/infoecos.com.ar\/#organization\"},\"image\":{\"@id\":\"https:\/\/infoecos.com.ar\/index.php\/se-desarrollara-hasta-el-31-de-octubre-en-provincia-de-buenos-aires-la-semana-de-la-vacunacion\/#primaryimage\"},\"thumbnailUrl\":\"https:\/\/infoecos.com.ar\/wp-content\/uploads\/2021\/10\/vacunacion.jpeg\",\"keywords\":[\"SE VACUNAR\u00c1 CASA POR CASA\"],\"articleSection\":[\"Bloque inferior - 11\"],\"inLanguage\":\"es\"},{\"@type\":\"WebPage\",\"@id\":\"https:\/\/infoecos.com.ar\/index.php\/se-desarrollara-hasta-el-31-de-octubre-en-provincia-de-buenos-aires-la-semana-de-la-vacunacion\/\",\"url\":\"https:\/\/infoecos.com.ar\/index.php\/se-desarrollara-hasta-el-31-de-octubre-en-provincia-de-buenos-aires-la-semana-de-la-vacunacion\/\",\"name\":\"Se desarrollar\u00e1 hasta el 31 de octubre en provincia de Buenos Aires la \\\"Semana de la Vacunaci\u00f3n\\\" - Infoecos\",\"isPartOf\":{\"@id\":\"https:\/\/infoecos.com.ar\/#website\"},\"primaryImageOfPage\":{\"@id\":\"https:\/\/infoecos.com.ar\/index.php\/se-desarrollara-hasta-el-31-de-octubre-en-provincia-de-buenos-aires-la-semana-de-la-vacunacion\/#primaryimage\"},\"image\":{\"@id\":\"https:\/\/infoecos.com.ar\/index.php\/se-desarrollara-hasta-el-31-de-octubre-en-provincia-de-buenos-aires-la-semana-de-la-vacunacion\/#primaryimage\"},\"thumbnailUrl\":\"https:\/\/infoecos.com.ar\/wp-content\/uploads\/2021\/10\/vacunacion.jpeg\",\"datePublished\":\"2021-10-25T16:36:05+00:00\",\"dateModified\":\"2021-10-27T08:43:02+00:00\",\"breadcrumb\":{\"@id\":\"https:\/\/infoecos.com.ar\/index.php\/se-desarrollara-hasta-el-31-de-octubre-en-provincia-de-buenos-aires-la-semana-de-la-vacunacion\/#breadcrumb\"},\"inLanguage\":\"es\",\"potentialAction\":[{\"@type\":\"ReadAction\",\"target\":[\"https:\/\/infoecos.com.ar\/index.php\/se-desarrollara-hasta-el-31-de-octubre-en-provincia-de-buenos-aires-la-semana-de-la-vacunacion\/\"]}]},{\"@type\":\"ImageObject\",\"inLanguage\":\"es\",\"@id\":\"https:\/\/infoecos.com.ar\/index.php\/se-desarrollara-hasta-el-31-de-octubre-en-provincia-de-buenos-aires-la-semana-de-la-vacunacion\/#primaryimage\",\"url\":\"https:\/\/infoecos.com.ar\/wp-content\/uploads\/2021\/10\/vacunacion.jpeg\",\"contentUrl\":\"https:\/\/infoecos.com.ar\/wp-content\/uploads\/2021\/10\/vacunacion.jpeg\",\"width\":1200,\"height\":564},{\"@type\":\"BreadcrumbList\",\"@id\":\"https:\/\/infoecos.com.ar\/index.php\/se-desarrollara-hasta-el-31-de-octubre-en-provincia-de-buenos-aires-la-semana-de-la-vacunacion\/#breadcrumb\",\"itemListElement\":[{\"@type\":\"ListItem\",\"position\":1,\"name\":\"Portada\",\"item\":\"https:\/\/infoecos.com.ar\/\"},{\"@type\":\"ListItem\",\"position\":2,\"name\":\"Se desarrollar\u00e1 hasta el 31 de octubre en provincia de Buenos Aires la \u00abSemana de la Vacunaci\u00f3n\u00bb\"}]},{\"@type\":\"WebSite\",\"@id\":\"https:\/\/infoecos.com.ar\/#website\",\"url\":\"https:\/\/infoecos.com.ar\/\",\"name\":\"Infoecos\",\"description\":\"Noticias de trenque lauquen y la zona\",\"publisher\":{\"@id\":\"https:\/\/infoecos.com.ar\/#organization\"},\"alternateName\":\"Noticias\",\"potentialAction\":[{\"@type\":\"SearchAction\",\"target\":{\"@type\":\"EntryPoint\",\"urlTemplate\":\"https:\/\/infoecos.com.ar\/?s={search_term_string}\"},\"query-input\":{\"@type\":\"PropertyValueSpecification\",\"valueRequired\":true,\"valueName\":\"search_term_string\"}}],\"inLanguage\":\"es\"},{\"@type\":\"Organization\",\"@id\":\"https:\/\/infoecos.com.ar\/#organization\",\"name\":\"Infoecos\",\"alternateName\":\"Noticias\",\"url\":\"https:\/\/infoecos.com.ar\/\",\"logo\":{\"@type\":\"ImageObject\",\"inLanguage\":\"es\",\"@id\":\"https:\/\/infoecos.com.ar\/#\/schema\/logo\/image\/\",\"url\":\"https:\/\/infoecos.com.ar\/wp-content\/uploads\/2024\/03\/cropped-logo.png\",\"contentUrl\":\"https:\/\/infoecos.com.ar\/wp-content\/uploads\/2024\/03\/cropped-logo.png\",\"width\":374,\"height\":90,\"caption\":\"Infoecos\"},\"image\":{\"@id\":\"https:\/\/infoecos.com.ar\/#\/schema\/logo\/image\/\"},\"sameAs\":[\"https:\/\/www.facebook.com\/profile.php?id=100063200290284\",\"https:\/\/x.com\/infoecos\"]},{\"@type\":\"Person\",\"@id\":\"https:\/\/infoecos.com.ar\/#\/schema\/person\/8f5ace5ce73b4b4aac4b7245aee6f191\",\"name\":\"Jorge Matheus\",\"url\":\"https:\/\/infoecos.com.ar\/index.php\/author\/jomatheus\/\"}]}<\/script>\n<!-- \/ Yoast SEO plugin. -->","yoast_head_json":{"title":"Se desarrollar\u00e1 hasta el 31 de octubre en provincia de Buenos Aires la \"Semana de la Vacunaci\u00f3n\" - Infoecos","robots":{"index":"index","follow":"follow","max-snippet":"max-snippet:-1","max-image-preview":"max-image-preview:large","max-video-preview":"max-video-preview:-1"},"canonical":"https:\/\/infoecos.com.ar\/index.php\/se-desarrollara-hasta-el-31-de-octubre-en-provincia-de-buenos-aires-la-semana-de-la-vacunacion\/","og_locale":"es_ES","og_type":"article","og_title":"Se desarrollar\u00e1 hasta el 31 de octubre en provincia de Buenos Aires la \"Semana de la Vacunaci\u00f3n\" - Infoecos","og_description":"Se realizar\u00e1n m\u00faltiples actividades de promoci\u00f3n que incluyen campa\u00f1as de difusi\u00f3n en TV, Radio, Redes Sociales y se instalar\u00e1n postas de prevenci\u00f3n y promoci\u00f3n","og_url":"https:\/\/infoecos.com.ar\/index.php\/se-desarrollara-hasta-el-31-de-octubre-en-provincia-de-buenos-aires-la-semana-de-la-vacunacion\/","og_site_name":"Infoecos","article_publisher":"https:\/\/www.facebook.com\/profile.php?id=100063200290284","article_published_time":"2021-10-25T16:36:05+00:00","article_modified_time":"2021-10-27T08:43:02+00:00","og_image":[{"width":1200,"height":564,"url":"https:\/\/infoecos.com.ar\/wp-content\/uploads\/2021\/10\/vacunacion.jpeg","type":"image\/jpeg"}],"author":"Jorge Matheus","twitter_card":"summary_large_image","twitter_creator":"@infoecos","twitter_site":"@infoecos","twitter_misc":{"Escrito por":"Jorge Matheus","Tiempo de lectura":"2 minutos"},"schema":{"@context":"https:\/\/schema.org","@graph":[{"@type":"Article","@id":"https:\/\/infoecos.com.ar\/index.php\/se-desarrollara-hasta-el-31-de-octubre-en-provincia-de-buenos-aires-la-semana-de-la-vacunacion\/#article","isPartOf":{"@id":"https:\/\/infoecos.com.ar\/index.php\/se-desarrollara-hasta-el-31-de-octubre-en-provincia-de-buenos-aires-la-semana-de-la-vacunacion\/"},"author":{"name":"Jorge Matheus","@id":"https:\/\/infoecos.com.ar\/#\/schema\/person\/8f5ace5ce73b4b4aac4b7245aee6f191"},"headline":"Se desarrollar\u00e1 hasta el 31 de octubre en provincia de Buenos Aires la \u00abSemana de la Vacunaci\u00f3n\u00bb","datePublished":"2021-10-25T16:36:05+00:00","dateModified":"2021-10-27T08:43:02+00:00","mainEntityOfPage":{"@id":"https:\/\/infoecos.com.ar\/index.php\/se-desarrollara-hasta-el-31-de-octubre-en-provincia-de-buenos-aires-la-semana-de-la-vacunacion\/"},"wordCount":359,"publisher":{"@id":"https:\/\/infoecos.com.ar\/#organization"},"image":{"@id":"https:\/\/infoecos.com.ar\/index.php\/se-desarrollara-hasta-el-31-de-octubre-en-provincia-de-buenos-aires-la-semana-de-la-vacunacion\/#primaryimage"},"thumbnailUrl":"https:\/\/infoecos.com.ar\/wp-content\/uploads\/2021\/10\/vacunacion.jpeg","keywords":["SE VACUNAR\u00c1 CASA POR CASA"],"articleSection":["Bloque inferior - 11"],"inLanguage":"es"},{"@type":"WebPage","@id":"https:\/\/infoecos.com.ar\/index.php\/se-desarrollara-hasta-el-31-de-octubre-en-provincia-de-buenos-aires-la-semana-de-la-vacunacion\/","url":"https:\/\/infoecos.com.ar\/index.php\/se-desarrollara-hasta-el-31-de-octubre-en-provincia-de-buenos-aires-la-semana-de-la-vacunacion\/","name":"Se desarrollar\u00e1 hasta el 31 de octubre en provincia de Buenos Aires la \"Semana de la Vacunaci\u00f3n\" - Infoecos","isPartOf":{"@id":"https:\/\/infoecos.com.ar\/#website"},"primaryImageOfPage":{"@id":"https:\/\/infoecos.com.ar\/index.php\/se-desarrollara-hasta-el-31-de-octubre-en-provincia-de-buenos-aires-la-semana-de-la-vacunacion\/#primaryimage"},"image":{"@id":"https:\/\/infoecos.com.ar\/index.php\/se-desarrollara-hasta-el-31-de-octubre-en-provincia-de-buenos-aires-la-semana-de-la-vacunacion\/#primaryimage"},"thumbnailUrl":"https:\/\/infoecos.com.ar\/wp-content\/uploads\/2021\/10\/vacunacion.jpeg","datePublished":"2021-10-25T16:36:05+00:00","dateModified":"2021-10-27T08:43:02+00:00","breadcrumb":{"@id":"https:\/\/infoecos.com.ar\/index.php\/se-desarrollara-hasta-el-31-de-octubre-en-provincia-de-buenos-aires-la-semana-de-la-vacunacion\/#breadcrumb"},"inLanguage":"es","potentialAction":[{"@type":"ReadAction","target":["https:\/\/infoecos.com.ar\/index.php\/se-desarrollara-hasta-el-31-de-octubre-en-provincia-de-buenos-aires-la-semana-de-la-vacunacion\/"]}]},{"@type":"ImageObject","inLanguage":"es","@id":"https:\/\/infoecos.com.ar\/index.php\/se-desarrollara-hasta-el-31-de-octubre-en-provincia-de-buenos-aires-la-semana-de-la-vacunacion\/#primaryimage","url":"https:\/\/infoecos.com.ar\/wp-content\/uploads\/2021\/10\/vacunacion.jpeg","contentUrl":"https:\/\/infoecos.com.ar\/wp-content\/uploads\/2021\/10\/vacunacion.jpeg","width":1200,"height":564},{"@type":"BreadcrumbList","@id":"https:\/\/infoecos.com.ar\/index.php\/se-desarrollara-hasta-el-31-de-octubre-en-provincia-de-buenos-aires-la-semana-de-la-vacunacion\/#breadcrumb","itemListElement":[{"@type":"ListItem","position":1,"name":"Portada","item":"https:\/\/infoecos.com.ar\/"},{"@type":"ListItem","position":2,"name":"Se desarrollar\u00e1 hasta el 31 de octubre en provincia de Buenos Aires la \u00abSemana de la Vacunaci\u00f3n\u00bb"}]},{"@type":"WebSite","@id":"https:\/\/infoecos.com.ar\/#website","url":"https:\/\/infoecos.com.ar\/","name":"Infoecos","description":"Noticias de trenque lauquen y la zona","publisher":{"@id":"https:\/\/infoecos.com.ar\/#organization"},"alternateName":"Noticias","potentialAction":[{"@type":"SearchAction","target":{"@type":"EntryPoint","urlTemplate":"https:\/\/infoecos.com.ar\/?s={search_term_string}"},"query-input":{"@type":"PropertyValueSpecification","valueRequired":true,"valueName":"search_term_string"}}],"inLanguage":"es"},{"@type":"Organization","@id":"https:\/\/infoecos.com.ar\/#organization","name":"Infoecos","alternateName":"Noticias","url":"https:\/\/infoecos.com.ar\/","logo":{"@type":"ImageObject","inLanguage":"es","@id":"https:\/\/infoecos.com.ar\/#\/schema\/logo\/image\/","url":"https:\/\/infoecos.com.ar\/wp-content\/uploads\/2024\/03\/cropped-logo.png","contentUrl":"https:\/\/infoecos.com.ar\/wp-content\/uploads\/2024\/03\/cropped-logo.png","width":374,"height":90,"caption":"Infoecos"},"image":{"@id":"https:\/\/infoecos.com.ar\/#\/schema\/logo\/image\/"},"sameAs":["https:\/\/www.facebook.com\/profile.php?id=100063200290284","https:\/\/x.com\/infoecos"]},{"@type":"Person","@id":"https:\/\/infoecos.com.ar\/#\/schema\/person\/8f5ace5ce73b4b4aac4b7245aee6f191","name":"Jorge Matheus","url":"https:\/\/infoecos.com.ar\/index.php\/author\/jomatheus\/"}]}},"featured_image_urls":{"full":["https:\/\/infoecos.com.ar\/wp-content\/uploads\/2021\/10\/vacunacion.jpeg",1200,564,false],"thumbnail":["https:\/\/infoecos.com.ar\/wp-content\/uploads\/2021\/10\/vacunacion-150x150.jpeg",150,150,true],"medium":["https:\/\/infoecos.com.ar\/wp-content\/uploads\/2021\/10\/vacunacion-460x216.jpeg",460,216,true],"medium_large":["https:\/\/infoecos.com.ar\/wp-content\/uploads\/2021\/10\/vacunacion-768x361.jpeg",640,301,true],"large":["https:\/\/infoecos.com.ar\/wp-content\/uploads\/2021\/10\/vacunacion-920x432.jpeg",640,301,true],"1536x1536":["https:\/\/infoecos.com.ar\/wp-content\/uploads\/2021\/10\/vacunacion.jpeg",1200,564,false],"2048x2048":["https:\/\/infoecos.com.ar\/wp-content\/uploads\/2021\/10\/vacunacion.jpeg",1200,564,false],"covernews-slider-full":["https:\/\/infoecos.com.ar\/wp-content\/uploads\/2021\/10\/vacunacion.jpeg",1115,524,false],"covernews-slider-center":["https:\/\/infoecos.com.ar\/wp-content\/uploads\/2021\/10\/vacunacion-936x564.jpeg",800,482,true],"covernews-featured":["https:\/\/infoecos.com.ar\/wp-content\/uploads\/2021\/10\/vacunacion-1024x481.jpeg",1024,481,true],"covernews-medium":["https:\/\/infoecos.com.ar\/wp-content\/uploads\/2021\/10\/vacunacion-720x380.jpeg",540,285,true],"covernews-medium-square":["https:\/\/infoecos.com.ar\/wp-content\/uploads\/2021\/10\/vacunacion-675x450.jpeg",375,250,true]},"author_info":{"info":["Jorge Matheus"]},"category_info":"<a href=\"https:\/\/infoecos.com.ar\/index.php\/category\/inferior11\/\" rel=\"category tag\">Bloque inferior - 11<\/a>","tag_info":"Bloque inferior - 11","comment_count":"0","_links":{"self":[{"href":"https:\/\/infoecos.com.ar\/index.php\/wp-json\/wp\/v2\/posts\/88782"}],"collection":[{"href":"https:\/\/infoecos.com.ar\/index.php\/wp-json\/wp\/v2\/posts"}],"about":[{"href":"https:\/\/infoecos.com.ar\/index.php\/wp-json\/wp\/v2\/types\/post"}],"author":[{"embeddable":true,"href":"https:\/\/infoecos.com.ar\/index.php\/wp-json\/wp\/v2\/users\/2"}],"replies":[{"embeddable":true,"href":"https:\/\/infoecos.com.ar\/index.php\/wp-json\/wp\/v2\/comments?post=88782"}],"version-history":[{"count":2,"href":"https:\/\/infoecos.com.ar\/index.php\/wp-json\/wp\/v2\/posts\/88782\/revisions"}],"predecessor-version":[{"id":88925,"href":"https:\/\/infoecos.com.ar\/index.php\/wp-json\/wp\/v2\/posts\/88782\/revisions\/88925"}],"wp:featuredmedia":[{"embeddable":true,"href":"https:\/\/infoecos.com.ar\/index.php\/wp-json\/wp\/v2\/media\/88783"}],"wp:attachment":[{"href":"https:\/\/infoecos.com.ar\/index.php\/wp-json\/wp\/v2\/media?parent=88782"}],"wp:term":[{"taxonomy":"category","embeddable":true,"href":"https:\/\/infoecos.com.ar\/index.php\/wp-json\/wp\/v2\/categories?post=88782"},{"taxonomy":"post_tag","embeddable":true,"href":"https:\/\/infoecos.com.ar\/index.php\/wp-json\/wp\/v2\/tags?post=88782"}],"curies":[{"name":"wp","href":"https:\/\/api.w.org\/{rel}","templated":true}]}}