{"id":88785,"date":"2021-10-25T13:41:58","date_gmt":"2021-10-25T16:41:58","guid":{"rendered":"http:\/\/infoecos.com.ar\/?p=88785"},"modified":"2021-10-25T13:54:15","modified_gmt":"2021-10-25T16:54:15","slug":"leticia-badino-abogo-de-que-la-salud-sea-un-derecho-de-todas-y-todos","status":"publish","type":"post","link":"https:\/\/infoecos.com.ar\/index.php\/leticia-badino-abogo-de-que-la-salud-sea-un-derecho-de-todas-y-todos\/","title":{"rendered":"Leticia Badino abog\u00f3 para que la salud sea un derecho de todas y todos"},"content":{"rendered":"\n<p>La responsable distrital del Programa de Vacunaci\u00f3n de la Provincia de Buenos Aires, <strong>Leticia Badino<\/strong>, como se ha venido informando particip\u00f3 el s\u00e1bado del Pre Encuentro de Salud que se desarroll\u00f3 en Pehuaj\u00f3, acompa\u00f1ada de un equipo de las postas de vacunaci\u00f3n contra el Covid-19 del distrito de Trenque Lauquen.<\/p>\n\n\n\n<div class=\"wp-block-image is-style-default\"><figure class=\"aligncenter size-medium\"><img loading=\"lazy\" decoding=\"async\" width=\"460\" height=\"207\" src=\"http:\/\/infoecos.com.ar\/wp-content\/uploads\/2021\/10\/BADINO_PREENCUENTRO_SALUD-1-460x207.jpeg\" alt=\"\" class=\"wp-image-88786\" srcset=\"https:\/\/infoecos.com.ar\/wp-content\/uploads\/2021\/10\/BADINO_PREENCUENTRO_SALUD-1-460x207.jpeg 460w, https:\/\/infoecos.com.ar\/wp-content\/uploads\/2021\/10\/BADINO_PREENCUENTRO_SALUD-1-920x413.jpeg 920w, https:\/\/infoecos.com.ar\/wp-content\/uploads\/2021\/10\/BADINO_PREENCUENTRO_SALUD-1-768x345.jpeg 768w, https:\/\/infoecos.com.ar\/wp-content\/uploads\/2021\/10\/BADINO_PREENCUENTRO_SALUD-1-1536x690.jpeg 1536w, https:\/\/infoecos.com.ar\/wp-content\/uploads\/2021\/10\/BADINO_PREENCUENTRO_SALUD-1-1024x460.jpeg 1024w, https:\/\/infoecos.com.ar\/wp-content\/uploads\/2021\/10\/BADINO_PREENCUENTRO_SALUD-1.jpeg 1600w\" sizes=\"(max-width: 460px) 100vw, 460px\" \/><\/figure><\/div>\n\n\n\n<p>Este encuentro, sirvi\u00f3 adem\u00e1s con pre\u00e1mbulo de lo que ser\u00e1 el <strong>Encuentro Nacional de Salud <\/strong>el pr\u00f3ximo s\u00e1bado 30 de octubre y cont\u00f3, adem\u00e1s de la delegaci\u00f3n trenquelauquense con participaci\u00f3n de equipos de Carlos Tejedor, Carlos Casares, Rivadavia, General Villegas, Daireaux, Pellegrini, Tres Lomas, Hip\u00f3lito Yrigoyen, Salliquel\u00f3 y 9 de Julio, distritos que integran la Regi\u00f3n Sanitaria II. Se desarroll\u00f3 con la conformaci\u00f3n de 4 mesas, donde se pusieron a consideraci\u00f3n los aportes de cada distrito y se evalu\u00f3 la campa\u00f1a de vacunaci\u00f3n en la regi\u00f3n, atendiendo cada experiencia particular<\/p>\n\n\n\n<p>Badino, que tuvo que exponer en representaci\u00f3n de los nucleados en la mesa denominada <strong>\u201cCorredor de Experiencias\u201d<\/strong>, destac\u00f3 la presencia del Gobierno Provincial en los territorios a partir del trabajo de las postas y remarc\u00f3 la necesidad de \u201cgenerar estrategias para que efectivamente la salud sea un derecho de todas y todos\u201d<\/p>\n\n\n\n<p>Asimismo, subray\u00f3 la necesidad de \u201cprofundizar en la comprensi\u00f3n de la salud como una cuesti\u00f3n integral que no se limita a lo entendido desde la medicina tradicional\u201d<\/p>\n","protected":false},"excerpt":{"rendered":"<p>Badino, expuso en representaci\u00f3n de los nucleados en la mesa denominada \u201cCorredor de Experiencias\u201d<\/p>\n","protected":false},"author":2,"featured_media":88786,"comment_status":"closed","ping_status":"open","sticky":false,"template":"","format":"standard","meta":{"footnotes":""},"categories":[25],"tags":[5536],"class_list":["post-88785","post","type-post","status-publish","format-standard","has-post-thumbnail","hentry","category-c3nota1","tag-en-pehuajo-el-pasado-sabado"],"yoast_head":"<!-- This site is optimized with the Yoast SEO plugin v23.4 - https:\/\/yoast.com\/wordpress\/plugins\/seo\/ -->\n<title>Leticia Badino abog\u00f3 para que la salud sea un derecho de todas y todos - Infoecos<\/title>\n<meta name=\"robots\" content=\"index, follow, max-snippet:-1, max-image-preview:large, max-video-preview:-1\" \/>\n<link rel=\"canonical\" href=\"https:\/\/infoecos.com.ar\/index.php\/leticia-badino-abogo-de-que-la-salud-sea-un-derecho-de-todas-y-todos\/\" \/>\n<meta property=\"og:locale\" content=\"es_ES\" \/>\n<meta property=\"og:type\" content=\"article\" \/>\n<meta property=\"og:title\" content=\"Leticia Badino abog\u00f3 para que la salud sea un derecho de todas y todos - Infoecos\" \/>\n<meta property=\"og:description\" content=\"Badino, expuso en representaci\u00f3n de los nucleados en la mesa denominada \u201cCorredor de Experiencias\u201d\" \/>\n<meta property=\"og:url\" content=\"https:\/\/infoecos.com.ar\/index.php\/leticia-badino-abogo-de-que-la-salud-sea-un-derecho-de-todas-y-todos\/\" \/>\n<meta property=\"og:site_name\" content=\"Infoecos\" \/>\n<meta property=\"article:publisher\" content=\"https:\/\/www.facebook.com\/profile.php?id=100063200290284\" \/>\n<meta property=\"article:published_time\" content=\"2021-10-25T16:41:58+00:00\" \/>\n<meta property=\"article:modified_time\" content=\"2021-10-25T16:54:15+00:00\" \/>\n<meta property=\"og:image\" content=\"https:\/\/infoecos.com.ar\/wp-content\/uploads\/2021\/10\/BADINO_PREENCUENTRO_SALUD-1.jpeg\" \/>\n\t<meta property=\"og:image:width\" content=\"1600\" \/>\n\t<meta property=\"og:image:height\" content=\"719\" \/>\n\t<meta property=\"og:image:type\" content=\"image\/jpeg\" \/>\n<meta name=\"author\" content=\"Jorge Matheus\" \/>\n<meta name=\"twitter:card\" content=\"summary_large_image\" \/>\n<meta name=\"twitter:creator\" content=\"@infoecos\" \/>\n<meta name=\"twitter:site\" content=\"@infoecos\" \/>\n<meta name=\"twitter:label1\" content=\"Escrito por\" \/>\n\t<meta name=\"twitter:data1\" content=\"Jorge Matheus\" \/>\n\t<meta name=\"twitter:label2\" content=\"Tiempo de lectura\" \/>\n\t<meta name=\"twitter:data2\" content=\"1 minuto\" \/>\n<script type=\"application\/ld+json\" class=\"yoast-schema-graph\">{\"@context\":\"https:\/\/schema.org\",\"@graph\":[{\"@type\":\"Article\",\"@id\":\"https:\/\/infoecos.com.ar\/index.php\/leticia-badino-abogo-de-que-la-salud-sea-un-derecho-de-todas-y-todos\/#article\",\"isPartOf\":{\"@id\":\"https:\/\/infoecos.com.ar\/index.php\/leticia-badino-abogo-de-que-la-salud-sea-un-derecho-de-todas-y-todos\/\"},\"author\":{\"name\":\"Jorge Matheus\",\"@id\":\"https:\/\/infoecos.com.ar\/#\/schema\/person\/8f5ace5ce73b4b4aac4b7245aee6f191\"},\"headline\":\"Leticia Badino abog\u00f3 para que la salud sea un derecho de todas y todos\",\"datePublished\":\"2021-10-25T16:41:58+00:00\",\"dateModified\":\"2021-10-25T16:54:15+00:00\",\"mainEntityOfPage\":{\"@id\":\"https:\/\/infoecos.com.ar\/index.php\/leticia-badino-abogo-de-que-la-salud-sea-un-derecho-de-todas-y-todos\/\"},\"wordCount\":251,\"publisher\":{\"@id\":\"https:\/\/infoecos.com.ar\/#organization\"},\"image\":{\"@id\":\"https:\/\/infoecos.com.ar\/index.php\/leticia-badino-abogo-de-que-la-salud-sea-un-derecho-de-todas-y-todos\/#primaryimage\"},\"thumbnailUrl\":\"https:\/\/infoecos.com.ar\/wp-content\/uploads\/2021\/10\/BADINO_PREENCUENTRO_SALUD-1.jpeg\",\"keywords\":[\"EN PEHUAJ\u00d3 EL PASADO S\u00c1BADO\"],\"articleSection\":[\"C3 N1\"],\"inLanguage\":\"es\"},{\"@type\":\"WebPage\",\"@id\":\"https:\/\/infoecos.com.ar\/index.php\/leticia-badino-abogo-de-que-la-salud-sea-un-derecho-de-todas-y-todos\/\",\"url\":\"https:\/\/infoecos.com.ar\/index.php\/leticia-badino-abogo-de-que-la-salud-sea-un-derecho-de-todas-y-todos\/\",\"name\":\"Leticia Badino abog\u00f3 para que la salud sea un derecho de todas y todos - Infoecos\",\"isPartOf\":{\"@id\":\"https:\/\/infoecos.com.ar\/#website\"},\"primaryImageOfPage\":{\"@id\":\"https:\/\/infoecos.com.ar\/index.php\/leticia-badino-abogo-de-que-la-salud-sea-un-derecho-de-todas-y-todos\/#primaryimage\"},\"image\":{\"@id\":\"https:\/\/infoecos.com.ar\/index.php\/leticia-badino-abogo-de-que-la-salud-sea-un-derecho-de-todas-y-todos\/#primaryimage\"},\"thumbnailUrl\":\"https:\/\/infoecos.com.ar\/wp-content\/uploads\/2021\/10\/BADINO_PREENCUENTRO_SALUD-1.jpeg\",\"datePublished\":\"2021-10-25T16:41:58+00:00\",\"dateModified\":\"2021-10-25T16:54:15+00:00\",\"breadcrumb\":{\"@id\":\"https:\/\/infoecos.com.ar\/index.php\/leticia-badino-abogo-de-que-la-salud-sea-un-derecho-de-todas-y-todos\/#breadcrumb\"},\"inLanguage\":\"es\",\"potentialAction\":[{\"@type\":\"ReadAction\",\"target\":[\"https:\/\/infoecos.com.ar\/index.php\/leticia-badino-abogo-de-que-la-salud-sea-un-derecho-de-todas-y-todos\/\"]}]},{\"@type\":\"ImageObject\",\"inLanguage\":\"es\",\"@id\":\"https:\/\/infoecos.com.ar\/index.php\/leticia-badino-abogo-de-que-la-salud-sea-un-derecho-de-todas-y-todos\/#primaryimage\",\"url\":\"https:\/\/infoecos.com.ar\/wp-content\/uploads\/2021\/10\/BADINO_PREENCUENTRO_SALUD-1.jpeg\",\"contentUrl\":\"https:\/\/infoecos.com.ar\/wp-content\/uploads\/2021\/10\/BADINO_PREENCUENTRO_SALUD-1.jpeg\",\"width\":1600,\"height\":719},{\"@type\":\"BreadcrumbList\",\"@id\":\"https:\/\/infoecos.com.ar\/index.php\/leticia-badino-abogo-de-que-la-salud-sea-un-derecho-de-todas-y-todos\/#breadcrumb\",\"itemListElement\":[{\"@type\":\"ListItem\",\"position\":1,\"name\":\"Portada\",\"item\":\"https:\/\/infoecos.com.ar\/\"},{\"@type\":\"ListItem\",\"position\":2,\"name\":\"Leticia Badino abog\u00f3 para que la salud sea un derecho de todas y todos\"}]},{\"@type\":\"WebSite\",\"@id\":\"https:\/\/infoecos.com.ar\/#website\",\"url\":\"https:\/\/infoecos.com.ar\/\",\"name\":\"Infoecos\",\"description\":\"Noticias de trenque lauquen y la zona\",\"publisher\":{\"@id\":\"https:\/\/infoecos.com.ar\/#organization\"},\"alternateName\":\"Noticias\",\"potentialAction\":[{\"@type\":\"SearchAction\",\"target\":{\"@type\":\"EntryPoint\",\"urlTemplate\":\"https:\/\/infoecos.com.ar\/?s={search_term_string}\"},\"query-input\":{\"@type\":\"PropertyValueSpecification\",\"valueRequired\":true,\"valueName\":\"search_term_string\"}}],\"inLanguage\":\"es\"},{\"@type\":\"Organization\",\"@id\":\"https:\/\/infoecos.com.ar\/#organization\",\"name\":\"Infoecos\",\"alternateName\":\"Noticias\",\"url\":\"https:\/\/infoecos.com.ar\/\",\"logo\":{\"@type\":\"ImageObject\",\"inLanguage\":\"es\",\"@id\":\"https:\/\/infoecos.com.ar\/#\/schema\/logo\/image\/\",\"url\":\"https:\/\/infoecos.com.ar\/wp-content\/uploads\/2024\/03\/cropped-logo.png\",\"contentUrl\":\"https:\/\/infoecos.com.ar\/wp-content\/uploads\/2024\/03\/cropped-logo.png\",\"width\":374,\"height\":90,\"caption\":\"Infoecos\"},\"image\":{\"@id\":\"https:\/\/infoecos.com.ar\/#\/schema\/logo\/image\/\"},\"sameAs\":[\"https:\/\/www.facebook.com\/profile.php?id=100063200290284\",\"https:\/\/x.com\/infoecos\"]},{\"@type\":\"Person\",\"@id\":\"https:\/\/infoecos.com.ar\/#\/schema\/person\/8f5ace5ce73b4b4aac4b7245aee6f191\",\"name\":\"Jorge Matheus\",\"url\":\"https:\/\/infoecos.com.ar\/index.php\/author\/jomatheus\/\"}]}<\/script>\n<!-- \/ Yoast SEO plugin. -->","yoast_head_json":{"title":"Leticia Badino abog\u00f3 para que la salud sea un derecho de todas y todos - Infoecos","robots":{"index":"index","follow":"follow","max-snippet":"max-snippet:-1","max-image-preview":"max-image-preview:large","max-video-preview":"max-video-preview:-1"},"canonical":"https:\/\/infoecos.com.ar\/index.php\/leticia-badino-abogo-de-que-la-salud-sea-un-derecho-de-todas-y-todos\/","og_locale":"es_ES","og_type":"article","og_title":"Leticia Badino abog\u00f3 para que la salud sea un derecho de todas y todos - Infoecos","og_description":"Badino, expuso en representaci\u00f3n de los nucleados en la mesa denominada \u201cCorredor de Experiencias\u201d","og_url":"https:\/\/infoecos.com.ar\/index.php\/leticia-badino-abogo-de-que-la-salud-sea-un-derecho-de-todas-y-todos\/","og_site_name":"Infoecos","article_publisher":"https:\/\/www.facebook.com\/profile.php?id=100063200290284","article_published_time":"2021-10-25T16:41:58+00:00","article_modified_time":"2021-10-25T16:54:15+00:00","og_image":[{"width":1600,"height":719,"url":"https:\/\/infoecos.com.ar\/wp-content\/uploads\/2021\/10\/BADINO_PREENCUENTRO_SALUD-1.jpeg","type":"image\/jpeg"}],"author":"Jorge Matheus","twitter_card":"summary_large_image","twitter_creator":"@infoecos","twitter_site":"@infoecos","twitter_misc":{"Escrito por":"Jorge Matheus","Tiempo de lectura":"1 minuto"},"schema":{"@context":"https:\/\/schema.org","@graph":[{"@type":"Article","@id":"https:\/\/infoecos.com.ar\/index.php\/leticia-badino-abogo-de-que-la-salud-sea-un-derecho-de-todas-y-todos\/#article","isPartOf":{"@id":"https:\/\/infoecos.com.ar\/index.php\/leticia-badino-abogo-de-que-la-salud-sea-un-derecho-de-todas-y-todos\/"},"author":{"name":"Jorge Matheus","@id":"https:\/\/infoecos.com.ar\/#\/schema\/person\/8f5ace5ce73b4b4aac4b7245aee6f191"},"headline":"Leticia Badino abog\u00f3 para que la salud sea un derecho de todas y todos","datePublished":"2021-10-25T16:41:58+00:00","dateModified":"2021-10-25T16:54:15+00:00","mainEntityOfPage":{"@id":"https:\/\/infoecos.com.ar\/index.php\/leticia-badino-abogo-de-que-la-salud-sea-un-derecho-de-todas-y-todos\/"},"wordCount":251,"publisher":{"@id":"https:\/\/infoecos.com.ar\/#organization"},"image":{"@id":"https:\/\/infoecos.com.ar\/index.php\/leticia-badino-abogo-de-que-la-salud-sea-un-derecho-de-todas-y-todos\/#primaryimage"},"thumbnailUrl":"https:\/\/infoecos.com.ar\/wp-content\/uploads\/2021\/10\/BADINO_PREENCUENTRO_SALUD-1.jpeg","keywords":["EN PEHUAJ\u00d3 EL PASADO S\u00c1BADO"],"articleSection":["C3 N1"],"inLanguage":"es"},{"@type":"WebPage","@id":"https:\/\/infoecos.com.ar\/index.php\/leticia-badino-abogo-de-que-la-salud-sea-un-derecho-de-todas-y-todos\/","url":"https:\/\/infoecos.com.ar\/index.php\/leticia-badino-abogo-de-que-la-salud-sea-un-derecho-de-todas-y-todos\/","name":"Leticia Badino abog\u00f3 para que la salud sea un derecho de todas y todos - Infoecos","isPartOf":{"@id":"https:\/\/infoecos.com.ar\/#website"},"primaryImageOfPage":{"@id":"https:\/\/infoecos.com.ar\/index.php\/leticia-badino-abogo-de-que-la-salud-sea-un-derecho-de-todas-y-todos\/#primaryimage"},"image":{"@id":"https:\/\/infoecos.com.ar\/index.php\/leticia-badino-abogo-de-que-la-salud-sea-un-derecho-de-todas-y-todos\/#primaryimage"},"thumbnailUrl":"https:\/\/infoecos.com.ar\/wp-content\/uploads\/2021\/10\/BADINO_PREENCUENTRO_SALUD-1.jpeg","datePublished":"2021-10-25T16:41:58+00:00","dateModified":"2021-10-25T16:54:15+00:00","breadcrumb":{"@id":"https:\/\/infoecos.com.ar\/index.php\/leticia-badino-abogo-de-que-la-salud-sea-un-derecho-de-todas-y-todos\/#breadcrumb"},"inLanguage":"es","potentialAction":[{"@type":"ReadAction","target":["https:\/\/infoecos.com.ar\/index.php\/leticia-badino-abogo-de-que-la-salud-sea-un-derecho-de-todas-y-todos\/"]}]},{"@type":"ImageObject","inLanguage":"es","@id":"https:\/\/infoecos.com.ar\/index.php\/leticia-badino-abogo-de-que-la-salud-sea-un-derecho-de-todas-y-todos\/#primaryimage","url":"https:\/\/infoecos.com.ar\/wp-content\/uploads\/2021\/10\/BADINO_PREENCUENTRO_SALUD-1.jpeg","contentUrl":"https:\/\/infoecos.com.ar\/wp-content\/uploads\/2021\/10\/BADINO_PREENCUENTRO_SALUD-1.jpeg","width":1600,"height":719},{"@type":"BreadcrumbList","@id":"https:\/\/infoecos.com.ar\/index.php\/leticia-badino-abogo-de-que-la-salud-sea-un-derecho-de-todas-y-todos\/#breadcrumb","itemListElement":[{"@type":"ListItem","position":1,"name":"Portada","item":"https:\/\/infoecos.com.ar\/"},{"@type":"ListItem","position":2,"name":"Leticia Badino abog\u00f3 para que la salud sea un derecho de todas y todos"}]},{"@type":"WebSite","@id":"https:\/\/infoecos.com.ar\/#website","url":"https:\/\/infoecos.com.ar\/","name":"Infoecos","description":"Noticias de trenque lauquen y la zona","publisher":{"@id":"https:\/\/infoecos.com.ar\/#organization"},"alternateName":"Noticias","potentialAction":[{"@type":"SearchAction","target":{"@type":"EntryPoint","urlTemplate":"https:\/\/infoecos.com.ar\/?s={search_term_string}"},"query-input":{"@type":"PropertyValueSpecification","valueRequired":true,"valueName":"search_term_string"}}],"inLanguage":"es"},{"@type":"Organization","@id":"https:\/\/infoecos.com.ar\/#organization","name":"Infoecos","alternateName":"Noticias","url":"https:\/\/infoecos.com.ar\/","logo":{"@type":"ImageObject","inLanguage":"es","@id":"https:\/\/infoecos.com.ar\/#\/schema\/logo\/image\/","url":"https:\/\/infoecos.com.ar\/wp-content\/uploads\/2024\/03\/cropped-logo.png","contentUrl":"https:\/\/infoecos.com.ar\/wp-content\/uploads\/2024\/03\/cropped-logo.png","width":374,"height":90,"caption":"Infoecos"},"image":{"@id":"https:\/\/infoecos.com.ar\/#\/schema\/logo\/image\/"},"sameAs":["https:\/\/www.facebook.com\/profile.php?id=100063200290284","https:\/\/x.com\/infoecos"]},{"@type":"Person","@id":"https:\/\/infoecos.com.ar\/#\/schema\/person\/8f5ace5ce73b4b4aac4b7245aee6f191","name":"Jorge Matheus","url":"https:\/\/infoecos.com.ar\/index.php\/author\/jomatheus\/"}]}},"featured_image_urls":{"full":["https:\/\/infoecos.com.ar\/wp-content\/uploads\/2021\/10\/BADINO_PREENCUENTRO_SALUD-1.jpeg",1600,719,false],"thumbnail":["https:\/\/infoecos.com.ar\/wp-content\/uploads\/2021\/10\/BADINO_PREENCUENTRO_SALUD-1-150x150.jpeg",150,150,true],"medium":["https:\/\/infoecos.com.ar\/wp-content\/uploads\/2021\/10\/BADINO_PREENCUENTRO_SALUD-1-460x207.jpeg",460,207,true],"medium_large":["https:\/\/infoecos.com.ar\/wp-content\/uploads\/2021\/10\/BADINO_PREENCUENTRO_SALUD-1-768x345.jpeg",640,288,true],"large":["https:\/\/infoecos.com.ar\/wp-content\/uploads\/2021\/10\/BADINO_PREENCUENTRO_SALUD-1-920x413.jpeg",640,287,true],"1536x1536":["https:\/\/infoecos.com.ar\/wp-content\/uploads\/2021\/10\/BADINO_PREENCUENTRO_SALUD-1-1536x690.jpeg",1536,690,true],"2048x2048":["https:\/\/infoecos.com.ar\/wp-content\/uploads\/2021\/10\/BADINO_PREENCUENTRO_SALUD-1.jpeg",1600,719,false],"covernews-slider-full":["https:\/\/infoecos.com.ar\/wp-content\/uploads\/2021\/10\/BADINO_PREENCUENTRO_SALUD-1-1536x719.jpeg",1115,522,true],"covernews-slider-center":["https:\/\/infoecos.com.ar\/wp-content\/uploads\/2021\/10\/BADINO_PREENCUENTRO_SALUD-1-936x719.jpeg",651,500,true],"covernews-featured":["https:\/\/infoecos.com.ar\/wp-content\/uploads\/2021\/10\/BADINO_PREENCUENTRO_SALUD-1-1024x460.jpeg",1024,460,true],"covernews-medium":["https:\/\/infoecos.com.ar\/wp-content\/uploads\/2021\/10\/BADINO_PREENCUENTRO_SALUD-1-720x380.jpeg",540,285,true],"covernews-medium-square":["https:\/\/infoecos.com.ar\/wp-content\/uploads\/2021\/10\/BADINO_PREENCUENTRO_SALUD-1-675x450.jpeg",375,250,true]},"author_info":{"info":["Jorge Matheus"]},"category_info":"<a href=\"https:\/\/infoecos.com.ar\/index.php\/category\/c3nota1\/\" rel=\"category tag\">C3 N1<\/a>","tag_info":"C3 N1","comment_count":"0","_links":{"self":[{"href":"https:\/\/infoecos.com.ar\/index.php\/wp-json\/wp\/v2\/posts\/88785"}],"collection":[{"href":"https:\/\/infoecos.com.ar\/index.php\/wp-json\/wp\/v2\/posts"}],"about":[{"href":"https:\/\/infoecos.com.ar\/index.php\/wp-json\/wp\/v2\/types\/post"}],"author":[{"embeddable":true,"href":"https:\/\/infoecos.com.ar\/index.php\/wp-json\/wp\/v2\/users\/2"}],"replies":[{"embeddable":true,"href":"https:\/\/infoecos.com.ar\/index.php\/wp-json\/wp\/v2\/comments?post=88785"}],"version-history":[{"count":2,"href":"https:\/\/infoecos.com.ar\/index.php\/wp-json\/wp\/v2\/posts\/88785\/revisions"}],"predecessor-version":[{"id":88790,"href":"https:\/\/infoecos.com.ar\/index.php\/wp-json\/wp\/v2\/posts\/88785\/revisions\/88790"}],"wp:featuredmedia":[{"embeddable":true,"href":"https:\/\/infoecos.com.ar\/index.php\/wp-json\/wp\/v2\/media\/88786"}],"wp:attachment":[{"href":"https:\/\/infoecos.com.ar\/index.php\/wp-json\/wp\/v2\/media?parent=88785"}],"wp:term":[{"taxonomy":"category","embeddable":true,"href":"https:\/\/infoecos.com.ar\/index.php\/wp-json\/wp\/v2\/categories?post=88785"},{"taxonomy":"post_tag","embeddable":true,"href":"https:\/\/infoecos.com.ar\/index.php\/wp-json\/wp\/v2\/tags?post=88785"}],"curies":[{"name":"wp","href":"https:\/\/api.w.org\/{rel}","templated":true}]}}