{"id":88800,"date":"2021-10-25T14:37:47","date_gmt":"2021-10-25T17:37:47","guid":{"rendered":"http:\/\/infoecos.com.ar\/?p=88800"},"modified":"2021-10-27T05:41:17","modified_gmt":"2021-10-27T08:41:17","slug":"solicitan-al-gobierno-nacional-el-rescate-de-la-cooperativa-sancor","status":"publish","type":"post","link":"https:\/\/infoecos.com.ar\/index.php\/solicitan-al-gobierno-nacional-el-rescate-de-la-cooperativa-sancor\/","title":{"rendered":"Solicitan al Gobierno Nacional el rescate de la Cooperativa Sancor"},"content":{"rendered":"\n<p class=\"wp-block-paragraph\">El Gobierno Nacional busc\u00f3 este lunes \u201cacercar posiciones\u201d para avanzar en un rescate de la cooperativa Sancor, que tiene deudas millonarias, en una reuni\u00f3n en la Casa Rosada del jefe de Gabinete, Juan Manzur, con el ministro de Agricultura, Ganader\u00eda y Pesca, Juli\u00e1n Dom\u00ednguez; y el secretario general de la Asociaci\u00f3n de Trabajadores de la Industria Lechera de la Rep\u00fablica Argentina (Atilra), H\u00e9ctor Ponce.<\/p>\n\n\n\n<p class=\"wp-block-paragraph\">\u201cHablamos sobre el rescate de Sancor. Hace mucho tiempo que estamos viviendo este estado de situaci\u00f3n y confiamos en la ayuda del Estado para rescatar una empresa que se ha constituido por m\u00e9rito propio en referente de la lecher\u00eda y de la actividad a nivel nacional. Estamos trabajando en ese sentido\u201d, explic\u00f3 Ponce a los periodistas acreditados en la Casa Rosada.<\/p>\n\n\n\n<div class=\"wp-block-image is-style-default\"><figure class=\"aligncenter size-medium\"><img loading=\"lazy\" decoding=\"async\" width=\"460\" height=\"307\" src=\"http:\/\/infoecos.com.ar\/wp-content\/uploads\/2021\/10\/dominguezmanzurponce-460x307.jpg\" alt=\"\" class=\"wp-image-88801\" srcset=\"https:\/\/infoecos.com.ar\/wp-content\/uploads\/2021\/10\/dominguezmanzurponce-460x307.jpg 460w, https:\/\/infoecos.com.ar\/wp-content\/uploads\/2021\/10\/dominguezmanzurponce-920x613.jpg 920w, https:\/\/infoecos.com.ar\/wp-content\/uploads\/2021\/10\/dominguezmanzurponce-768x512.jpg 768w, https:\/\/infoecos.com.ar\/wp-content\/uploads\/2021\/10\/dominguezmanzurponce-675x450.jpg 675w, https:\/\/infoecos.com.ar\/wp-content\/uploads\/2021\/10\/dominguezmanzurponce.jpg 1023w\" sizes=\"auto, (max-width: 460px) 100vw, 460px\" \/><figcaption>Dom\u00ednguez, Manzur y Ponce<\/figcaption><\/figure><\/div>\n\n\n\n<p class=\"wp-block-paragraph\">Fuentes oficiales, en tanto, indicaron a T\u00e9lam que la reuni\u00f3n convocada por Manzur tuvo el fin de \u201cacercar posiciones\u201d para encontrar una salida a la situaci\u00f3n de Sancor, que tiene un importante pasivo, y plantas en Santa Fe, C\u00f3rdoba y provincia de Buenos Aires.<\/p>\n\n\n\n<p class=\"wp-block-paragraph\">Ponce explic\u00f3 que Sancor \u201ctiene aproximadamente 1.500 trabajadores en forma directa y trabajo en forma indirecta en funci\u00f3n de que hay distintas actividades que tienen que ver con la fabricaci\u00f3n de productos l\u00e1cteos\u201d.<\/p>\n\n\n\n<div class=\"wp-block-image is-style-default\"><figure class=\"aligncenter size-medium\"><img decoding=\"async\" src=\"http:\/\/infoecos.com.ar\/wp-content\/uploads\/145923-460x296.jpg\" alt=\"\" class=\"wp-image-34264\"\/><figcaption>Sancor Sunchales<\/figcaption><\/figure><\/div>\n\n\n\n<p class=\"wp-block-paragraph\">\u201cHoy por hoy la situaci\u00f3n tiene que ver con que nosotros entendemos que hay que salvar a la empresa y b\u00e1sicamente los puestos de trabajo. Este es el tema fundamental por el cual nosotros venimos\u201d, explic\u00f3 acerca de la situaci\u00f3n cr\u00edtica de la cooperativa, que ya motiv\u00f3 el a\u00f1o pasado varias reuniones con funcionarios del Gobierno nacional.<\/p>\n\n\n\n<p class=\"wp-block-paragraph\">Al respecto, ante una consulta de T\u00e9lam, Ponce cont\u00f3 que fueron recibidos por Manzur y el ministro Dom\u00ednguez y tienen \u201cel compromiso de parte del Estado argentino de colaborar a los efectos de que la empresa contin\u00fae y los puestos de trabajo sigan preserv\u00e1ndose\u201d.<\/p>\n\n\n\n<div class=\"wp-block-image is-style-default\"><figure class=\"aligncenter size-medium\"><img decoding=\"async\" src=\"http:\/\/infoecos.com.ar\/wp-content\/uploads\/sancor-planta-460x277.jpg\" alt=\"\" class=\"wp-image-36013\"\/><figcaption>Sancor planta Chivilcoy<\/figcaption><\/figure><\/div>\n\n\n\n<p class=\"wp-block-paragraph\">\u201cNo gestionamos pero nos vemos en la obligaci\u00f3n de recurrir a todas aquellas cuestiones que nos permitan de alguna forma tratar de encontrar alguna alternativa de soluci\u00f3n y eso es lo que estamos buscando\u201d, insisti\u00f3.<\/p>\n\n\n\n<p class=\"wp-block-paragraph\">Cabe recordar que en los \u00faltimos a\u00f1os Sancor avanz\u00f3 con la venta de varios de sus activos a diversas empresas, pero aun as\u00ed no ha logrado recortar su pasivo y salir de su situaci\u00f3n cr\u00edtica.<\/p>\n","protected":false},"excerpt":{"rendered":"<p>La reuni\u00f3n convocada por Manzur tuvo el fin de \u201cacercar posiciones\u201d para encontrar una salida a la situaci\u00f3n de Sancor, que tiene un importante pasivo<\/p>\n","protected":false},"author":2,"featured_media":88801,"comment_status":"closed","ping_status":"open","sticky":false,"template":"","format":"standard","meta":{"footnotes":""},"categories":[200],"tags":[5540],"class_list":["post-88800","post","type-post","status-publish","format-standard","has-post-thumbnail","hentry","category-inferior8","tag-manzur-y-dominguez-con-ponce"],"featured_image_urls":{"full":["https:\/\/infoecos.com.ar\/wp-content\/uploads\/2021\/10\/dominguezmanzurponce.jpg",1023,682,false],"thumbnail":["https:\/\/infoecos.com.ar\/wp-content\/uploads\/2021\/10\/dominguezmanzurponce-150x150.jpg",150,150,true],"medium":["https:\/\/infoecos.com.ar\/wp-content\/uploads\/2021\/10\/dominguezmanzurponce-460x307.jpg",460,307,true],"medium_large":["https:\/\/infoecos.com.ar\/wp-content\/uploads\/2021\/10\/dominguezmanzurponce-768x512.jpg",640,427,true],"large":["https:\/\/infoecos.com.ar\/wp-content\/uploads\/2021\/10\/dominguezmanzurponce-920x613.jpg",640,426,true],"1536x1536":["https:\/\/infoecos.com.ar\/wp-content\/uploads\/2021\/10\/dominguezmanzurponce.jpg",1023,682,false],"2048x2048":["https:\/\/infoecos.com.ar\/wp-content\/uploads\/2021\/10\/dominguezmanzurponce.jpg",1023,682,false],"covernews-slider-full":["https:\/\/infoecos.com.ar\/wp-content\/uploads\/2021\/10\/dominguezmanzurponce.jpg",1023,682,false],"covernews-slider-center":["https:\/\/infoecos.com.ar\/wp-content\/uploads\/2021\/10\/dominguezmanzurponce-936x682.jpg",686,500,true],"covernews-featured":["https:\/\/infoecos.com.ar\/wp-content\/uploads\/2021\/10\/dominguezmanzurponce.jpg",1023,682,false],"covernews-medium":["https:\/\/infoecos.com.ar\/wp-content\/uploads\/2021\/10\/dominguezmanzurponce-720x380.jpg",540,285,true],"covernews-medium-square":["https:\/\/infoecos.com.ar\/wp-content\/uploads\/2021\/10\/dominguezmanzurponce-675x450.jpg",375,250,true]},"author_info":{"info":["Jorge Matheus"]},"category_info":"<a href=\"https:\/\/infoecos.com.ar\/index.php\/category\/inferior8\/\" rel=\"category tag\">Bloque inferior - 8<\/a>","tag_info":"Bloque inferior - 8","comment_count":"0","_links":{"self":[{"href":"https:\/\/infoecos.com.ar\/index.php\/wp-json\/wp\/v2\/posts\/88800","targetHints":{"allow":["GET"]}}],"collection":[{"href":"https:\/\/infoecos.com.ar\/index.php\/wp-json\/wp\/v2\/posts"}],"about":[{"href":"https:\/\/infoecos.com.ar\/index.php\/wp-json\/wp\/v2\/types\/post"}],"author":[{"embeddable":true,"href":"https:\/\/infoecos.com.ar\/index.php\/wp-json\/wp\/v2\/users\/2"}],"replies":[{"embeddable":true,"href":"https:\/\/infoecos.com.ar\/index.php\/wp-json\/wp\/v2\/comments?post=88800"}],"version-history":[{"count":2,"href":"https:\/\/infoecos.com.ar\/index.php\/wp-json\/wp\/v2\/posts\/88800\/revisions"}],"predecessor-version":[{"id":88803,"href":"https:\/\/infoecos.com.ar\/index.php\/wp-json\/wp\/v2\/posts\/88800\/revisions\/88803"}],"wp:featuredmedia":[{"embeddable":true,"href":"https:\/\/infoecos.com.ar\/index.php\/wp-json\/wp\/v2\/media\/88801"}],"wp:attachment":[{"href":"https:\/\/infoecos.com.ar\/index.php\/wp-json\/wp\/v2\/media?parent=88800"}],"wp:term":[{"taxonomy":"category","embeddable":true,"href":"https:\/\/infoecos.com.ar\/index.php\/wp-json\/wp\/v2\/categories?post=88800"},{"taxonomy":"post_tag","embeddable":true,"href":"https:\/\/infoecos.com.ar\/index.php\/wp-json\/wp\/v2\/tags?post=88800"}],"curies":[{"name":"wp","href":"https:\/\/api.w.org\/{rel}","templated":true}]}}