{"id":88804,"date":"2021-10-25T14:49:48","date_gmt":"2021-10-25T17:49:48","guid":{"rendered":"http:\/\/infoecos.com.ar\/?p=88804"},"modified":"2021-10-27T05:40:55","modified_gmt":"2021-10-27T08:40:55","slug":"reemplazaron-luminarias-en-la-interseccion-de-la-ruta-nacional-188-y-la-provincial-66","status":"publish","type":"post","link":"https:\/\/infoecos.com.ar\/index.php\/reemplazaron-luminarias-en-la-interseccion-de-la-ruta-nacional-188-y-la-provincial-66\/","title":{"rendered":"Reemplazaron luminarias en la intersecci\u00f3n de la Ruta Nacional 188 y la provincial 66"},"content":{"rendered":"\n<p class=\"wp-block-paragraph\">El Gerente de Regiones de Vialidad Nacional, el ameghinense Patricio Garc\u00eda, inform\u00f3 en su cuenta de la red Facebook que se procedi\u00f3 al reemplazo de las luminarias existentes en la intersecci\u00f3n de la Ruta Nacional n\u00famero 188 y la provincial n\u00famero 66 que conecta con la localidad de Blaquier.<\/p>\n\n\n\n<div class=\"wp-block-image is-style-default\"><figure class=\"aligncenter size-medium\"><img loading=\"lazy\" decoding=\"async\" width=\"460\" height=\"330\" src=\"http:\/\/infoecos.com.ar\/wp-content\/uploads\/2021\/10\/247261058_10220522737390711_4369903157020411847_n-460x330.jpg\" alt=\"\" class=\"wp-image-88805\" srcset=\"https:\/\/infoecos.com.ar\/wp-content\/uploads\/2021\/10\/247261058_10220522737390711_4369903157020411847_n-460x330.jpg 460w, https:\/\/infoecos.com.ar\/wp-content\/uploads\/2021\/10\/247261058_10220522737390711_4369903157020411847_n.jpg 532w\" sizes=\"auto, (max-width: 460px) 100vw, 460px\" \/><\/figure><\/div>\n\n\n\n<p class=\"wp-block-paragraph\">Apunta Garc\u00eda que las luminarias que se colocan son de 170 kw.<\/p>\n\n\n\n<p class=\"wp-block-paragraph\">Por otro lado, el funcionario nacional, ante la consulta de un vecino, record\u00f3 que el 29 del corriente se proceder\u00e1 a la apertura de los sobres de la licitaci\u00f3n para la reparaci\u00f3n de 97 kil\u00f3metros de la Ruta Nacional n\u00famero 33. Es el tramo comprendido entre Rufino y General Villegas.<\/p>\n","protected":false},"excerpt":{"rendered":"<p>El funcionario record\u00f3 que el 29 del corriente se proceder\u00e1 a la apertura de los sobres de la licitaci\u00f3n para la reparaci\u00f3n de 97 kil\u00f3metros de la Ruta 33<\/p>\n","protected":false},"author":2,"featured_media":88806,"comment_status":"closed","ping_status":"open","sticky":false,"template":"","format":"standard","meta":{"footnotes":""},"categories":[199],"tags":[5541],"class_list":["post-88804","post","type-post","status-publish","format-standard","has-post-thumbnail","hentry","category-inferior7","tag-lo-informo-patricio-garcia"],"featured_image_urls":{"full":["https:\/\/infoecos.com.ar\/wp-content\/uploads\/2021\/10\/247996364_10220522737510714_921560948608235570_n.jpg",375,268,false],"thumbnail":["https:\/\/infoecos.com.ar\/wp-content\/uploads\/2021\/10\/247996364_10220522737510714_921560948608235570_n-150x150.jpg",150,150,true],"medium":["https:\/\/infoecos.com.ar\/wp-content\/uploads\/2021\/10\/247996364_10220522737510714_921560948608235570_n.jpg",375,268,false],"medium_large":["https:\/\/infoecos.com.ar\/wp-content\/uploads\/2021\/10\/247996364_10220522737510714_921560948608235570_n.jpg",375,268,false],"large":["https:\/\/infoecos.com.ar\/wp-content\/uploads\/2021\/10\/247996364_10220522737510714_921560948608235570_n.jpg",375,268,false],"1536x1536":["https:\/\/infoecos.com.ar\/wp-content\/uploads\/2021\/10\/247996364_10220522737510714_921560948608235570_n.jpg",375,268,false],"2048x2048":["https:\/\/infoecos.com.ar\/wp-content\/uploads\/2021\/10\/247996364_10220522737510714_921560948608235570_n.jpg",375,268,false],"covernews-slider-full":["https:\/\/infoecos.com.ar\/wp-content\/uploads\/2021\/10\/247996364_10220522737510714_921560948608235570_n.jpg",375,268,false],"covernews-slider-center":["https:\/\/infoecos.com.ar\/wp-content\/uploads\/2021\/10\/247996364_10220522737510714_921560948608235570_n.jpg",375,268,false],"covernews-featured":["https:\/\/infoecos.com.ar\/wp-content\/uploads\/2021\/10\/247996364_10220522737510714_921560948608235570_n.jpg",375,268,false],"covernews-medium":["https:\/\/infoecos.com.ar\/wp-content\/uploads\/2021\/10\/247996364_10220522737510714_921560948608235570_n.jpg",375,268,false],"covernews-medium-square":["https:\/\/infoecos.com.ar\/wp-content\/uploads\/2021\/10\/247996364_10220522737510714_921560948608235570_n.jpg",350,250,false]},"author_info":{"info":["Jorge Matheus"]},"category_info":"<a href=\"https:\/\/infoecos.com.ar\/index.php\/category\/inferior7\/\" rel=\"category tag\">Bloque inferior - 7<\/a>","tag_info":"Bloque inferior - 7","comment_count":"0","_links":{"self":[{"href":"https:\/\/infoecos.com.ar\/index.php\/wp-json\/wp\/v2\/posts\/88804","targetHints":{"allow":["GET"]}}],"collection":[{"href":"https:\/\/infoecos.com.ar\/index.php\/wp-json\/wp\/v2\/posts"}],"about":[{"href":"https:\/\/infoecos.com.ar\/index.php\/wp-json\/wp\/v2\/types\/post"}],"author":[{"embeddable":true,"href":"https:\/\/infoecos.com.ar\/index.php\/wp-json\/wp\/v2\/users\/2"}],"replies":[{"embeddable":true,"href":"https:\/\/infoecos.com.ar\/index.php\/wp-json\/wp\/v2\/comments?post=88804"}],"version-history":[{"count":1,"href":"https:\/\/infoecos.com.ar\/index.php\/wp-json\/wp\/v2\/posts\/88804\/revisions"}],"predecessor-version":[{"id":88807,"href":"https:\/\/infoecos.com.ar\/index.php\/wp-json\/wp\/v2\/posts\/88804\/revisions\/88807"}],"wp:featuredmedia":[{"embeddable":true,"href":"https:\/\/infoecos.com.ar\/index.php\/wp-json\/wp\/v2\/media\/88806"}],"wp:attachment":[{"href":"https:\/\/infoecos.com.ar\/index.php\/wp-json\/wp\/v2\/media?parent=88804"}],"wp:term":[{"taxonomy":"category","embeddable":true,"href":"https:\/\/infoecos.com.ar\/index.php\/wp-json\/wp\/v2\/categories?post=88804"},{"taxonomy":"post_tag","embeddable":true,"href":"https:\/\/infoecos.com.ar\/index.php\/wp-json\/wp\/v2\/tags?post=88804"}],"curies":[{"name":"wp","href":"https:\/\/api.w.org\/{rel}","templated":true}]}}