{"id":88830,"date":"2021-10-26T11:42:07","date_gmt":"2021-10-26T14:42:07","guid":{"rendered":"http:\/\/infoecos.com.ar\/?p=88830"},"modified":"2021-10-27T04:27:07","modified_gmt":"2021-10-27T07:27:07","slug":"berni-dejo-su-marca-en-la-recorrida-por-la-region-con-declaraciones-que-han-tenido-marcada-repercusion","status":"publish","type":"post","link":"https:\/\/infoecos.com.ar\/index.php\/berni-dejo-su-marca-en-la-recorrida-por-la-region-con-declaraciones-que-han-tenido-marcada-repercusion\/","title":{"rendered":"Berni dej\u00f3 su marca en la recorrida por la regi\u00f3n con declaraciones que han tenido fuerte repercusi\u00f3n"},"content":{"rendered":"\n<p>El ministro de Seguridad bonaerense, Sergio Berni, dej\u00f3 su sello en su paso por distintos distritos de la regi\u00f3n, al formular declaraciones que tuvieron una gran repercusi\u00f3n, en virtud de sus claras diferencias con las pol\u00edticas de seguridad que se implementan a nivel nacional, como as\u00ed tambi\u00e9n con una lectura distinta por el resultado de las PASO y lo que puede acontecer el 14 de noviembre. <\/p>\n\n\n\n<p>En Coronel Su\u00e1rez, donde estuvo muy poco tiempo y entreg\u00f3 dos patrulleros, Berni manifest\u00f3 en contacto con la prensa que reflejan <strong>lanueva.com<\/strong> y <strong>diarionuevodia.com.ar<\/strong> que <strong>\u201cnosotros generamos la profesionalizaci\u00f3n y capacitaci\u00f3n de la polic\u00eda, pero debe estar acompa\u00f1ada de la Justicia. Los \u00faltimos hechos de inseguridad se dieron por gente que deber\u00eda estar en la c\u00e1rcel cumpliendo condena\u201d<\/strong><\/p>\n\n\n\n<div class=\"wp-block-image is-style-default\"><figure class=\"aligncenter size-medium\"><img loading=\"lazy\" decoding=\"async\" width=\"460\" height=\"307\" src=\"http:\/\/infoecos.com.ar\/wp-content\/uploads\/2021\/10\/bernimoccero-460x307.jpg\" alt=\"\" class=\"wp-image-88831\" srcset=\"https:\/\/infoecos.com.ar\/wp-content\/uploads\/2021\/10\/bernimoccero-460x307.jpg 460w, https:\/\/infoecos.com.ar\/wp-content\/uploads\/2021\/10\/bernimoccero-920x614.jpg 920w, https:\/\/infoecos.com.ar\/wp-content\/uploads\/2021\/10\/bernimoccero-768x512.jpg 768w, https:\/\/infoecos.com.ar\/wp-content\/uploads\/2021\/10\/bernimoccero-1536x1024.jpg 1536w, https:\/\/infoecos.com.ar\/wp-content\/uploads\/2021\/10\/bernimoccero-1024x683.jpg 1024w, https:\/\/infoecos.com.ar\/wp-content\/uploads\/2021\/10\/bernimoccero-675x450.jpg 675w, https:\/\/infoecos.com.ar\/wp-content\/uploads\/2021\/10\/bernimoccero.jpg 1600w\" sizes=\"(max-width: 460px) 100vw, 460px\" \/><\/figure><\/div>\n\n\n\n<p>Hizo hincapi\u00e9 en la necesidad de tener una polic\u00eda capacitada y que cambie la ley de drogas en el pa\u00eds. <\/p>\n\n\n\n<p>Sobre el conflicto con grupos radicalizados&nbsp;mapuches en el sur, Berni se\u00f1al\u00f3 y sus declaraciones repercutieron en todo el pa\u00eds, muy especialmente en el coraz\u00f3n del gobierno nacional que \u00abel solo hecho de atemorizar y utilizar la violencia para imponer una idea es un acto de terrorismo;&nbsp;si a alguno no le gusta es porque no interpreta la ley\u201d. Mencion\u00f3 que \u201cno es una organizaci\u00f3n terrorista internacional pero ese acto de lo que ocurre en el Sur merece una calificaci\u00f3n penal y por consiguiente se debe atajar a tiempo\u201d.&nbsp;<\/p>\n\n\n\n<div class=\"wp-block-image is-style-default\"><figure class=\"aligncenter size-medium\"><img loading=\"lazy\" decoding=\"async\" width=\"460\" height=\"307\" src=\"http:\/\/infoecos.com.ar\/wp-content\/uploads\/2021\/10\/bernicoronels-460x307.jpg\" alt=\"\" class=\"wp-image-88832\" srcset=\"https:\/\/infoecos.com.ar\/wp-content\/uploads\/2021\/10\/bernicoronels-460x307.jpg 460w, https:\/\/infoecos.com.ar\/wp-content\/uploads\/2021\/10\/bernicoronels-675x450.jpg 675w, https:\/\/infoecos.com.ar\/wp-content\/uploads\/2021\/10\/bernicoronels.jpg 696w\" sizes=\"(max-width: 460px) 100vw, 460px\" \/><\/figure><\/div>\n\n\n\n<p><strong>El \u00abshow\u00bb de los Twitters de An\u00edbal Fern\u00e1ndez y Berni, producidos por ellos mismos y amplificados por los medios<\/strong>:<\/p>\n\n\n\n<figure class=\"wp-block-embed is-type-rich is-provider-twitter wp-block-embed-twitter\"><div class=\"wp-block-embed__wrapper\">\n<blockquote class=\"twitter-tweet\" data-width=\"550\" data-dnt=\"true\"><p lang=\"es\" dir=\"ltr\">&quot;ME TIENE SIN CUIDADO EL TEMA. CON EL PRESIDENTE TRATO DE HABLAR DE COSAS SERIAS&quot;: Mientras crece la tensi\u00f3n entre el oficialismo, An\u00edbal Fern\u00e1ndez minimiz\u00f3 el cruce con Sergio Berni: &quot;\u00c9l no tiene que coordinar la seguridad conmigo. Es una discusi\u00f3n que no tiene sentido&quot; <a href=\"https:\/\/t.co\/NAfMgqaYLQ\">pic.twitter.com\/NAfMgqaYLQ<\/a><\/p>&mdash; TN &#8211; Todo Noticias (@todonoticias) <a href=\"https:\/\/twitter.com\/todonoticias\/status\/1452971054222217222?ref_src=twsrc%5Etfw\">October 26, 2021<\/a><\/blockquote><script async src=\"https:\/\/platform.twitter.com\/widgets.js\" charset=\"utf-8\"><\/script>\n<\/div><\/figure>\n\n\n\n<figure class=\"wp-block-embed is-type-rich is-provider-twitter wp-block-embed-twitter\"><div class=\"wp-block-embed__wrapper\">\n<blockquote class=\"twitter-tweet\" data-width=\"550\" data-dnt=\"true\"><p lang=\"es\" dir=\"ltr\">Sergio Berni, ir\u00f3nico contra An\u00edbal Fern\u00e1ndez: \u201c\u00bfFui claro o le hago un dibujito?\u201d<a href=\"https:\/\/t.co\/7jiymMHpz6\">https:\/\/t.co\/7jiymMHpz6<\/a><\/p>&mdash; Radio Mitre (@radiomitre) <a href=\"https:\/\/twitter.com\/radiomitre\/status\/1452824617610063876?ref_src=twsrc%5Etfw\">October 26, 2021<\/a><\/blockquote><script async src=\"https:\/\/platform.twitter.com\/widgets.js\" charset=\"utf-8\"><\/script>\n<\/div><\/figure>\n\n\n\n<figure class=\"wp-block-embed is-type-rich is-provider-twitter wp-block-embed-twitter\"><div class=\"wp-block-embed__wrapper\">\n<blockquote class=\"twitter-tweet\" data-width=\"550\" data-dnt=\"true\"><p lang=\"es\" dir=\"ltr\">Clar\u00edn: An\u00edbal Fern\u00e1ndez: &quot;Ni el Presidente ni yo necesitamos ser aprobados por Sergio Berni&quot; <a href=\"https:\/\/t.co\/wm2qqIm47c\">https:\/\/t.co\/wm2qqIm47c<\/a><\/p>&mdash; An\u00edbal Fern\u00e1ndez (@FernandezAnibal) <a href=\"https:\/\/twitter.com\/FernandezAnibal\/status\/1452482025319854080?ref_src=twsrc%5Etfw\">October 25, 2021<\/a><\/blockquote><script async src=\"https:\/\/platform.twitter.com\/widgets.js\" charset=\"utf-8\"><\/script>\n<\/div><\/figure>\n\n\n\n<figure class=\"wp-block-embed is-type-rich is-provider-twitter wp-block-embed-twitter\"><div class=\"wp-block-embed__wrapper\">\n<blockquote class=\"twitter-tweet\" data-width=\"550\" data-dnt=\"true\"><p lang=\"es\" dir=\"ltr\">Sergio Berni embisti\u00f3 contra An\u00edbal Fern\u00e1ndez: \u201cHubo 16 millones de argentinos que no aprobaron nuestra gesti\u00f3n\u201d <a href=\"https:\/\/t.co\/lWhngjd40q\">https:\/\/t.co\/lWhngjd40q<\/a> <a href=\"https:\/\/t.co\/vugo7lamLQ\">pic.twitter.com\/vugo7lamLQ<\/a><\/p>&mdash; infobae (@infobae) <a href=\"https:\/\/twitter.com\/infobae\/status\/1452767998817808385?ref_src=twsrc%5Etfw\">October 25, 2021<\/a><\/blockquote><script async src=\"https:\/\/platform.twitter.com\/widgets.js\" charset=\"utf-8\"><\/script>\n<\/div><\/figure>\n\n\n\n<figure class=\"wp-block-embed is-type-rich is-provider-twitter wp-block-embed-twitter\"><div class=\"wp-block-embed__wrapper\">\n<blockquote class=\"twitter-tweet\" data-width=\"550\" data-dnt=\"true\"><p lang=\"es\" dir=\"ltr\">Tensa situaci\u00f3n entre S\u00e9rgio Berni y An\u00edbal Fern\u00e1ndez:<br>&quot;FUI CLARO? O LE HAGO UN DIBUJITO?&quot;<br>Parece que el oficialismo arde!!! <a href=\"https:\/\/t.co\/vAxWnwj3YP\">pic.twitter.com\/vAxWnwj3YP<\/a><\/p>&mdash; Albert (@AlbertCarp4) <a href=\"https:\/\/twitter.com\/AlbertCarp4\/status\/1452968282680541188?ref_src=twsrc%5Etfw\">October 26, 2021<\/a><\/blockquote><script async src=\"https:\/\/platform.twitter.com\/widgets.js\" charset=\"utf-8\"><\/script>\n<\/div><\/figure>\n\n\n\n<figure class=\"wp-block-embed is-type-rich is-provider-twitter wp-block-embed-twitter\"><div class=\"wp-block-embed__wrapper\">\n<blockquote class=\"twitter-tweet\" data-width=\"550\" data-dnt=\"true\"><p lang=\"es\" dir=\"ltr\">An\u00edbal Fern\u00e1ndez redobl\u00f3 las cr\u00edticas contra Sergio Berni: \u201cNo se comprende bien ni de d\u00f3nde viene ni ad\u00f3nde quiere ir\u201d <a href=\"https:\/\/t.co\/aoeTsisC6l\">https:\/\/t.co\/aoeTsisC6l<\/a><\/p>&mdash; TN &#8211; Todo Noticias (@todonoticias) <a href=\"https:\/\/twitter.com\/todonoticias\/status\/1452963996311691266?ref_src=twsrc%5Etfw\">October 26, 2021<\/a><\/blockquote><script async src=\"https:\/\/platform.twitter.com\/widgets.js\" charset=\"utf-8\"><\/script>\n<\/div><\/figure>\n\n\n\n<figure class=\"wp-block-embed is-type-rich is-provider-twitter wp-block-embed-twitter\"><div class=\"wp-block-embed__wrapper\">\n<blockquote class=\"twitter-tweet\" data-width=\"550\" data-dnt=\"true\"><p lang=\"es\" dir=\"ltr\">Lamento informarle lo obvio, ser\u00eda necesario contar con la aprobaci\u00f3n y el consenso de la sociedad en su conjunto.<br>Si mis matem\u00e1ticas no me fallan el 12 de Septiembre hubo 16.323.291 argentinos que no aprobaron nuestra gesti\u00f3n.<br>Fui claro? O le hago un dibujito?<\/p>&mdash; Sergio Berni (@SergioBerniArg) <a href=\"https:\/\/twitter.com\/SergioBerniArg\/status\/1452734734006693897?ref_src=twsrc%5Etfw\">October 25, 2021<\/a><\/blockquote><script async src=\"https:\/\/platform.twitter.com\/widgets.js\" charset=\"utf-8\"><\/script>\n<\/div><\/figure>\n\n\n\n<figure class=\"wp-block-embed is-type-rich is-provider-twitter wp-block-embed-twitter\"><div class=\"wp-block-embed__wrapper\">\n<blockquote class=\"twitter-tweet\" data-width=\"550\" data-dnt=\"true\"><p lang=\"es\" dir=\"ltr\">Como de costumbre, siempre tiene raz\u00f3n querido compa\u00f1ero <a href=\"https:\/\/twitter.com\/FernandezAnibal?ref_src=twsrc%5Etfw\">@FernandezAnibal<\/a><br>Ni usted ni el presidente necesitan de mi aprobaci\u00f3n. <br>No es mi intenci\u00f3n contradecir tan brillante acto de soberbia. <a href=\"https:\/\/t.co\/Dli4hqtVQj\">https:\/\/t.co\/Dli4hqtVQj<\/a><\/p>&mdash; Sergio Berni (@SergioBerniArg) <a href=\"https:\/\/twitter.com\/SergioBerniArg\/status\/1452734731813015558?ref_src=twsrc%5Etfw\">October 25, 2021<\/a><\/blockquote><script async src=\"https:\/\/platform.twitter.com\/widgets.js\" charset=\"utf-8\"><\/script>\n<\/div><\/figure>\n","protected":false},"excerpt":{"rendered":"<p>Sobre el conflicto mapuche dijo \u00abel solo hecho de atemorizar y utilizar la violencia para imponer una idea es un acto de terrorismo; si a alguno no le gusta es porque no interpreta la ley\u201d<\/p>\n","protected":false},"author":2,"featured_media":88831,"comment_status":"closed","ping_status":"open","sticky":false,"template":"","format":"standard","meta":{"footnotes":""},"categories":[1341],"tags":[5552],"class_list":["post-88830","post","type-post","status-publish","format-standard","has-post-thumbnail","hentry","category-c1nota7","tag-siguen-las-confrontaciones"],"yoast_head":"<!-- This site is optimized with the Yoast SEO plugin v23.4 - https:\/\/yoast.com\/wordpress\/plugins\/seo\/ -->\n<title>Berni dej\u00f3 su marca en la recorrida por la regi\u00f3n con declaraciones que han tenido fuerte repercusi\u00f3n - Infoecos<\/title>\n<meta name=\"robots\" content=\"index, follow, max-snippet:-1, max-image-preview:large, max-video-preview:-1\" \/>\n<link rel=\"canonical\" href=\"https:\/\/infoecos.com.ar\/index.php\/berni-dejo-su-marca-en-la-recorrida-por-la-region-con-declaraciones-que-han-tenido-marcada-repercusion\/\" \/>\n<meta property=\"og:locale\" content=\"es_ES\" \/>\n<meta property=\"og:type\" content=\"article\" \/>\n<meta property=\"og:title\" content=\"Berni dej\u00f3 su marca en la recorrida por la regi\u00f3n con declaraciones que han tenido fuerte repercusi\u00f3n - Infoecos\" \/>\n<meta property=\"og:description\" content=\"Sobre el conflicto mapuche dijo &quot;el solo hecho de atemorizar y utilizar la violencia para imponer una idea es un acto de terrorismo; si a alguno no le gusta es porque no interpreta la ley\u201d\" \/>\n<meta property=\"og:url\" content=\"https:\/\/infoecos.com.ar\/index.php\/berni-dejo-su-marca-en-la-recorrida-por-la-region-con-declaraciones-que-han-tenido-marcada-repercusion\/\" \/>\n<meta property=\"og:site_name\" content=\"Infoecos\" \/>\n<meta property=\"article:publisher\" content=\"https:\/\/www.facebook.com\/profile.php?id=100063200290284\" \/>\n<meta property=\"article:published_time\" content=\"2021-10-26T14:42:07+00:00\" \/>\n<meta property=\"article:modified_time\" content=\"2021-10-27T07:27:07+00:00\" \/>\n<meta property=\"og:image\" content=\"https:\/\/infoecos.com.ar\/wp-content\/uploads\/2021\/10\/bernimoccero.jpg\" \/>\n\t<meta property=\"og:image:width\" content=\"1600\" \/>\n\t<meta property=\"og:image:height\" content=\"1067\" \/>\n\t<meta property=\"og:image:type\" content=\"image\/jpeg\" \/>\n<meta name=\"author\" content=\"Jorge Matheus\" \/>\n<meta name=\"twitter:card\" content=\"summary_large_image\" \/>\n<meta name=\"twitter:creator\" content=\"@infoecos\" \/>\n<meta name=\"twitter:site\" content=\"@infoecos\" \/>\n<meta name=\"twitter:label1\" content=\"Escrito por\" \/>\n\t<meta name=\"twitter:data1\" content=\"Jorge Matheus\" \/>\n\t<meta name=\"twitter:label2\" content=\"Tiempo de lectura\" \/>\n\t<meta name=\"twitter:data2\" content=\"2 minutos\" \/>\n<script type=\"application\/ld+json\" class=\"yoast-schema-graph\">{\"@context\":\"https:\/\/schema.org\",\"@graph\":[{\"@type\":\"Article\",\"@id\":\"https:\/\/infoecos.com.ar\/index.php\/berni-dejo-su-marca-en-la-recorrida-por-la-region-con-declaraciones-que-han-tenido-marcada-repercusion\/#article\",\"isPartOf\":{\"@id\":\"https:\/\/infoecos.com.ar\/index.php\/berni-dejo-su-marca-en-la-recorrida-por-la-region-con-declaraciones-que-han-tenido-marcada-repercusion\/\"},\"author\":{\"name\":\"Jorge Matheus\",\"@id\":\"https:\/\/infoecos.com.ar\/#\/schema\/person\/8f5ace5ce73b4b4aac4b7245aee6f191\"},\"headline\":\"Berni dej\u00f3 su marca en la recorrida por la regi\u00f3n con declaraciones que han tenido fuerte repercusi\u00f3n\",\"datePublished\":\"2021-10-26T14:42:07+00:00\",\"dateModified\":\"2021-10-27T07:27:07+00:00\",\"mainEntityOfPage\":{\"@id\":\"https:\/\/infoecos.com.ar\/index.php\/berni-dejo-su-marca-en-la-recorrida-por-la-region-con-declaraciones-que-han-tenido-marcada-repercusion\/\"},\"wordCount\":336,\"publisher\":{\"@id\":\"https:\/\/infoecos.com.ar\/#organization\"},\"image\":{\"@id\":\"https:\/\/infoecos.com.ar\/index.php\/berni-dejo-su-marca-en-la-recorrida-por-la-region-con-declaraciones-que-han-tenido-marcada-repercusion\/#primaryimage\"},\"thumbnailUrl\":\"https:\/\/infoecos.com.ar\/wp-content\/uploads\/2021\/10\/bernimoccero.jpg\",\"keywords\":[\"siguen las confrontaciones\"],\"articleSection\":[\"C1 nota 7\"],\"inLanguage\":\"es\"},{\"@type\":\"WebPage\",\"@id\":\"https:\/\/infoecos.com.ar\/index.php\/berni-dejo-su-marca-en-la-recorrida-por-la-region-con-declaraciones-que-han-tenido-marcada-repercusion\/\",\"url\":\"https:\/\/infoecos.com.ar\/index.php\/berni-dejo-su-marca-en-la-recorrida-por-la-region-con-declaraciones-que-han-tenido-marcada-repercusion\/\",\"name\":\"Berni dej\u00f3 su marca en la recorrida por la regi\u00f3n con declaraciones que han tenido fuerte repercusi\u00f3n - Infoecos\",\"isPartOf\":{\"@id\":\"https:\/\/infoecos.com.ar\/#website\"},\"primaryImageOfPage\":{\"@id\":\"https:\/\/infoecos.com.ar\/index.php\/berni-dejo-su-marca-en-la-recorrida-por-la-region-con-declaraciones-que-han-tenido-marcada-repercusion\/#primaryimage\"},\"image\":{\"@id\":\"https:\/\/infoecos.com.ar\/index.php\/berni-dejo-su-marca-en-la-recorrida-por-la-region-con-declaraciones-que-han-tenido-marcada-repercusion\/#primaryimage\"},\"thumbnailUrl\":\"https:\/\/infoecos.com.ar\/wp-content\/uploads\/2021\/10\/bernimoccero.jpg\",\"datePublished\":\"2021-10-26T14:42:07+00:00\",\"dateModified\":\"2021-10-27T07:27:07+00:00\",\"breadcrumb\":{\"@id\":\"https:\/\/infoecos.com.ar\/index.php\/berni-dejo-su-marca-en-la-recorrida-por-la-region-con-declaraciones-que-han-tenido-marcada-repercusion\/#breadcrumb\"},\"inLanguage\":\"es\",\"potentialAction\":[{\"@type\":\"ReadAction\",\"target\":[\"https:\/\/infoecos.com.ar\/index.php\/berni-dejo-su-marca-en-la-recorrida-por-la-region-con-declaraciones-que-han-tenido-marcada-repercusion\/\"]}]},{\"@type\":\"ImageObject\",\"inLanguage\":\"es\",\"@id\":\"https:\/\/infoecos.com.ar\/index.php\/berni-dejo-su-marca-en-la-recorrida-por-la-region-con-declaraciones-que-han-tenido-marcada-repercusion\/#primaryimage\",\"url\":\"https:\/\/infoecos.com.ar\/wp-content\/uploads\/2021\/10\/bernimoccero.jpg\",\"contentUrl\":\"https:\/\/infoecos.com.ar\/wp-content\/uploads\/2021\/10\/bernimoccero.jpg\",\"width\":1600,\"height\":1067},{\"@type\":\"BreadcrumbList\",\"@id\":\"https:\/\/infoecos.com.ar\/index.php\/berni-dejo-su-marca-en-la-recorrida-por-la-region-con-declaraciones-que-han-tenido-marcada-repercusion\/#breadcrumb\",\"itemListElement\":[{\"@type\":\"ListItem\",\"position\":1,\"name\":\"Portada\",\"item\":\"https:\/\/infoecos.com.ar\/\"},{\"@type\":\"ListItem\",\"position\":2,\"name\":\"Berni dej\u00f3 su marca en la recorrida por la regi\u00f3n con declaraciones que han tenido fuerte repercusi\u00f3n\"}]},{\"@type\":\"WebSite\",\"@id\":\"https:\/\/infoecos.com.ar\/#website\",\"url\":\"https:\/\/infoecos.com.ar\/\",\"name\":\"Infoecos\",\"description\":\"Noticias de trenque lauquen y la zona\",\"publisher\":{\"@id\":\"https:\/\/infoecos.com.ar\/#organization\"},\"alternateName\":\"Noticias\",\"potentialAction\":[{\"@type\":\"SearchAction\",\"target\":{\"@type\":\"EntryPoint\",\"urlTemplate\":\"https:\/\/infoecos.com.ar\/?s={search_term_string}\"},\"query-input\":{\"@type\":\"PropertyValueSpecification\",\"valueRequired\":true,\"valueName\":\"search_term_string\"}}],\"inLanguage\":\"es\"},{\"@type\":\"Organization\",\"@id\":\"https:\/\/infoecos.com.ar\/#organization\",\"name\":\"Infoecos\",\"alternateName\":\"Noticias\",\"url\":\"https:\/\/infoecos.com.ar\/\",\"logo\":{\"@type\":\"ImageObject\",\"inLanguage\":\"es\",\"@id\":\"https:\/\/infoecos.com.ar\/#\/schema\/logo\/image\/\",\"url\":\"https:\/\/infoecos.com.ar\/wp-content\/uploads\/2024\/03\/cropped-logo.png\",\"contentUrl\":\"https:\/\/infoecos.com.ar\/wp-content\/uploads\/2024\/03\/cropped-logo.png\",\"width\":374,\"height\":90,\"caption\":\"Infoecos\"},\"image\":{\"@id\":\"https:\/\/infoecos.com.ar\/#\/schema\/logo\/image\/\"},\"sameAs\":[\"https:\/\/www.facebook.com\/profile.php?id=100063200290284\",\"https:\/\/x.com\/infoecos\"]},{\"@type\":\"Person\",\"@id\":\"https:\/\/infoecos.com.ar\/#\/schema\/person\/8f5ace5ce73b4b4aac4b7245aee6f191\",\"name\":\"Jorge Matheus\",\"url\":\"https:\/\/infoecos.com.ar\/index.php\/author\/jomatheus\/\"}]}<\/script>\n<!-- \/ Yoast SEO plugin. -->","yoast_head_json":{"title":"Berni dej\u00f3 su marca en la recorrida por la regi\u00f3n con declaraciones que han tenido fuerte repercusi\u00f3n - Infoecos","robots":{"index":"index","follow":"follow","max-snippet":"max-snippet:-1","max-image-preview":"max-image-preview:large","max-video-preview":"max-video-preview:-1"},"canonical":"https:\/\/infoecos.com.ar\/index.php\/berni-dejo-su-marca-en-la-recorrida-por-la-region-con-declaraciones-que-han-tenido-marcada-repercusion\/","og_locale":"es_ES","og_type":"article","og_title":"Berni dej\u00f3 su marca en la recorrida por la regi\u00f3n con declaraciones que han tenido fuerte repercusi\u00f3n - Infoecos","og_description":"Sobre el conflicto mapuche dijo \"el solo hecho de atemorizar y utilizar la violencia para imponer una idea es un acto de terrorismo; si a alguno no le gusta es porque no interpreta la ley\u201d","og_url":"https:\/\/infoecos.com.ar\/index.php\/berni-dejo-su-marca-en-la-recorrida-por-la-region-con-declaraciones-que-han-tenido-marcada-repercusion\/","og_site_name":"Infoecos","article_publisher":"https:\/\/www.facebook.com\/profile.php?id=100063200290284","article_published_time":"2021-10-26T14:42:07+00:00","article_modified_time":"2021-10-27T07:27:07+00:00","og_image":[{"width":1600,"height":1067,"url":"https:\/\/infoecos.com.ar\/wp-content\/uploads\/2021\/10\/bernimoccero.jpg","type":"image\/jpeg"}],"author":"Jorge Matheus","twitter_card":"summary_large_image","twitter_creator":"@infoecos","twitter_site":"@infoecos","twitter_misc":{"Escrito por":"Jorge Matheus","Tiempo de lectura":"2 minutos"},"schema":{"@context":"https:\/\/schema.org","@graph":[{"@type":"Article","@id":"https:\/\/infoecos.com.ar\/index.php\/berni-dejo-su-marca-en-la-recorrida-por-la-region-con-declaraciones-que-han-tenido-marcada-repercusion\/#article","isPartOf":{"@id":"https:\/\/infoecos.com.ar\/index.php\/berni-dejo-su-marca-en-la-recorrida-por-la-region-con-declaraciones-que-han-tenido-marcada-repercusion\/"},"author":{"name":"Jorge Matheus","@id":"https:\/\/infoecos.com.ar\/#\/schema\/person\/8f5ace5ce73b4b4aac4b7245aee6f191"},"headline":"Berni dej\u00f3 su marca en la recorrida por la regi\u00f3n con declaraciones que han tenido fuerte repercusi\u00f3n","datePublished":"2021-10-26T14:42:07+00:00","dateModified":"2021-10-27T07:27:07+00:00","mainEntityOfPage":{"@id":"https:\/\/infoecos.com.ar\/index.php\/berni-dejo-su-marca-en-la-recorrida-por-la-region-con-declaraciones-que-han-tenido-marcada-repercusion\/"},"wordCount":336,"publisher":{"@id":"https:\/\/infoecos.com.ar\/#organization"},"image":{"@id":"https:\/\/infoecos.com.ar\/index.php\/berni-dejo-su-marca-en-la-recorrida-por-la-region-con-declaraciones-que-han-tenido-marcada-repercusion\/#primaryimage"},"thumbnailUrl":"https:\/\/infoecos.com.ar\/wp-content\/uploads\/2021\/10\/bernimoccero.jpg","keywords":["siguen las confrontaciones"],"articleSection":["C1 nota 7"],"inLanguage":"es"},{"@type":"WebPage","@id":"https:\/\/infoecos.com.ar\/index.php\/berni-dejo-su-marca-en-la-recorrida-por-la-region-con-declaraciones-que-han-tenido-marcada-repercusion\/","url":"https:\/\/infoecos.com.ar\/index.php\/berni-dejo-su-marca-en-la-recorrida-por-la-region-con-declaraciones-que-han-tenido-marcada-repercusion\/","name":"Berni dej\u00f3 su marca en la recorrida por la regi\u00f3n con declaraciones que han tenido fuerte repercusi\u00f3n - Infoecos","isPartOf":{"@id":"https:\/\/infoecos.com.ar\/#website"},"primaryImageOfPage":{"@id":"https:\/\/infoecos.com.ar\/index.php\/berni-dejo-su-marca-en-la-recorrida-por-la-region-con-declaraciones-que-han-tenido-marcada-repercusion\/#primaryimage"},"image":{"@id":"https:\/\/infoecos.com.ar\/index.php\/berni-dejo-su-marca-en-la-recorrida-por-la-region-con-declaraciones-que-han-tenido-marcada-repercusion\/#primaryimage"},"thumbnailUrl":"https:\/\/infoecos.com.ar\/wp-content\/uploads\/2021\/10\/bernimoccero.jpg","datePublished":"2021-10-26T14:42:07+00:00","dateModified":"2021-10-27T07:27:07+00:00","breadcrumb":{"@id":"https:\/\/infoecos.com.ar\/index.php\/berni-dejo-su-marca-en-la-recorrida-por-la-region-con-declaraciones-que-han-tenido-marcada-repercusion\/#breadcrumb"},"inLanguage":"es","potentialAction":[{"@type":"ReadAction","target":["https:\/\/infoecos.com.ar\/index.php\/berni-dejo-su-marca-en-la-recorrida-por-la-region-con-declaraciones-que-han-tenido-marcada-repercusion\/"]}]},{"@type":"ImageObject","inLanguage":"es","@id":"https:\/\/infoecos.com.ar\/index.php\/berni-dejo-su-marca-en-la-recorrida-por-la-region-con-declaraciones-que-han-tenido-marcada-repercusion\/#primaryimage","url":"https:\/\/infoecos.com.ar\/wp-content\/uploads\/2021\/10\/bernimoccero.jpg","contentUrl":"https:\/\/infoecos.com.ar\/wp-content\/uploads\/2021\/10\/bernimoccero.jpg","width":1600,"height":1067},{"@type":"BreadcrumbList","@id":"https:\/\/infoecos.com.ar\/index.php\/berni-dejo-su-marca-en-la-recorrida-por-la-region-con-declaraciones-que-han-tenido-marcada-repercusion\/#breadcrumb","itemListElement":[{"@type":"ListItem","position":1,"name":"Portada","item":"https:\/\/infoecos.com.ar\/"},{"@type":"ListItem","position":2,"name":"Berni dej\u00f3 su marca en la recorrida por la regi\u00f3n con declaraciones que han tenido fuerte repercusi\u00f3n"}]},{"@type":"WebSite","@id":"https:\/\/infoecos.com.ar\/#website","url":"https:\/\/infoecos.com.ar\/","name":"Infoecos","description":"Noticias de trenque lauquen y la zona","publisher":{"@id":"https:\/\/infoecos.com.ar\/#organization"},"alternateName":"Noticias","potentialAction":[{"@type":"SearchAction","target":{"@type":"EntryPoint","urlTemplate":"https:\/\/infoecos.com.ar\/?s={search_term_string}"},"query-input":{"@type":"PropertyValueSpecification","valueRequired":true,"valueName":"search_term_string"}}],"inLanguage":"es"},{"@type":"Organization","@id":"https:\/\/infoecos.com.ar\/#organization","name":"Infoecos","alternateName":"Noticias","url":"https:\/\/infoecos.com.ar\/","logo":{"@type":"ImageObject","inLanguage":"es","@id":"https:\/\/infoecos.com.ar\/#\/schema\/logo\/image\/","url":"https:\/\/infoecos.com.ar\/wp-content\/uploads\/2024\/03\/cropped-logo.png","contentUrl":"https:\/\/infoecos.com.ar\/wp-content\/uploads\/2024\/03\/cropped-logo.png","width":374,"height":90,"caption":"Infoecos"},"image":{"@id":"https:\/\/infoecos.com.ar\/#\/schema\/logo\/image\/"},"sameAs":["https:\/\/www.facebook.com\/profile.php?id=100063200290284","https:\/\/x.com\/infoecos"]},{"@type":"Person","@id":"https:\/\/infoecos.com.ar\/#\/schema\/person\/8f5ace5ce73b4b4aac4b7245aee6f191","name":"Jorge Matheus","url":"https:\/\/infoecos.com.ar\/index.php\/author\/jomatheus\/"}]}},"featured_image_urls":{"full":["https:\/\/infoecos.com.ar\/wp-content\/uploads\/2021\/10\/bernimoccero.jpg",1600,1067,false],"thumbnail":["https:\/\/infoecos.com.ar\/wp-content\/uploads\/2021\/10\/bernimoccero-150x150.jpg",150,150,true],"medium":["https:\/\/infoecos.com.ar\/wp-content\/uploads\/2021\/10\/bernimoccero-460x307.jpg",460,307,true],"medium_large":["https:\/\/infoecos.com.ar\/wp-content\/uploads\/2021\/10\/bernimoccero-768x512.jpg",640,427,true],"large":["https:\/\/infoecos.com.ar\/wp-content\/uploads\/2021\/10\/bernimoccero-920x614.jpg",640,427,true],"1536x1536":["https:\/\/infoecos.com.ar\/wp-content\/uploads\/2021\/10\/bernimoccero-1536x1024.jpg",1536,1024,true],"2048x2048":["https:\/\/infoecos.com.ar\/wp-content\/uploads\/2021\/10\/bernimoccero.jpg",1600,1067,false],"covernews-slider-full":["https:\/\/infoecos.com.ar\/wp-content\/uploads\/2021\/10\/bernimoccero-1536x1020.jpg",1077,715,true],"covernews-slider-center":["https:\/\/infoecos.com.ar\/wp-content\/uploads\/2021\/10\/bernimoccero-936x897.jpg",522,500,true],"covernews-featured":["https:\/\/infoecos.com.ar\/wp-content\/uploads\/2021\/10\/bernimoccero-1024x683.jpg",1024,683,true],"covernews-medium":["https:\/\/infoecos.com.ar\/wp-content\/uploads\/2021\/10\/bernimoccero-720x380.jpg",540,285,true],"covernews-medium-square":["https:\/\/infoecos.com.ar\/wp-content\/uploads\/2021\/10\/bernimoccero-675x450.jpg",375,250,true]},"author_info":{"info":["Jorge Matheus"]},"category_info":"<a href=\"https:\/\/infoecos.com.ar\/index.php\/category\/c1nota7\/\" rel=\"category tag\">C1 nota 7<\/a>","tag_info":"C1 nota 7","comment_count":"0","_links":{"self":[{"href":"https:\/\/infoecos.com.ar\/index.php\/wp-json\/wp\/v2\/posts\/88830"}],"collection":[{"href":"https:\/\/infoecos.com.ar\/index.php\/wp-json\/wp\/v2\/posts"}],"about":[{"href":"https:\/\/infoecos.com.ar\/index.php\/wp-json\/wp\/v2\/types\/post"}],"author":[{"embeddable":true,"href":"https:\/\/infoecos.com.ar\/index.php\/wp-json\/wp\/v2\/users\/2"}],"replies":[{"embeddable":true,"href":"https:\/\/infoecos.com.ar\/index.php\/wp-json\/wp\/v2\/comments?post=88830"}],"version-history":[{"count":4,"href":"https:\/\/infoecos.com.ar\/index.php\/wp-json\/wp\/v2\/posts\/88830\/revisions"}],"predecessor-version":[{"id":88921,"href":"https:\/\/infoecos.com.ar\/index.php\/wp-json\/wp\/v2\/posts\/88830\/revisions\/88921"}],"wp:featuredmedia":[{"embeddable":true,"href":"https:\/\/infoecos.com.ar\/index.php\/wp-json\/wp\/v2\/media\/88831"}],"wp:attachment":[{"href":"https:\/\/infoecos.com.ar\/index.php\/wp-json\/wp\/v2\/media?parent=88830"}],"wp:term":[{"taxonomy":"category","embeddable":true,"href":"https:\/\/infoecos.com.ar\/index.php\/wp-json\/wp\/v2\/categories?post=88830"},{"taxonomy":"post_tag","embeddable":true,"href":"https:\/\/infoecos.com.ar\/index.php\/wp-json\/wp\/v2\/tags?post=88830"}],"curies":[{"name":"wp","href":"https:\/\/api.w.org\/{rel}","templated":true}]}}