{"id":88835,"date":"2021-10-26T12:10:41","date_gmt":"2021-10-26T15:10:41","guid":{"rendered":"http:\/\/infoecos.com.ar\/?p=88835"},"modified":"2021-10-26T12:10:42","modified_gmt":"2021-10-26T15:10:42","slug":"aumento-del-10-en-noviembre-para-empleados-municipales-de-trenque-lauquen-y-un-bono-de-6-700-pesos","status":"publish","type":"post","link":"https:\/\/infoecos.com.ar\/index.php\/aumento-del-10-en-noviembre-para-empleados-municipales-de-trenque-lauquen-y-un-bono-de-6-700-pesos\/","title":{"rendered":"Aumento del 10 % en noviembre para  empleados municipales de Trenque Lauquen y un bono de 6.700 pesos"},"content":{"rendered":"\n<p class=\"wp-block-paragraph\">El Departamento Ejecutivo, encabezado por el Intendente Miguel Fern\u00e1ndez, y el Sindicato de Trabajadores Municipales acordaron un incremento salarial para todos los empleados activos y jubilados del 10 por ciento aplicable a partir del mes de noviembre pr\u00f3ximo. La responsable del gremio, M\u00f3nica Baretta, al confirmar el acuerdo se\u00f1al\u00f3 por <strong>Las Radios de Trenque Lauquen<\/strong> que tambi\u00e9n se ratific\u00f3 el pago del premio correspondiente al D\u00eda del Empleado Municipal, consistente en 6.700 pesos por cada uno. El municipio inform\u00f3 que esto \u00faltimo implicar\u00e1 una erogaci\u00f3n extra del orden de los 13 millones de pesos. <\/p>\n\n\n\n<div class=\"wp-block-image is-style-default\"><figure class=\"aligncenter size-medium\"><img loading=\"lazy\" decoding=\"async\" width=\"460\" height=\"306\" src=\"http:\/\/infoecos.com.ar\/wp-content\/uploads\/Municipio-2-460x306.jpg\" alt=\"\" class=\"wp-image-61593\" srcset=\"https:\/\/infoecos.com.ar\/wp-content\/uploads\/Municipio-2-460x306.jpg 460w, https:\/\/infoecos.com.ar\/wp-content\/uploads\/Municipio-2-768x511.jpg 768w, https:\/\/infoecos.com.ar\/wp-content\/uploads\/Municipio-2-675x450.jpg 675w, https:\/\/infoecos.com.ar\/wp-content\/uploads\/Municipio-2.jpg 800w\" sizes=\"auto, (max-width: 460px) 100vw, 460px\" \/><\/figure><\/div>\n\n\n\n<p class=\"wp-block-paragraph\">De este modo se cierra el a\u00f1o con un aumento acumulado del 44 por ciento, de acuerdo al esquema consensuado entre Municipio y Sindicato: 7,5 por ciento en febrero, 8 por ciento en marzo, 6 por ciento en julio y 6 por ciento en agosto, agreg\u00e1ndose ahora el 10 por ciento en noviembre. Con la nueva suba, la masa salarial mensual que deber\u00e1 erogar el Municipio ser\u00e1 de 175.000.000 de pesos.<\/p>\n\n\n\n<p class=\"wp-block-paragraph\">La reuni\u00f3n, donde se estableci\u00f3 el nuevo acuerdo, se desarroll\u00f3 este lunes. Participaron el Intendente Miguel Fern\u00e1ndez; el Secretario de Administraci\u00f3n y Gesti\u00f3n Tributaria, Alfredo Zambiasio; y el Director de Recursos Humanos, Rom\u00e1n Larrubia; mientras que por el Sindicato de Trabajadores Municipales estuvo representado por tres de sus dirigentes: M\u00f3nica Baretta, Matilde Cando y Antonio Covino.<\/p>\n","protected":false},"excerpt":{"rendered":"<p>De este modo se cierra el a\u00f1o con un aumento acumulado del 44 por ciento, de acuerdo al esquema consensuado entre Municipio y Sindicato: 7,5 por ciento en febrero, 8 por ciento en marzo, 6 por ciento en julio y 6 por ciento en agosto, agreg\u00e1ndose ahora el 10 por ciento en noviembre<\/p>\n","protected":false},"author":2,"featured_media":61593,"comment_status":"closed","ping_status":"open","sticky":false,"template":"","format":"standard","meta":{"footnotes":""},"categories":[1613],"tags":[],"class_list":["post-88835","post","type-post","status-publish","format-standard","has-post-thumbnail","hentry","category-noticia-secundaria"],"featured_image_urls":{"full":["https:\/\/infoecos.com.ar\/wp-content\/uploads\/Municipio-2.jpg",800,532,false],"thumbnail":["https:\/\/infoecos.com.ar\/wp-content\/uploads\/Municipio-2-150x150.jpg",150,150,true],"medium":["https:\/\/infoecos.com.ar\/wp-content\/uploads\/Municipio-2-460x306.jpg",460,306,true],"medium_large":["https:\/\/infoecos.com.ar\/wp-content\/uploads\/Municipio-2-768x511.jpg",640,426,true],"large":["https:\/\/infoecos.com.ar\/wp-content\/uploads\/Municipio-2.jpg",640,426,false],"1536x1536":["https:\/\/infoecos.com.ar\/wp-content\/uploads\/Municipio-2.jpg",800,532,false],"2048x2048":["https:\/\/infoecos.com.ar\/wp-content\/uploads\/Municipio-2.jpg",800,532,false],"covernews-slider-full":["https:\/\/infoecos.com.ar\/wp-content\/uploads\/Municipio-2.jpg",800,532,false],"covernews-slider-center":["https:\/\/infoecos.com.ar\/wp-content\/uploads\/Municipio-2.jpg",752,500,false],"covernews-featured":["https:\/\/infoecos.com.ar\/wp-content\/uploads\/Municipio-2.jpg",800,532,false],"covernews-medium":["https:\/\/infoecos.com.ar\/wp-content\/uploads\/Municipio-2-720x380.jpg",540,285,true],"covernews-medium-square":["https:\/\/infoecos.com.ar\/wp-content\/uploads\/Municipio-2-675x450.jpg",375,250,true]},"author_info":{"info":["Jorge Matheus"]},"category_info":"<a href=\"https:\/\/infoecos.com.ar\/index.php\/category\/noticia-secundaria\/\" rel=\"category tag\">Noticia Secundaria<\/a>","tag_info":"Noticia Secundaria","comment_count":"0","_links":{"self":[{"href":"https:\/\/infoecos.com.ar\/index.php\/wp-json\/wp\/v2\/posts\/88835","targetHints":{"allow":["GET"]}}],"collection":[{"href":"https:\/\/infoecos.com.ar\/index.php\/wp-json\/wp\/v2\/posts"}],"about":[{"href":"https:\/\/infoecos.com.ar\/index.php\/wp-json\/wp\/v2\/types\/post"}],"author":[{"embeddable":true,"href":"https:\/\/infoecos.com.ar\/index.php\/wp-json\/wp\/v2\/users\/2"}],"replies":[{"embeddable":true,"href":"https:\/\/infoecos.com.ar\/index.php\/wp-json\/wp\/v2\/comments?post=88835"}],"version-history":[{"count":1,"href":"https:\/\/infoecos.com.ar\/index.php\/wp-json\/wp\/v2\/posts\/88835\/revisions"}],"predecessor-version":[{"id":88838,"href":"https:\/\/infoecos.com.ar\/index.php\/wp-json\/wp\/v2\/posts\/88835\/revisions\/88838"}],"wp:featuredmedia":[{"embeddable":true,"href":"https:\/\/infoecos.com.ar\/index.php\/wp-json\/wp\/v2\/media\/61593"}],"wp:attachment":[{"href":"https:\/\/infoecos.com.ar\/index.php\/wp-json\/wp\/v2\/media?parent=88835"}],"wp:term":[{"taxonomy":"category","embeddable":true,"href":"https:\/\/infoecos.com.ar\/index.php\/wp-json\/wp\/v2\/categories?post=88835"},{"taxonomy":"post_tag","embeddable":true,"href":"https:\/\/infoecos.com.ar\/index.php\/wp-json\/wp\/v2\/tags?post=88835"}],"curies":[{"name":"wp","href":"https:\/\/api.w.org\/{rel}","templated":true}]}}