{"id":88842,"date":"2021-10-26T13:54:20","date_gmt":"2021-10-26T16:54:20","guid":{"rendered":"http:\/\/infoecos.com.ar\/?p=88842"},"modified":"2021-10-26T13:54:22","modified_gmt":"2021-10-26T16:54:22","slug":"quienes-se-vacunaron-con-sinopharm-mayores-de-50-anos-recibiran-una-tercera-dosis","status":"publish","type":"post","link":"https:\/\/infoecos.com.ar\/index.php\/quienes-se-vacunaron-con-sinopharm-mayores-de-50-anos-recibiran-una-tercera-dosis\/","title":{"rendered":"Quienes se vacunaron con Sinopharm, mayores de 50 a\u00f1os, recibir\u00e1n una tercera dosis"},"content":{"rendered":"\n<p>En conferencia de prensa, la ministra de Salud de la Naci\u00f3n, Carla Vizzotti,\u00a0anunci\u00f3 que los mayores de 50 a\u00f1os y las personas inmunocomprometidas que se vacunaron con Sinopharm recibir\u00e1n una tercera dosis de refuerzo.<\/p>\n\n\n\n<p>Junto a su par de Turismo y Deportes, Mat\u00edas Lammens, Vizzotti afirm\u00f3 que las terceras dosis ser\u00e1n con vacunas del laboratorio Sinopharm\u00a0y asegur\u00f3 que\u00a0en 2022 se comenzar\u00e1n a aplicar refuerzos a las personas que llevan m\u00e1s de un a\u00f1o inoculadas.<\/p>\n\n\n\n<div class=\"wp-block-image is-style-default\"><figure class=\"aligncenter size-medium\"><img loading=\"lazy\" decoding=\"async\" width=\"460\" height=\"259\" src=\"http:\/\/infoecos.com.ar\/wp-content\/uploads\/2021\/10\/lammens-vizzotti-460x259.jpg\" alt=\"\" class=\"wp-image-88843\" srcset=\"https:\/\/infoecos.com.ar\/wp-content\/uploads\/2021\/10\/lammens-vizzotti-460x259.jpg 460w, https:\/\/infoecos.com.ar\/wp-content\/uploads\/2021\/10\/lammens-vizzotti-920x518.jpg 920w, https:\/\/infoecos.com.ar\/wp-content\/uploads\/2021\/10\/lammens-vizzotti-768x432.jpg 768w, https:\/\/infoecos.com.ar\/wp-content\/uploads\/2021\/10\/lammens-vizzotti.jpg 1004w\" sizes=\"(max-width: 460px) 100vw, 460px\" \/><\/figure><\/div>\n\n\n\n<p>\u201cLa vacuna Sinopharm tiene una alta efectividad y con ella vamos a dar una dosis adicional a poblaciones que son inmunocomprometidos y mayores de 50 a\u00f1os, siempre que hayan completados los esquemas primarios\u201d afirm\u00f3.<\/p>\n\n\n\n<p>Adem\u00e1s indic\u00f3 que \u201cel 2022 ser\u00e1 el a\u00f1o de los refuerzos para las personas que hayan completado un a\u00f1o de la aplicaci\u00f3n de la primera dosis, como el personal de salud\u201d.<\/p>\n\n\n\n<p>En esta l\u00ednea, inform\u00f3 que \u201cquienes vengan a hacer turismo a Argentina podr\u00e1n ser vacunados\u201d. \u201cEsto es una pr\u00e1ctica que se lleva a cabo en varios pa\u00edses y que nos permitir\u00e1 alcanzar un nivel cada vez m\u00e1s alto de inmunizaci\u00f3n\u201d, subray\u00f3 la ministra.<\/p>\n\n\n\n<p>Tambi\u00e9n inform\u00f3 que quienes lleguen al pa\u00eds no necesitar\u00e1n realizarse un test de ant\u00edgeno y destac\u00f3 que \u201cning\u00fan aglomerado urbano est\u00e1 en alarma epidemiol\u00f3gica\u201d.<\/p>\n","protected":false},"excerpt":{"rendered":"<p>Mayores de 50 a\u00f1os y las personas inmunocomprometidas<\/p>\n","protected":false},"author":2,"featured_media":88843,"comment_status":"closed","ping_status":"open","sticky":false,"template":"","format":"standard","meta":{"footnotes":""},"categories":[25],"tags":[5546],"class_list":["post-88842","post","type-post","status-publish","format-standard","has-post-thumbnail","hentry","category-c3nota1","tag-anuncio-de-vizzotti"],"yoast_head":"<!-- This site is optimized with the Yoast SEO plugin v23.4 - https:\/\/yoast.com\/wordpress\/plugins\/seo\/ -->\n<title>Quienes se vacunaron con Sinopharm, mayores de 50 a\u00f1os, recibir\u00e1n una tercera dosis - Infoecos<\/title>\n<meta name=\"robots\" content=\"index, follow, max-snippet:-1, max-image-preview:large, max-video-preview:-1\" \/>\n<link rel=\"canonical\" href=\"https:\/\/infoecos.com.ar\/index.php\/quienes-se-vacunaron-con-sinopharm-mayores-de-50-anos-recibiran-una-tercera-dosis\/\" \/>\n<meta property=\"og:locale\" content=\"es_ES\" \/>\n<meta property=\"og:type\" content=\"article\" \/>\n<meta property=\"og:title\" content=\"Quienes se vacunaron con Sinopharm, mayores de 50 a\u00f1os, recibir\u00e1n una tercera dosis - Infoecos\" \/>\n<meta property=\"og:description\" content=\"Mayores de 50 a\u00f1os y las personas inmunocomprometidas\" \/>\n<meta property=\"og:url\" content=\"https:\/\/infoecos.com.ar\/index.php\/quienes-se-vacunaron-con-sinopharm-mayores-de-50-anos-recibiran-una-tercera-dosis\/\" \/>\n<meta property=\"og:site_name\" content=\"Infoecos\" \/>\n<meta property=\"article:publisher\" content=\"https:\/\/www.facebook.com\/profile.php?id=100063200290284\" \/>\n<meta property=\"article:published_time\" content=\"2021-10-26T16:54:20+00:00\" \/>\n<meta property=\"article:modified_time\" content=\"2021-10-26T16:54:22+00:00\" \/>\n<meta property=\"og:image\" content=\"https:\/\/infoecos.com.ar\/wp-content\/uploads\/2021\/10\/lammens-vizzotti.jpg\" \/>\n\t<meta property=\"og:image:width\" content=\"1004\" \/>\n\t<meta property=\"og:image:height\" content=\"565\" \/>\n\t<meta property=\"og:image:type\" content=\"image\/jpeg\" \/>\n<meta name=\"author\" content=\"Jorge Matheus\" \/>\n<meta name=\"twitter:card\" content=\"summary_large_image\" \/>\n<meta name=\"twitter:creator\" content=\"@infoecos\" \/>\n<meta name=\"twitter:site\" content=\"@infoecos\" \/>\n<meta name=\"twitter:label1\" content=\"Escrito por\" \/>\n\t<meta name=\"twitter:data1\" content=\"Jorge Matheus\" \/>\n\t<meta name=\"twitter:label2\" content=\"Tiempo de lectura\" \/>\n\t<meta name=\"twitter:data2\" content=\"1 minuto\" \/>\n<script type=\"application\/ld+json\" class=\"yoast-schema-graph\">{\"@context\":\"https:\/\/schema.org\",\"@graph\":[{\"@type\":\"Article\",\"@id\":\"https:\/\/infoecos.com.ar\/index.php\/quienes-se-vacunaron-con-sinopharm-mayores-de-50-anos-recibiran-una-tercera-dosis\/#article\",\"isPartOf\":{\"@id\":\"https:\/\/infoecos.com.ar\/index.php\/quienes-se-vacunaron-con-sinopharm-mayores-de-50-anos-recibiran-una-tercera-dosis\/\"},\"author\":{\"name\":\"Jorge Matheus\",\"@id\":\"https:\/\/infoecos.com.ar\/#\/schema\/person\/8f5ace5ce73b4b4aac4b7245aee6f191\"},\"headline\":\"Quienes se vacunaron con Sinopharm, mayores de 50 a\u00f1os, recibir\u00e1n una tercera dosis\",\"datePublished\":\"2021-10-26T16:54:20+00:00\",\"dateModified\":\"2021-10-26T16:54:22+00:00\",\"mainEntityOfPage\":{\"@id\":\"https:\/\/infoecos.com.ar\/index.php\/quienes-se-vacunaron-con-sinopharm-mayores-de-50-anos-recibiran-una-tercera-dosis\/\"},\"wordCount\":244,\"publisher\":{\"@id\":\"https:\/\/infoecos.com.ar\/#organization\"},\"image\":{\"@id\":\"https:\/\/infoecos.com.ar\/index.php\/quienes-se-vacunaron-con-sinopharm-mayores-de-50-anos-recibiran-una-tercera-dosis\/#primaryimage\"},\"thumbnailUrl\":\"https:\/\/infoecos.com.ar\/wp-content\/uploads\/2021\/10\/lammens-vizzotti.jpg\",\"keywords\":[\"ANUNCIO DE VIZZOTTI\"],\"articleSection\":[\"C3 N1\"],\"inLanguage\":\"es\"},{\"@type\":\"WebPage\",\"@id\":\"https:\/\/infoecos.com.ar\/index.php\/quienes-se-vacunaron-con-sinopharm-mayores-de-50-anos-recibiran-una-tercera-dosis\/\",\"url\":\"https:\/\/infoecos.com.ar\/index.php\/quienes-se-vacunaron-con-sinopharm-mayores-de-50-anos-recibiran-una-tercera-dosis\/\",\"name\":\"Quienes se vacunaron con Sinopharm, mayores de 50 a\u00f1os, recibir\u00e1n una tercera dosis - Infoecos\",\"isPartOf\":{\"@id\":\"https:\/\/infoecos.com.ar\/#website\"},\"primaryImageOfPage\":{\"@id\":\"https:\/\/infoecos.com.ar\/index.php\/quienes-se-vacunaron-con-sinopharm-mayores-de-50-anos-recibiran-una-tercera-dosis\/#primaryimage\"},\"image\":{\"@id\":\"https:\/\/infoecos.com.ar\/index.php\/quienes-se-vacunaron-con-sinopharm-mayores-de-50-anos-recibiran-una-tercera-dosis\/#primaryimage\"},\"thumbnailUrl\":\"https:\/\/infoecos.com.ar\/wp-content\/uploads\/2021\/10\/lammens-vizzotti.jpg\",\"datePublished\":\"2021-10-26T16:54:20+00:00\",\"dateModified\":\"2021-10-26T16:54:22+00:00\",\"breadcrumb\":{\"@id\":\"https:\/\/infoecos.com.ar\/index.php\/quienes-se-vacunaron-con-sinopharm-mayores-de-50-anos-recibiran-una-tercera-dosis\/#breadcrumb\"},\"inLanguage\":\"es\",\"potentialAction\":[{\"@type\":\"ReadAction\",\"target\":[\"https:\/\/infoecos.com.ar\/index.php\/quienes-se-vacunaron-con-sinopharm-mayores-de-50-anos-recibiran-una-tercera-dosis\/\"]}]},{\"@type\":\"ImageObject\",\"inLanguage\":\"es\",\"@id\":\"https:\/\/infoecos.com.ar\/index.php\/quienes-se-vacunaron-con-sinopharm-mayores-de-50-anos-recibiran-una-tercera-dosis\/#primaryimage\",\"url\":\"https:\/\/infoecos.com.ar\/wp-content\/uploads\/2021\/10\/lammens-vizzotti.jpg\",\"contentUrl\":\"https:\/\/infoecos.com.ar\/wp-content\/uploads\/2021\/10\/lammens-vizzotti.jpg\",\"width\":1004,\"height\":565},{\"@type\":\"BreadcrumbList\",\"@id\":\"https:\/\/infoecos.com.ar\/index.php\/quienes-se-vacunaron-con-sinopharm-mayores-de-50-anos-recibiran-una-tercera-dosis\/#breadcrumb\",\"itemListElement\":[{\"@type\":\"ListItem\",\"position\":1,\"name\":\"Portada\",\"item\":\"https:\/\/infoecos.com.ar\/\"},{\"@type\":\"ListItem\",\"position\":2,\"name\":\"Quienes se vacunaron con Sinopharm, mayores de 50 a\u00f1os, recibir\u00e1n una tercera dosis\"}]},{\"@type\":\"WebSite\",\"@id\":\"https:\/\/infoecos.com.ar\/#website\",\"url\":\"https:\/\/infoecos.com.ar\/\",\"name\":\"Infoecos\",\"description\":\"Noticias de trenque lauquen y la zona\",\"publisher\":{\"@id\":\"https:\/\/infoecos.com.ar\/#organization\"},\"alternateName\":\"Noticias\",\"potentialAction\":[{\"@type\":\"SearchAction\",\"target\":{\"@type\":\"EntryPoint\",\"urlTemplate\":\"https:\/\/infoecos.com.ar\/?s={search_term_string}\"},\"query-input\":{\"@type\":\"PropertyValueSpecification\",\"valueRequired\":true,\"valueName\":\"search_term_string\"}}],\"inLanguage\":\"es\"},{\"@type\":\"Organization\",\"@id\":\"https:\/\/infoecos.com.ar\/#organization\",\"name\":\"Infoecos\",\"alternateName\":\"Noticias\",\"url\":\"https:\/\/infoecos.com.ar\/\",\"logo\":{\"@type\":\"ImageObject\",\"inLanguage\":\"es\",\"@id\":\"https:\/\/infoecos.com.ar\/#\/schema\/logo\/image\/\",\"url\":\"https:\/\/infoecos.com.ar\/wp-content\/uploads\/2024\/03\/cropped-logo.png\",\"contentUrl\":\"https:\/\/infoecos.com.ar\/wp-content\/uploads\/2024\/03\/cropped-logo.png\",\"width\":374,\"height\":90,\"caption\":\"Infoecos\"},\"image\":{\"@id\":\"https:\/\/infoecos.com.ar\/#\/schema\/logo\/image\/\"},\"sameAs\":[\"https:\/\/www.facebook.com\/profile.php?id=100063200290284\",\"https:\/\/x.com\/infoecos\"]},{\"@type\":\"Person\",\"@id\":\"https:\/\/infoecos.com.ar\/#\/schema\/person\/8f5ace5ce73b4b4aac4b7245aee6f191\",\"name\":\"Jorge Matheus\",\"url\":\"https:\/\/infoecos.com.ar\/index.php\/author\/jomatheus\/\"}]}<\/script>\n<!-- \/ Yoast SEO plugin. -->","yoast_head_json":{"title":"Quienes se vacunaron con Sinopharm, mayores de 50 a\u00f1os, recibir\u00e1n una tercera dosis - Infoecos","robots":{"index":"index","follow":"follow","max-snippet":"max-snippet:-1","max-image-preview":"max-image-preview:large","max-video-preview":"max-video-preview:-1"},"canonical":"https:\/\/infoecos.com.ar\/index.php\/quienes-se-vacunaron-con-sinopharm-mayores-de-50-anos-recibiran-una-tercera-dosis\/","og_locale":"es_ES","og_type":"article","og_title":"Quienes se vacunaron con Sinopharm, mayores de 50 a\u00f1os, recibir\u00e1n una tercera dosis - Infoecos","og_description":"Mayores de 50 a\u00f1os y las personas inmunocomprometidas","og_url":"https:\/\/infoecos.com.ar\/index.php\/quienes-se-vacunaron-con-sinopharm-mayores-de-50-anos-recibiran-una-tercera-dosis\/","og_site_name":"Infoecos","article_publisher":"https:\/\/www.facebook.com\/profile.php?id=100063200290284","article_published_time":"2021-10-26T16:54:20+00:00","article_modified_time":"2021-10-26T16:54:22+00:00","og_image":[{"width":1004,"height":565,"url":"https:\/\/infoecos.com.ar\/wp-content\/uploads\/2021\/10\/lammens-vizzotti.jpg","type":"image\/jpeg"}],"author":"Jorge Matheus","twitter_card":"summary_large_image","twitter_creator":"@infoecos","twitter_site":"@infoecos","twitter_misc":{"Escrito por":"Jorge Matheus","Tiempo de lectura":"1 minuto"},"schema":{"@context":"https:\/\/schema.org","@graph":[{"@type":"Article","@id":"https:\/\/infoecos.com.ar\/index.php\/quienes-se-vacunaron-con-sinopharm-mayores-de-50-anos-recibiran-una-tercera-dosis\/#article","isPartOf":{"@id":"https:\/\/infoecos.com.ar\/index.php\/quienes-se-vacunaron-con-sinopharm-mayores-de-50-anos-recibiran-una-tercera-dosis\/"},"author":{"name":"Jorge Matheus","@id":"https:\/\/infoecos.com.ar\/#\/schema\/person\/8f5ace5ce73b4b4aac4b7245aee6f191"},"headline":"Quienes se vacunaron con Sinopharm, mayores de 50 a\u00f1os, recibir\u00e1n una tercera dosis","datePublished":"2021-10-26T16:54:20+00:00","dateModified":"2021-10-26T16:54:22+00:00","mainEntityOfPage":{"@id":"https:\/\/infoecos.com.ar\/index.php\/quienes-se-vacunaron-con-sinopharm-mayores-de-50-anos-recibiran-una-tercera-dosis\/"},"wordCount":244,"publisher":{"@id":"https:\/\/infoecos.com.ar\/#organization"},"image":{"@id":"https:\/\/infoecos.com.ar\/index.php\/quienes-se-vacunaron-con-sinopharm-mayores-de-50-anos-recibiran-una-tercera-dosis\/#primaryimage"},"thumbnailUrl":"https:\/\/infoecos.com.ar\/wp-content\/uploads\/2021\/10\/lammens-vizzotti.jpg","keywords":["ANUNCIO DE VIZZOTTI"],"articleSection":["C3 N1"],"inLanguage":"es"},{"@type":"WebPage","@id":"https:\/\/infoecos.com.ar\/index.php\/quienes-se-vacunaron-con-sinopharm-mayores-de-50-anos-recibiran-una-tercera-dosis\/","url":"https:\/\/infoecos.com.ar\/index.php\/quienes-se-vacunaron-con-sinopharm-mayores-de-50-anos-recibiran-una-tercera-dosis\/","name":"Quienes se vacunaron con Sinopharm, mayores de 50 a\u00f1os, recibir\u00e1n una tercera dosis - Infoecos","isPartOf":{"@id":"https:\/\/infoecos.com.ar\/#website"},"primaryImageOfPage":{"@id":"https:\/\/infoecos.com.ar\/index.php\/quienes-se-vacunaron-con-sinopharm-mayores-de-50-anos-recibiran-una-tercera-dosis\/#primaryimage"},"image":{"@id":"https:\/\/infoecos.com.ar\/index.php\/quienes-se-vacunaron-con-sinopharm-mayores-de-50-anos-recibiran-una-tercera-dosis\/#primaryimage"},"thumbnailUrl":"https:\/\/infoecos.com.ar\/wp-content\/uploads\/2021\/10\/lammens-vizzotti.jpg","datePublished":"2021-10-26T16:54:20+00:00","dateModified":"2021-10-26T16:54:22+00:00","breadcrumb":{"@id":"https:\/\/infoecos.com.ar\/index.php\/quienes-se-vacunaron-con-sinopharm-mayores-de-50-anos-recibiran-una-tercera-dosis\/#breadcrumb"},"inLanguage":"es","potentialAction":[{"@type":"ReadAction","target":["https:\/\/infoecos.com.ar\/index.php\/quienes-se-vacunaron-con-sinopharm-mayores-de-50-anos-recibiran-una-tercera-dosis\/"]}]},{"@type":"ImageObject","inLanguage":"es","@id":"https:\/\/infoecos.com.ar\/index.php\/quienes-se-vacunaron-con-sinopharm-mayores-de-50-anos-recibiran-una-tercera-dosis\/#primaryimage","url":"https:\/\/infoecos.com.ar\/wp-content\/uploads\/2021\/10\/lammens-vizzotti.jpg","contentUrl":"https:\/\/infoecos.com.ar\/wp-content\/uploads\/2021\/10\/lammens-vizzotti.jpg","width":1004,"height":565},{"@type":"BreadcrumbList","@id":"https:\/\/infoecos.com.ar\/index.php\/quienes-se-vacunaron-con-sinopharm-mayores-de-50-anos-recibiran-una-tercera-dosis\/#breadcrumb","itemListElement":[{"@type":"ListItem","position":1,"name":"Portada","item":"https:\/\/infoecos.com.ar\/"},{"@type":"ListItem","position":2,"name":"Quienes se vacunaron con Sinopharm, mayores de 50 a\u00f1os, recibir\u00e1n una tercera dosis"}]},{"@type":"WebSite","@id":"https:\/\/infoecos.com.ar\/#website","url":"https:\/\/infoecos.com.ar\/","name":"Infoecos","description":"Noticias de trenque lauquen y la zona","publisher":{"@id":"https:\/\/infoecos.com.ar\/#organization"},"alternateName":"Noticias","potentialAction":[{"@type":"SearchAction","target":{"@type":"EntryPoint","urlTemplate":"https:\/\/infoecos.com.ar\/?s={search_term_string}"},"query-input":{"@type":"PropertyValueSpecification","valueRequired":true,"valueName":"search_term_string"}}],"inLanguage":"es"},{"@type":"Organization","@id":"https:\/\/infoecos.com.ar\/#organization","name":"Infoecos","alternateName":"Noticias","url":"https:\/\/infoecos.com.ar\/","logo":{"@type":"ImageObject","inLanguage":"es","@id":"https:\/\/infoecos.com.ar\/#\/schema\/logo\/image\/","url":"https:\/\/infoecos.com.ar\/wp-content\/uploads\/2024\/03\/cropped-logo.png","contentUrl":"https:\/\/infoecos.com.ar\/wp-content\/uploads\/2024\/03\/cropped-logo.png","width":374,"height":90,"caption":"Infoecos"},"image":{"@id":"https:\/\/infoecos.com.ar\/#\/schema\/logo\/image\/"},"sameAs":["https:\/\/www.facebook.com\/profile.php?id=100063200290284","https:\/\/x.com\/infoecos"]},{"@type":"Person","@id":"https:\/\/infoecos.com.ar\/#\/schema\/person\/8f5ace5ce73b4b4aac4b7245aee6f191","name":"Jorge Matheus","url":"https:\/\/infoecos.com.ar\/index.php\/author\/jomatheus\/"}]}},"featured_image_urls":{"full":["https:\/\/infoecos.com.ar\/wp-content\/uploads\/2021\/10\/lammens-vizzotti.jpg",1004,565,false],"thumbnail":["https:\/\/infoecos.com.ar\/wp-content\/uploads\/2021\/10\/lammens-vizzotti-150x150.jpg",150,150,true],"medium":["https:\/\/infoecos.com.ar\/wp-content\/uploads\/2021\/10\/lammens-vizzotti-460x259.jpg",460,259,true],"medium_large":["https:\/\/infoecos.com.ar\/wp-content\/uploads\/2021\/10\/lammens-vizzotti-768x432.jpg",640,360,true],"large":["https:\/\/infoecos.com.ar\/wp-content\/uploads\/2021\/10\/lammens-vizzotti-920x518.jpg",640,360,true],"1536x1536":["https:\/\/infoecos.com.ar\/wp-content\/uploads\/2021\/10\/lammens-vizzotti.jpg",1004,565,false],"2048x2048":["https:\/\/infoecos.com.ar\/wp-content\/uploads\/2021\/10\/lammens-vizzotti.jpg",1004,565,false],"covernews-slider-full":["https:\/\/infoecos.com.ar\/wp-content\/uploads\/2021\/10\/lammens-vizzotti.jpg",1004,565,false],"covernews-slider-center":["https:\/\/infoecos.com.ar\/wp-content\/uploads\/2021\/10\/lammens-vizzotti-936x565.jpg",800,483,true],"covernews-featured":["https:\/\/infoecos.com.ar\/wp-content\/uploads\/2021\/10\/lammens-vizzotti.jpg",1004,565,false],"covernews-medium":["https:\/\/infoecos.com.ar\/wp-content\/uploads\/2021\/10\/lammens-vizzotti-720x380.jpg",540,285,true],"covernews-medium-square":["https:\/\/infoecos.com.ar\/wp-content\/uploads\/2021\/10\/lammens-vizzotti-675x450.jpg",375,250,true]},"author_info":{"info":["Jorge Matheus"]},"category_info":"<a href=\"https:\/\/infoecos.com.ar\/index.php\/category\/c3nota1\/\" rel=\"category tag\">C3 N1<\/a>","tag_info":"C3 N1","comment_count":"0","_links":{"self":[{"href":"https:\/\/infoecos.com.ar\/index.php\/wp-json\/wp\/v2\/posts\/88842"}],"collection":[{"href":"https:\/\/infoecos.com.ar\/index.php\/wp-json\/wp\/v2\/posts"}],"about":[{"href":"https:\/\/infoecos.com.ar\/index.php\/wp-json\/wp\/v2\/types\/post"}],"author":[{"embeddable":true,"href":"https:\/\/infoecos.com.ar\/index.php\/wp-json\/wp\/v2\/users\/2"}],"replies":[{"embeddable":true,"href":"https:\/\/infoecos.com.ar\/index.php\/wp-json\/wp\/v2\/comments?post=88842"}],"version-history":[{"count":1,"href":"https:\/\/infoecos.com.ar\/index.php\/wp-json\/wp\/v2\/posts\/88842\/revisions"}],"predecessor-version":[{"id":88844,"href":"https:\/\/infoecos.com.ar\/index.php\/wp-json\/wp\/v2\/posts\/88842\/revisions\/88844"}],"wp:featuredmedia":[{"embeddable":true,"href":"https:\/\/infoecos.com.ar\/index.php\/wp-json\/wp\/v2\/media\/88843"}],"wp:attachment":[{"href":"https:\/\/infoecos.com.ar\/index.php\/wp-json\/wp\/v2\/media?parent=88842"}],"wp:term":[{"taxonomy":"category","embeddable":true,"href":"https:\/\/infoecos.com.ar\/index.php\/wp-json\/wp\/v2\/categories?post=88842"},{"taxonomy":"post_tag","embeddable":true,"href":"https:\/\/infoecos.com.ar\/index.php\/wp-json\/wp\/v2\/tags?post=88842"}],"curies":[{"name":"wp","href":"https:\/\/api.w.org\/{rel}","templated":true}]}}