{"id":88845,"date":"2021-10-26T14:51:32","date_gmt":"2021-10-26T17:51:32","guid":{"rendered":"http:\/\/infoecos.com.ar\/?p=88845"},"modified":"2021-10-27T05:39:41","modified_gmt":"2021-10-27T08:39:41","slug":"el-viento-la-causa-de-un-accidente-que-dejo-como-saldo-la-muerte-de-un-vecino-de-pehuajo","status":"publish","type":"post","link":"https:\/\/infoecos.com.ar\/index.php\/el-viento-la-causa-de-un-accidente-que-dejo-como-saldo-la-muerte-de-un-vecino-de-pehuajo\/","title":{"rendered":"El viento, causa de un accidente, dej\u00f3 como saldo la muerte de un vecino de Pehuaj\u00f3"},"content":{"rendered":"\n<p class=\"wp-block-paragraph\">Un pehuajense que conduc\u00eda un cami\u00f3n transportando mercader\u00edas desde Misiones hacia Caleta Olivia, falleci\u00f3 este lunes a ra\u00edz de un accidente. <\/p>\n\n\n\n<div class=\"wp-block-image is-style-default\"><figure class=\"aligncenter size-medium\"><img loading=\"lazy\" decoding=\"async\" width=\"460\" height=\"307\" src=\"http:\/\/infoecos.com.ar\/wp-content\/uploads\/2021\/10\/DWCGO325MJCOBJL3UJ7Z3PGFTE-460x307.jpeg\" alt=\"\" class=\"wp-image-88846\" srcset=\"https:\/\/infoecos.com.ar\/wp-content\/uploads\/2021\/10\/DWCGO325MJCOBJL3UJ7Z3PGFTE-460x307.jpeg 460w, https:\/\/infoecos.com.ar\/wp-content\/uploads\/2021\/10\/DWCGO325MJCOBJL3UJ7Z3PGFTE-768x512.jpeg 768w, https:\/\/infoecos.com.ar\/wp-content\/uploads\/2021\/10\/DWCGO325MJCOBJL3UJ7Z3PGFTE-675x450.jpeg 675w, https:\/\/infoecos.com.ar\/wp-content\/uploads\/2021\/10\/DWCGO325MJCOBJL3UJ7Z3PGFTE.jpeg 879w\" sizes=\"auto, (max-width: 460px) 100vw, 460px\" \/><\/figure><\/div>\n\n\n\n<p class=\"wp-block-paragraph\">El hecho ocurri\u00f3 en el kil\u00f3metro 1510 de la Ruta Nacional n\u00famero 3, seg\u00fan se inform\u00f3 por un despiste a causa de los fuertes vientos en esa zona del territorio nacional. <\/p>\n\n\n\n<p class=\"wp-block-paragraph\">El accidente fatal ocurri\u00f3 cerca de las 11 horas. Seg\u00fan indic\u00f3 el comisario general y director de Seguridad de la Polic\u00eda del Chubut,&nbsp;<strong>Paulino G\u00f3mez<\/strong>, no hubo otros veh\u00edculos involucrados en el siniestro.<\/p>\n\n\n\n<p class=\"wp-block-paragraph\">El cami\u00f3n&nbsp;llevaba un cargamento de placas de madera y aluminio. El chofer fue identificado como&nbsp;<strong>Marcelo Ch\u00e1vez<\/strong>, de 50 a\u00f1os.<\/p>\n\n\n\n<p class=\"wp-block-paragraph\">Personal policial de Gaiman, bomberos y agentes de la Polic\u00eda Cient\u00edfica trabajaron para retirar el cuerpo de la cabina del cami\u00f3n.<\/p>\n\n\n\n<p class=\"wp-block-paragraph\">El accidente ocurri\u00f3 a la altura de Garayalde, localidad ubicada a 200 kil\u00f3metros de Comodoro Rivadavia.<\/p>\n\n\n\n<p class=\"wp-block-paragraph\"><\/p>\n","protected":false},"excerpt":{"rendered":"<p>El hecho ocurri\u00f3 en el kil\u00f3metro 1510 de la Ruta Nacional n\u00famero 3, seg\u00fan se inform\u00f3 por un despiste a causa de los fuertes vientos en esa zona del territorio nacional<\/p>\n","protected":false},"author":2,"featured_media":88846,"comment_status":"closed","ping_status":"open","sticky":false,"template":"","format":"standard","meta":{"footnotes":""},"categories":[1614],"tags":[5547],"class_list":["post-88845","post","type-post","status-publish","format-standard","has-post-thumbnail","hentry","category-c2nota7","tag-a-200-kilometros-de-comodoro-rivadavia"],"featured_image_urls":{"full":["https:\/\/infoecos.com.ar\/wp-content\/uploads\/2021\/10\/DWCGO325MJCOBJL3UJ7Z3PGFTE.jpeg",879,586,false],"thumbnail":["https:\/\/infoecos.com.ar\/wp-content\/uploads\/2021\/10\/DWCGO325MJCOBJL3UJ7Z3PGFTE-150x150.jpeg",150,150,true],"medium":["https:\/\/infoecos.com.ar\/wp-content\/uploads\/2021\/10\/DWCGO325MJCOBJL3UJ7Z3PGFTE-460x307.jpeg",460,307,true],"medium_large":["https:\/\/infoecos.com.ar\/wp-content\/uploads\/2021\/10\/DWCGO325MJCOBJL3UJ7Z3PGFTE-768x512.jpeg",640,427,true],"large":["https:\/\/infoecos.com.ar\/wp-content\/uploads\/2021\/10\/DWCGO325MJCOBJL3UJ7Z3PGFTE.jpeg",640,427,false],"1536x1536":["https:\/\/infoecos.com.ar\/wp-content\/uploads\/2021\/10\/DWCGO325MJCOBJL3UJ7Z3PGFTE.jpeg",879,586,false],"2048x2048":["https:\/\/infoecos.com.ar\/wp-content\/uploads\/2021\/10\/DWCGO325MJCOBJL3UJ7Z3PGFTE.jpeg",879,586,false],"covernews-slider-full":["https:\/\/infoecos.com.ar\/wp-content\/uploads\/2021\/10\/DWCGO325MJCOBJL3UJ7Z3PGFTE.jpeg",879,586,false],"covernews-slider-center":["https:\/\/infoecos.com.ar\/wp-content\/uploads\/2021\/10\/DWCGO325MJCOBJL3UJ7Z3PGFTE.jpeg",750,500,false],"covernews-featured":["https:\/\/infoecos.com.ar\/wp-content\/uploads\/2021\/10\/DWCGO325MJCOBJL3UJ7Z3PGFTE.jpeg",879,586,false],"covernews-medium":["https:\/\/infoecos.com.ar\/wp-content\/uploads\/2021\/10\/DWCGO325MJCOBJL3UJ7Z3PGFTE-720x380.jpeg",540,285,true],"covernews-medium-square":["https:\/\/infoecos.com.ar\/wp-content\/uploads\/2021\/10\/DWCGO325MJCOBJL3UJ7Z3PGFTE-675x450.jpeg",375,250,true]},"author_info":{"info":["Jorge Matheus"]},"category_info":"<a href=\"https:\/\/infoecos.com.ar\/index.php\/category\/c2nota7\/\" rel=\"category tag\">C2 N7<\/a>","tag_info":"C2 N7","comment_count":"0","_links":{"self":[{"href":"https:\/\/infoecos.com.ar\/index.php\/wp-json\/wp\/v2\/posts\/88845","targetHints":{"allow":["GET"]}}],"collection":[{"href":"https:\/\/infoecos.com.ar\/index.php\/wp-json\/wp\/v2\/posts"}],"about":[{"href":"https:\/\/infoecos.com.ar\/index.php\/wp-json\/wp\/v2\/types\/post"}],"author":[{"embeddable":true,"href":"https:\/\/infoecos.com.ar\/index.php\/wp-json\/wp\/v2\/users\/2"}],"replies":[{"embeddable":true,"href":"https:\/\/infoecos.com.ar\/index.php\/wp-json\/wp\/v2\/comments?post=88845"}],"version-history":[{"count":2,"href":"https:\/\/infoecos.com.ar\/index.php\/wp-json\/wp\/v2\/posts\/88845\/revisions"}],"predecessor-version":[{"id":88849,"href":"https:\/\/infoecos.com.ar\/index.php\/wp-json\/wp\/v2\/posts\/88845\/revisions\/88849"}],"wp:featuredmedia":[{"embeddable":true,"href":"https:\/\/infoecos.com.ar\/index.php\/wp-json\/wp\/v2\/media\/88846"}],"wp:attachment":[{"href":"https:\/\/infoecos.com.ar\/index.php\/wp-json\/wp\/v2\/media?parent=88845"}],"wp:term":[{"taxonomy":"category","embeddable":true,"href":"https:\/\/infoecos.com.ar\/index.php\/wp-json\/wp\/v2\/categories?post=88845"},{"taxonomy":"post_tag","embeddable":true,"href":"https:\/\/infoecos.com.ar\/index.php\/wp-json\/wp\/v2\/tags?post=88845"}],"curies":[{"name":"wp","href":"https:\/\/api.w.org\/{rel}","templated":true}]}}