{"id":88856,"date":"2021-10-26T16:29:22","date_gmt":"2021-10-26T19:29:22","guid":{"rendered":"http:\/\/infoecos.com.ar\/?p=88856"},"modified":"2021-10-27T03:13:31","modified_gmt":"2021-10-27T06:13:31","slug":"la-17-edicion-de-guitarras-en-concierto-se-realizara-el-5-de-diciembre","status":"publish","type":"post","link":"https:\/\/infoecos.com.ar\/index.php\/la-17-edicion-de-guitarras-en-concierto-se-realizara-el-5-de-diciembre\/","title":{"rendered":"La 17\u00b0 edici\u00f3n de Guitarras en Concierto se realizar\u00e1 el 5 de diciembre"},"content":{"rendered":"\n<p>El domingo 5 de diciembre, a las 20 horas, frente a la Escuela Municipal de M\u00fasica se llevar\u00e1 a cabo la 17\u00ba edici\u00f3n de \u201cGuitarras en Concierto\u201d.<\/p>\n\n\n\n<p>El encuentro contar\u00e1 con la presencia de artistas de nivel internacional: D\u00fao Guitarpa (Venezuela), D\u00fao Galeano-Glasberg (Pehuaj\u00f3) y Tr\u00edo Volpe-Zurita-Avena (Salliquel\u00f3); artistas locales y la Orquesta Municipal de Guitarras Trenquelauquenches.<\/p>\n\n\n\n<div class=\"wp-block-image is-style-default\"><figure class=\"aligncenter size-medium\"><img loading=\"lazy\" decoding=\"async\" width=\"460\" height=\"288\" src=\"http:\/\/infoecos.com.ar\/wp-content\/uploads\/2021\/10\/Guitarras-en-Concierto-460x288.jpg\" alt=\"\" class=\"wp-image-88857\" srcset=\"https:\/\/infoecos.com.ar\/wp-content\/uploads\/2021\/10\/Guitarras-en-Concierto-460x288.jpg 460w, https:\/\/infoecos.com.ar\/wp-content\/uploads\/2021\/10\/Guitarras-en-Concierto-920x575.jpg 920w, https:\/\/infoecos.com.ar\/wp-content\/uploads\/2021\/10\/Guitarras-en-Concierto-768x480.jpg 768w, https:\/\/infoecos.com.ar\/wp-content\/uploads\/2021\/10\/Guitarras-en-Concierto-1024x640.jpg 1024w, https:\/\/infoecos.com.ar\/wp-content\/uploads\/2021\/10\/Guitarras-en-Concierto.jpg 1080w\" sizes=\"(max-width: 460px) 100vw, 460px\" \/><\/figure><\/div>\n\n\n\n<p>En caso de mal tiempo el encuentro se trasladar\u00e1 al Auditorio de la Escuela de M\u00fasica con el aforo permitido.<\/p>\n\n\n\n<p>\u201cGuitarras en Concierto\u201d es un ciclo de espect\u00e1culos que tiene como eje central la guitarra, no solo como instrumento solista sino tambi\u00e9n en formaciones donde su presencia es estelar.<\/p>\n\n\n\n<p>El encuentro se viene realizando anualmente desde el a\u00f1o 2005 y teniendo como ciudad cabecera a Trenque Lauquen se ha podido difundir en la zona llegando en distintas ediciones a Tres Lomas, Villegas, Tres Algarrobos, Ameghino, Treinta de Agosto y Pehuaj\u00f3.<\/p>\n\n\n\n<p>El ciclo es organizado por Mart\u00edn D\u00edaz con ayuda de artistas locales y zonales y con el apoyo de municipios, comercios e instituciones.<\/p>\n\n\n\n<p>La idea de los conciertos es poder crear espacios que sirvan de est\u00edmulo en la interpretaci\u00f3n art\u00edstica, el intercambio de experiencias, la necesidad de plasmar este espacio y amor por la m\u00fasica en la ejecuci\u00f3n m\u00fasica compartida.<\/p>\n\n\n\n<p>\u201cEs importante mantener este espect\u00e1culo para generar espacios de est\u00edmulo en la interpretaci\u00f3n art\u00edstica, el intercambio de experiencias y la necesidad de poder plasmar este amor por la m\u00fasica en la ejecuci\u00f3n musical compartida, siendo la guitarra el instrumento m\u00e1s popular de nuestro pa\u00eds\u201d, manifest\u00f3 Mart\u00edn D\u00edaz, reconocido guitarrista y organizador del evento.<\/p>\n","protected":false},"excerpt":{"rendered":"<p>Frente a la Escuela Municipal de M\u00fasica. Se anuncia la presencia de artistas de nivel internacional <\/p>\n","protected":false},"author":2,"featured_media":88857,"comment_status":"closed","ping_status":"open","sticky":false,"template":"","format":"standard","meta":{"footnotes":""},"categories":[198],"tags":[3062],"class_list":["post-88856","post","type-post","status-publish","format-standard","has-post-thumbnail","hentry","category-c1nota5","tag-en-trenque-lauquen"],"yoast_head":"<!-- This site is optimized with the Yoast SEO plugin v23.4 - https:\/\/yoast.com\/wordpress\/plugins\/seo\/ -->\n<title>La 17\u00b0 edici\u00f3n de Guitarras en Concierto se realizar\u00e1 el 5 de diciembre - Infoecos<\/title>\n<meta name=\"robots\" content=\"index, follow, max-snippet:-1, max-image-preview:large, max-video-preview:-1\" \/>\n<link rel=\"canonical\" href=\"https:\/\/infoecos.com.ar\/index.php\/la-17-edicion-de-guitarras-en-concierto-se-realizara-el-5-de-diciembre\/\" \/>\n<meta property=\"og:locale\" content=\"es_ES\" \/>\n<meta property=\"og:type\" content=\"article\" \/>\n<meta property=\"og:title\" content=\"La 17\u00b0 edici\u00f3n de Guitarras en Concierto se realizar\u00e1 el 5 de diciembre - Infoecos\" \/>\n<meta property=\"og:description\" content=\"Frente a la Escuela Municipal de M\u00fasica. Se anuncia la presencia de artistas de nivel internacional\" \/>\n<meta property=\"og:url\" content=\"https:\/\/infoecos.com.ar\/index.php\/la-17-edicion-de-guitarras-en-concierto-se-realizara-el-5-de-diciembre\/\" \/>\n<meta property=\"og:site_name\" content=\"Infoecos\" \/>\n<meta property=\"article:publisher\" content=\"https:\/\/www.facebook.com\/profile.php?id=100063200290284\" \/>\n<meta property=\"article:published_time\" content=\"2021-10-26T19:29:22+00:00\" \/>\n<meta property=\"article:modified_time\" content=\"2021-10-27T06:13:31+00:00\" \/>\n<meta property=\"og:image\" content=\"https:\/\/infoecos.com.ar\/wp-content\/uploads\/2021\/10\/Guitarras-en-Concierto.jpg\" \/>\n\t<meta property=\"og:image:width\" content=\"1080\" \/>\n\t<meta property=\"og:image:height\" content=\"675\" \/>\n\t<meta property=\"og:image:type\" content=\"image\/jpeg\" \/>\n<meta name=\"author\" content=\"Jorge Matheus\" \/>\n<meta name=\"twitter:card\" content=\"summary_large_image\" \/>\n<meta name=\"twitter:creator\" content=\"@infoecos\" \/>\n<meta name=\"twitter:site\" content=\"@infoecos\" \/>\n<meta name=\"twitter:label1\" content=\"Escrito por\" \/>\n\t<meta name=\"twitter:data1\" content=\"Jorge Matheus\" \/>\n\t<meta name=\"twitter:label2\" content=\"Tiempo de lectura\" \/>\n\t<meta name=\"twitter:data2\" content=\"1 minuto\" \/>\n<script type=\"application\/ld+json\" class=\"yoast-schema-graph\">{\"@context\":\"https:\/\/schema.org\",\"@graph\":[{\"@type\":\"Article\",\"@id\":\"https:\/\/infoecos.com.ar\/index.php\/la-17-edicion-de-guitarras-en-concierto-se-realizara-el-5-de-diciembre\/#article\",\"isPartOf\":{\"@id\":\"https:\/\/infoecos.com.ar\/index.php\/la-17-edicion-de-guitarras-en-concierto-se-realizara-el-5-de-diciembre\/\"},\"author\":{\"name\":\"Jorge Matheus\",\"@id\":\"https:\/\/infoecos.com.ar\/#\/schema\/person\/8f5ace5ce73b4b4aac4b7245aee6f191\"},\"headline\":\"La 17\u00b0 edici\u00f3n de Guitarras en Concierto se realizar\u00e1 el 5 de diciembre\",\"datePublished\":\"2021-10-26T19:29:22+00:00\",\"dateModified\":\"2021-10-27T06:13:31+00:00\",\"mainEntityOfPage\":{\"@id\":\"https:\/\/infoecos.com.ar\/index.php\/la-17-edicion-de-guitarras-en-concierto-se-realizara-el-5-de-diciembre\/\"},\"wordCount\":295,\"publisher\":{\"@id\":\"https:\/\/infoecos.com.ar\/#organization\"},\"image\":{\"@id\":\"https:\/\/infoecos.com.ar\/index.php\/la-17-edicion-de-guitarras-en-concierto-se-realizara-el-5-de-diciembre\/#primaryimage\"},\"thumbnailUrl\":\"https:\/\/infoecos.com.ar\/wp-content\/uploads\/2021\/10\/Guitarras-en-Concierto.jpg\",\"keywords\":[\"EN TRENQUE LAUQUEN\"],\"articleSection\":[\"C1 nota 5\"],\"inLanguage\":\"es\"},{\"@type\":\"WebPage\",\"@id\":\"https:\/\/infoecos.com.ar\/index.php\/la-17-edicion-de-guitarras-en-concierto-se-realizara-el-5-de-diciembre\/\",\"url\":\"https:\/\/infoecos.com.ar\/index.php\/la-17-edicion-de-guitarras-en-concierto-se-realizara-el-5-de-diciembre\/\",\"name\":\"La 17\u00b0 edici\u00f3n de Guitarras en Concierto se realizar\u00e1 el 5 de diciembre - Infoecos\",\"isPartOf\":{\"@id\":\"https:\/\/infoecos.com.ar\/#website\"},\"primaryImageOfPage\":{\"@id\":\"https:\/\/infoecos.com.ar\/index.php\/la-17-edicion-de-guitarras-en-concierto-se-realizara-el-5-de-diciembre\/#primaryimage\"},\"image\":{\"@id\":\"https:\/\/infoecos.com.ar\/index.php\/la-17-edicion-de-guitarras-en-concierto-se-realizara-el-5-de-diciembre\/#primaryimage\"},\"thumbnailUrl\":\"https:\/\/infoecos.com.ar\/wp-content\/uploads\/2021\/10\/Guitarras-en-Concierto.jpg\",\"datePublished\":\"2021-10-26T19:29:22+00:00\",\"dateModified\":\"2021-10-27T06:13:31+00:00\",\"breadcrumb\":{\"@id\":\"https:\/\/infoecos.com.ar\/index.php\/la-17-edicion-de-guitarras-en-concierto-se-realizara-el-5-de-diciembre\/#breadcrumb\"},\"inLanguage\":\"es\",\"potentialAction\":[{\"@type\":\"ReadAction\",\"target\":[\"https:\/\/infoecos.com.ar\/index.php\/la-17-edicion-de-guitarras-en-concierto-se-realizara-el-5-de-diciembre\/\"]}]},{\"@type\":\"ImageObject\",\"inLanguage\":\"es\",\"@id\":\"https:\/\/infoecos.com.ar\/index.php\/la-17-edicion-de-guitarras-en-concierto-se-realizara-el-5-de-diciembre\/#primaryimage\",\"url\":\"https:\/\/infoecos.com.ar\/wp-content\/uploads\/2021\/10\/Guitarras-en-Concierto.jpg\",\"contentUrl\":\"https:\/\/infoecos.com.ar\/wp-content\/uploads\/2021\/10\/Guitarras-en-Concierto.jpg\",\"width\":1080,\"height\":675},{\"@type\":\"BreadcrumbList\",\"@id\":\"https:\/\/infoecos.com.ar\/index.php\/la-17-edicion-de-guitarras-en-concierto-se-realizara-el-5-de-diciembre\/#breadcrumb\",\"itemListElement\":[{\"@type\":\"ListItem\",\"position\":1,\"name\":\"Portada\",\"item\":\"https:\/\/infoecos.com.ar\/\"},{\"@type\":\"ListItem\",\"position\":2,\"name\":\"La 17\u00b0 edici\u00f3n de Guitarras en Concierto se realizar\u00e1 el 5 de diciembre\"}]},{\"@type\":\"WebSite\",\"@id\":\"https:\/\/infoecos.com.ar\/#website\",\"url\":\"https:\/\/infoecos.com.ar\/\",\"name\":\"Infoecos\",\"description\":\"Noticias de trenque lauquen y la zona\",\"publisher\":{\"@id\":\"https:\/\/infoecos.com.ar\/#organization\"},\"alternateName\":\"Noticias\",\"potentialAction\":[{\"@type\":\"SearchAction\",\"target\":{\"@type\":\"EntryPoint\",\"urlTemplate\":\"https:\/\/infoecos.com.ar\/?s={search_term_string}\"},\"query-input\":{\"@type\":\"PropertyValueSpecification\",\"valueRequired\":true,\"valueName\":\"search_term_string\"}}],\"inLanguage\":\"es\"},{\"@type\":\"Organization\",\"@id\":\"https:\/\/infoecos.com.ar\/#organization\",\"name\":\"Infoecos\",\"alternateName\":\"Noticias\",\"url\":\"https:\/\/infoecos.com.ar\/\",\"logo\":{\"@type\":\"ImageObject\",\"inLanguage\":\"es\",\"@id\":\"https:\/\/infoecos.com.ar\/#\/schema\/logo\/image\/\",\"url\":\"https:\/\/infoecos.com.ar\/wp-content\/uploads\/2024\/03\/cropped-logo.png\",\"contentUrl\":\"https:\/\/infoecos.com.ar\/wp-content\/uploads\/2024\/03\/cropped-logo.png\",\"width\":374,\"height\":90,\"caption\":\"Infoecos\"},\"image\":{\"@id\":\"https:\/\/infoecos.com.ar\/#\/schema\/logo\/image\/\"},\"sameAs\":[\"https:\/\/www.facebook.com\/profile.php?id=100063200290284\",\"https:\/\/x.com\/infoecos\"]},{\"@type\":\"Person\",\"@id\":\"https:\/\/infoecos.com.ar\/#\/schema\/person\/8f5ace5ce73b4b4aac4b7245aee6f191\",\"name\":\"Jorge Matheus\",\"url\":\"https:\/\/infoecos.com.ar\/index.php\/author\/jomatheus\/\"}]}<\/script>\n<!-- \/ Yoast SEO plugin. -->","yoast_head_json":{"title":"La 17\u00b0 edici\u00f3n de Guitarras en Concierto se realizar\u00e1 el 5 de diciembre - Infoecos","robots":{"index":"index","follow":"follow","max-snippet":"max-snippet:-1","max-image-preview":"max-image-preview:large","max-video-preview":"max-video-preview:-1"},"canonical":"https:\/\/infoecos.com.ar\/index.php\/la-17-edicion-de-guitarras-en-concierto-se-realizara-el-5-de-diciembre\/","og_locale":"es_ES","og_type":"article","og_title":"La 17\u00b0 edici\u00f3n de Guitarras en Concierto se realizar\u00e1 el 5 de diciembre - Infoecos","og_description":"Frente a la Escuela Municipal de M\u00fasica. Se anuncia la presencia de artistas de nivel internacional","og_url":"https:\/\/infoecos.com.ar\/index.php\/la-17-edicion-de-guitarras-en-concierto-se-realizara-el-5-de-diciembre\/","og_site_name":"Infoecos","article_publisher":"https:\/\/www.facebook.com\/profile.php?id=100063200290284","article_published_time":"2021-10-26T19:29:22+00:00","article_modified_time":"2021-10-27T06:13:31+00:00","og_image":[{"width":1080,"height":675,"url":"https:\/\/infoecos.com.ar\/wp-content\/uploads\/2021\/10\/Guitarras-en-Concierto.jpg","type":"image\/jpeg"}],"author":"Jorge Matheus","twitter_card":"summary_large_image","twitter_creator":"@infoecos","twitter_site":"@infoecos","twitter_misc":{"Escrito por":"Jorge Matheus","Tiempo de lectura":"1 minuto"},"schema":{"@context":"https:\/\/schema.org","@graph":[{"@type":"Article","@id":"https:\/\/infoecos.com.ar\/index.php\/la-17-edicion-de-guitarras-en-concierto-se-realizara-el-5-de-diciembre\/#article","isPartOf":{"@id":"https:\/\/infoecos.com.ar\/index.php\/la-17-edicion-de-guitarras-en-concierto-se-realizara-el-5-de-diciembre\/"},"author":{"name":"Jorge Matheus","@id":"https:\/\/infoecos.com.ar\/#\/schema\/person\/8f5ace5ce73b4b4aac4b7245aee6f191"},"headline":"La 17\u00b0 edici\u00f3n de Guitarras en Concierto se realizar\u00e1 el 5 de diciembre","datePublished":"2021-10-26T19:29:22+00:00","dateModified":"2021-10-27T06:13:31+00:00","mainEntityOfPage":{"@id":"https:\/\/infoecos.com.ar\/index.php\/la-17-edicion-de-guitarras-en-concierto-se-realizara-el-5-de-diciembre\/"},"wordCount":295,"publisher":{"@id":"https:\/\/infoecos.com.ar\/#organization"},"image":{"@id":"https:\/\/infoecos.com.ar\/index.php\/la-17-edicion-de-guitarras-en-concierto-se-realizara-el-5-de-diciembre\/#primaryimage"},"thumbnailUrl":"https:\/\/infoecos.com.ar\/wp-content\/uploads\/2021\/10\/Guitarras-en-Concierto.jpg","keywords":["EN TRENQUE LAUQUEN"],"articleSection":["C1 nota 5"],"inLanguage":"es"},{"@type":"WebPage","@id":"https:\/\/infoecos.com.ar\/index.php\/la-17-edicion-de-guitarras-en-concierto-se-realizara-el-5-de-diciembre\/","url":"https:\/\/infoecos.com.ar\/index.php\/la-17-edicion-de-guitarras-en-concierto-se-realizara-el-5-de-diciembre\/","name":"La 17\u00b0 edici\u00f3n de Guitarras en Concierto se realizar\u00e1 el 5 de diciembre - Infoecos","isPartOf":{"@id":"https:\/\/infoecos.com.ar\/#website"},"primaryImageOfPage":{"@id":"https:\/\/infoecos.com.ar\/index.php\/la-17-edicion-de-guitarras-en-concierto-se-realizara-el-5-de-diciembre\/#primaryimage"},"image":{"@id":"https:\/\/infoecos.com.ar\/index.php\/la-17-edicion-de-guitarras-en-concierto-se-realizara-el-5-de-diciembre\/#primaryimage"},"thumbnailUrl":"https:\/\/infoecos.com.ar\/wp-content\/uploads\/2021\/10\/Guitarras-en-Concierto.jpg","datePublished":"2021-10-26T19:29:22+00:00","dateModified":"2021-10-27T06:13:31+00:00","breadcrumb":{"@id":"https:\/\/infoecos.com.ar\/index.php\/la-17-edicion-de-guitarras-en-concierto-se-realizara-el-5-de-diciembre\/#breadcrumb"},"inLanguage":"es","potentialAction":[{"@type":"ReadAction","target":["https:\/\/infoecos.com.ar\/index.php\/la-17-edicion-de-guitarras-en-concierto-se-realizara-el-5-de-diciembre\/"]}]},{"@type":"ImageObject","inLanguage":"es","@id":"https:\/\/infoecos.com.ar\/index.php\/la-17-edicion-de-guitarras-en-concierto-se-realizara-el-5-de-diciembre\/#primaryimage","url":"https:\/\/infoecos.com.ar\/wp-content\/uploads\/2021\/10\/Guitarras-en-Concierto.jpg","contentUrl":"https:\/\/infoecos.com.ar\/wp-content\/uploads\/2021\/10\/Guitarras-en-Concierto.jpg","width":1080,"height":675},{"@type":"BreadcrumbList","@id":"https:\/\/infoecos.com.ar\/index.php\/la-17-edicion-de-guitarras-en-concierto-se-realizara-el-5-de-diciembre\/#breadcrumb","itemListElement":[{"@type":"ListItem","position":1,"name":"Portada","item":"https:\/\/infoecos.com.ar\/"},{"@type":"ListItem","position":2,"name":"La 17\u00b0 edici\u00f3n de Guitarras en Concierto se realizar\u00e1 el 5 de diciembre"}]},{"@type":"WebSite","@id":"https:\/\/infoecos.com.ar\/#website","url":"https:\/\/infoecos.com.ar\/","name":"Infoecos","description":"Noticias de trenque lauquen y la zona","publisher":{"@id":"https:\/\/infoecos.com.ar\/#organization"},"alternateName":"Noticias","potentialAction":[{"@type":"SearchAction","target":{"@type":"EntryPoint","urlTemplate":"https:\/\/infoecos.com.ar\/?s={search_term_string}"},"query-input":{"@type":"PropertyValueSpecification","valueRequired":true,"valueName":"search_term_string"}}],"inLanguage":"es"},{"@type":"Organization","@id":"https:\/\/infoecos.com.ar\/#organization","name":"Infoecos","alternateName":"Noticias","url":"https:\/\/infoecos.com.ar\/","logo":{"@type":"ImageObject","inLanguage":"es","@id":"https:\/\/infoecos.com.ar\/#\/schema\/logo\/image\/","url":"https:\/\/infoecos.com.ar\/wp-content\/uploads\/2024\/03\/cropped-logo.png","contentUrl":"https:\/\/infoecos.com.ar\/wp-content\/uploads\/2024\/03\/cropped-logo.png","width":374,"height":90,"caption":"Infoecos"},"image":{"@id":"https:\/\/infoecos.com.ar\/#\/schema\/logo\/image\/"},"sameAs":["https:\/\/www.facebook.com\/profile.php?id=100063200290284","https:\/\/x.com\/infoecos"]},{"@type":"Person","@id":"https:\/\/infoecos.com.ar\/#\/schema\/person\/8f5ace5ce73b4b4aac4b7245aee6f191","name":"Jorge Matheus","url":"https:\/\/infoecos.com.ar\/index.php\/author\/jomatheus\/"}]}},"featured_image_urls":{"full":["https:\/\/infoecos.com.ar\/wp-content\/uploads\/2021\/10\/Guitarras-en-Concierto.jpg",1080,675,false],"thumbnail":["https:\/\/infoecos.com.ar\/wp-content\/uploads\/2021\/10\/Guitarras-en-Concierto-150x150.jpg",150,150,true],"medium":["https:\/\/infoecos.com.ar\/wp-content\/uploads\/2021\/10\/Guitarras-en-Concierto-460x288.jpg",460,288,true],"medium_large":["https:\/\/infoecos.com.ar\/wp-content\/uploads\/2021\/10\/Guitarras-en-Concierto-768x480.jpg",640,400,true],"large":["https:\/\/infoecos.com.ar\/wp-content\/uploads\/2021\/10\/Guitarras-en-Concierto-920x575.jpg",640,400,true],"1536x1536":["https:\/\/infoecos.com.ar\/wp-content\/uploads\/2021\/10\/Guitarras-en-Concierto.jpg",1080,675,false],"2048x2048":["https:\/\/infoecos.com.ar\/wp-content\/uploads\/2021\/10\/Guitarras-en-Concierto.jpg",1080,675,false],"covernews-slider-full":["https:\/\/infoecos.com.ar\/wp-content\/uploads\/2021\/10\/Guitarras-en-Concierto.jpg",1080,675,false],"covernews-slider-center":["https:\/\/infoecos.com.ar\/wp-content\/uploads\/2021\/10\/Guitarras-en-Concierto-936x675.jpg",693,500,true],"covernews-featured":["https:\/\/infoecos.com.ar\/wp-content\/uploads\/2021\/10\/Guitarras-en-Concierto-1024x640.jpg",1024,640,true],"covernews-medium":["https:\/\/infoecos.com.ar\/wp-content\/uploads\/2021\/10\/Guitarras-en-Concierto-720x380.jpg",540,285,true],"covernews-medium-square":["https:\/\/infoecos.com.ar\/wp-content\/uploads\/2021\/10\/Guitarras-en-Concierto-675x450.jpg",375,250,true]},"author_info":{"info":["Jorge Matheus"]},"category_info":"<a href=\"https:\/\/infoecos.com.ar\/index.php\/category\/c1nota5\/\" rel=\"category tag\">C1 nota 5<\/a>","tag_info":"C1 nota 5","comment_count":"0","_links":{"self":[{"href":"https:\/\/infoecos.com.ar\/index.php\/wp-json\/wp\/v2\/posts\/88856"}],"collection":[{"href":"https:\/\/infoecos.com.ar\/index.php\/wp-json\/wp\/v2\/posts"}],"about":[{"href":"https:\/\/infoecos.com.ar\/index.php\/wp-json\/wp\/v2\/types\/post"}],"author":[{"embeddable":true,"href":"https:\/\/infoecos.com.ar\/index.php\/wp-json\/wp\/v2\/users\/2"}],"replies":[{"embeddable":true,"href":"https:\/\/infoecos.com.ar\/index.php\/wp-json\/wp\/v2\/comments?post=88856"}],"version-history":[{"count":1,"href":"https:\/\/infoecos.com.ar\/index.php\/wp-json\/wp\/v2\/posts\/88856\/revisions"}],"predecessor-version":[{"id":88858,"href":"https:\/\/infoecos.com.ar\/index.php\/wp-json\/wp\/v2\/posts\/88856\/revisions\/88858"}],"wp:featuredmedia":[{"embeddable":true,"href":"https:\/\/infoecos.com.ar\/index.php\/wp-json\/wp\/v2\/media\/88857"}],"wp:attachment":[{"href":"https:\/\/infoecos.com.ar\/index.php\/wp-json\/wp\/v2\/media?parent=88856"}],"wp:term":[{"taxonomy":"category","embeddable":true,"href":"https:\/\/infoecos.com.ar\/index.php\/wp-json\/wp\/v2\/categories?post=88856"},{"taxonomy":"post_tag","embeddable":true,"href":"https:\/\/infoecos.com.ar\/index.php\/wp-json\/wp\/v2\/tags?post=88856"}],"curies":[{"name":"wp","href":"https:\/\/api.w.org\/{rel}","templated":true}]}}