{"id":88859,"date":"2021-10-26T16:50:46","date_gmt":"2021-10-26T19:50:46","guid":{"rendered":"http:\/\/infoecos.com.ar\/?p=88859"},"modified":"2021-10-27T03:58:19","modified_gmt":"2021-10-27T06:58:19","slug":"pedaleada-rosa-en-trenque-lauquen-el-proximo-domingo-31","status":"publish","type":"post","link":"https:\/\/infoecos.com.ar\/index.php\/pedaleada-rosa-en-trenque-lauquen-el-proximo-domingo-31\/","title":{"rendered":"Pedaleada Rosa en Trenque Lauquen, el pr\u00f3ximo domingo 31"},"content":{"rendered":"\n<p>El domingo 31 de octubre, coincidiendo con el cierre del mes de sensibilizaci\u00f3n de la lucha y prevenci\u00f3n del c\u00e1ncer de mama, y con horario y punto de partida, a las 16, en Plaza Italia, la agrupaci\u00f3n de ciclismo Bandidos Rurales y distintas \u00e1reas municipales que acompa\u00f1an la iniciativa, pondr\u00e1n en marcha la Pedaleada Rosa, una actividad gratuita que apunta a una mayor concientizaci\u00f3n de la comunidad sobre esta problem\u00e1tica.<\/p>\n\n\n\n<div class=\"wp-block-image is-style-default\"><figure class=\"aligncenter size-large\"><img loading=\"lazy\" decoding=\"async\" width=\"578\" height=\"581\" src=\"http:\/\/infoecos.com.ar\/wp-content\/uploads\/2021\/10\/bandidosrurales1.jpg\" alt=\"\" class=\"wp-image-88860\" srcset=\"https:\/\/infoecos.com.ar\/wp-content\/uploads\/2021\/10\/bandidosrurales1.jpg 578w, https:\/\/infoecos.com.ar\/wp-content\/uploads\/2021\/10\/bandidosrurales1-458x460.jpg 458w, https:\/\/infoecos.com.ar\/wp-content\/uploads\/2021\/10\/bandidosrurales1-150x150.jpg 150w\" sizes=\"(max-width: 578px) 100vw, 578px\" \/><figcaption>Bandidos Rurales<\/figcaption><\/figure><\/div>\n\n\n\n<p>Desde Bandidos Rurales se invita a la comunidad a participar, acerc\u00e1ndose a cualquiera de los puntos por donde pasar\u00e1 la caravana con alg\u00fan detalle rosa, el color que identifica la lucha contra el c\u00e1ncer de mama, o sum\u00e1ndose a la recorrida en bicicleta; en este caso, y en la medida de las posibilidades, se recomienda utilizar el casco de seguridad.<\/p>\n\n\n\n<p>Las \u00e1reas municipales que acompa\u00f1an son el servicio de Oncolog\u00eda y Diagn\u00f3stico por Im\u00e1genes; la direcci\u00f3n de Salud Comunitaria; el servicio de Ginecolog\u00eda, el Registro de Tumores y la subsecretar\u00eda de Desarrollo Humano.<\/p>\n\n\n\n<div class=\"wp-block-image is-style-default\"><figure class=\"aligncenter size-medium\"><img loading=\"lazy\" decoding=\"async\" width=\"460\" height=\"460\" src=\"http:\/\/infoecos.com.ar\/wp-content\/uploads\/2021\/10\/bandidosrurales2-460x460.jpg\" alt=\"\" class=\"wp-image-88861\" srcset=\"https:\/\/infoecos.com.ar\/wp-content\/uploads\/2021\/10\/bandidosrurales2-460x460.jpg 460w, https:\/\/infoecos.com.ar\/wp-content\/uploads\/2021\/10\/bandidosrurales2-920x917.jpg 920w, https:\/\/infoecos.com.ar\/wp-content\/uploads\/2021\/10\/bandidosrurales2-150x150.jpg 150w, https:\/\/infoecos.com.ar\/wp-content\/uploads\/2021\/10\/bandidosrurales2-768x766.jpg 768w, https:\/\/infoecos.com.ar\/wp-content\/uploads\/2021\/10\/bandidosrurales2.jpg 960w\" sizes=\"(max-width: 460px) 100vw, 460px\" \/><\/figure><\/div>\n\n\n\n<p>Plaza Italia ser\u00e1 el lugar de encuentro y desde ah\u00ed, por calle Monferrand se dirigir\u00e1 hasta Pereyra Rozas, Plaza Espa\u00f1a, Uriburu\/Lavalle hasta Salta, Plaza del Bicentenario,&nbsp;calle Tala, ingreso a la Ampliaci\u00f3n Urbana, nuevamente calles Tala\/Uribarri hasta Wilde\/Villegas, finalizando en la Terminal de \u00d3mnibus.<\/p>\n","protected":false},"excerpt":{"rendered":"<p>Desde Bandidos Rurales se invita a la comunidad a participar, acerc\u00e1ndose a cualquiera de los puntos por donde pasar\u00e1 la caravana con alg\u00fan detalle rosa<\/p>\n","protected":false},"author":2,"featured_media":88860,"comment_status":"closed","ping_status":"open","sticky":false,"template":"","format":"standard","meta":{"footnotes":""},"categories":[1325],"tags":[5549],"class_list":["post-88859","post","type-post","status-publish","format-standard","has-post-thumbnail","hentry","category-c1nota6","tag-organiza-la-agrupacion-bandidos-rurales"],"yoast_head":"<!-- This site is optimized with the Yoast SEO plugin v23.4 - https:\/\/yoast.com\/wordpress\/plugins\/seo\/ -->\n<title>Pedaleada Rosa en Trenque Lauquen, el pr\u00f3ximo domingo 31 - Infoecos<\/title>\n<meta name=\"robots\" content=\"index, follow, max-snippet:-1, max-image-preview:large, max-video-preview:-1\" \/>\n<link rel=\"canonical\" href=\"https:\/\/infoecos.com.ar\/index.php\/pedaleada-rosa-en-trenque-lauquen-el-proximo-domingo-31\/\" \/>\n<meta property=\"og:locale\" content=\"es_ES\" \/>\n<meta property=\"og:type\" content=\"article\" \/>\n<meta property=\"og:title\" content=\"Pedaleada Rosa en Trenque Lauquen, el pr\u00f3ximo domingo 31 - Infoecos\" \/>\n<meta property=\"og:description\" content=\"Desde Bandidos Rurales se invita a la comunidad a participar, acerc\u00e1ndose a cualquiera de los puntos por donde pasar\u00e1 la caravana con alg\u00fan detalle rosa\" \/>\n<meta property=\"og:url\" content=\"https:\/\/infoecos.com.ar\/index.php\/pedaleada-rosa-en-trenque-lauquen-el-proximo-domingo-31\/\" \/>\n<meta property=\"og:site_name\" content=\"Infoecos\" \/>\n<meta property=\"article:publisher\" content=\"https:\/\/www.facebook.com\/profile.php?id=100063200290284\" \/>\n<meta property=\"article:published_time\" content=\"2021-10-26T19:50:46+00:00\" \/>\n<meta property=\"article:modified_time\" content=\"2021-10-27T06:58:19+00:00\" \/>\n<meta property=\"og:image\" content=\"https:\/\/infoecos.com.ar\/wp-content\/uploads\/2021\/10\/bandidosrurales1.jpg\" \/>\n\t<meta property=\"og:image:width\" content=\"578\" \/>\n\t<meta property=\"og:image:height\" content=\"581\" \/>\n\t<meta property=\"og:image:type\" content=\"image\/jpeg\" \/>\n<meta name=\"author\" content=\"Jorge Matheus\" \/>\n<meta name=\"twitter:card\" content=\"summary_large_image\" \/>\n<meta name=\"twitter:creator\" content=\"@infoecos\" \/>\n<meta name=\"twitter:site\" content=\"@infoecos\" \/>\n<meta name=\"twitter:label1\" content=\"Escrito por\" \/>\n\t<meta name=\"twitter:data1\" content=\"Jorge Matheus\" \/>\n\t<meta name=\"twitter:label2\" content=\"Tiempo de lectura\" \/>\n\t<meta name=\"twitter:data2\" content=\"1 minuto\" \/>\n<script type=\"application\/ld+json\" class=\"yoast-schema-graph\">{\"@context\":\"https:\/\/schema.org\",\"@graph\":[{\"@type\":\"Article\",\"@id\":\"https:\/\/infoecos.com.ar\/index.php\/pedaleada-rosa-en-trenque-lauquen-el-proximo-domingo-31\/#article\",\"isPartOf\":{\"@id\":\"https:\/\/infoecos.com.ar\/index.php\/pedaleada-rosa-en-trenque-lauquen-el-proximo-domingo-31\/\"},\"author\":{\"name\":\"Jorge Matheus\",\"@id\":\"https:\/\/infoecos.com.ar\/#\/schema\/person\/8f5ace5ce73b4b4aac4b7245aee6f191\"},\"headline\":\"Pedaleada Rosa en Trenque Lauquen, el pr\u00f3ximo domingo 31\",\"datePublished\":\"2021-10-26T19:50:46+00:00\",\"dateModified\":\"2021-10-27T06:58:19+00:00\",\"mainEntityOfPage\":{\"@id\":\"https:\/\/infoecos.com.ar\/index.php\/pedaleada-rosa-en-trenque-lauquen-el-proximo-domingo-31\/\"},\"wordCount\":241,\"publisher\":{\"@id\":\"https:\/\/infoecos.com.ar\/#organization\"},\"image\":{\"@id\":\"https:\/\/infoecos.com.ar\/index.php\/pedaleada-rosa-en-trenque-lauquen-el-proximo-domingo-31\/#primaryimage\"},\"thumbnailUrl\":\"https:\/\/infoecos.com.ar\/wp-content\/uploads\/2021\/10\/bandidosrurales1.jpg\",\"keywords\":[\"ORGANIZA LA AGRUPACI\u00d3N BANDIDOS RURALES\"],\"articleSection\":[\"C1 nota 6\"],\"inLanguage\":\"es\"},{\"@type\":\"WebPage\",\"@id\":\"https:\/\/infoecos.com.ar\/index.php\/pedaleada-rosa-en-trenque-lauquen-el-proximo-domingo-31\/\",\"url\":\"https:\/\/infoecos.com.ar\/index.php\/pedaleada-rosa-en-trenque-lauquen-el-proximo-domingo-31\/\",\"name\":\"Pedaleada Rosa en Trenque Lauquen, el pr\u00f3ximo domingo 31 - Infoecos\",\"isPartOf\":{\"@id\":\"https:\/\/infoecos.com.ar\/#website\"},\"primaryImageOfPage\":{\"@id\":\"https:\/\/infoecos.com.ar\/index.php\/pedaleada-rosa-en-trenque-lauquen-el-proximo-domingo-31\/#primaryimage\"},\"image\":{\"@id\":\"https:\/\/infoecos.com.ar\/index.php\/pedaleada-rosa-en-trenque-lauquen-el-proximo-domingo-31\/#primaryimage\"},\"thumbnailUrl\":\"https:\/\/infoecos.com.ar\/wp-content\/uploads\/2021\/10\/bandidosrurales1.jpg\",\"datePublished\":\"2021-10-26T19:50:46+00:00\",\"dateModified\":\"2021-10-27T06:58:19+00:00\",\"breadcrumb\":{\"@id\":\"https:\/\/infoecos.com.ar\/index.php\/pedaleada-rosa-en-trenque-lauquen-el-proximo-domingo-31\/#breadcrumb\"},\"inLanguage\":\"es\",\"potentialAction\":[{\"@type\":\"ReadAction\",\"target\":[\"https:\/\/infoecos.com.ar\/index.php\/pedaleada-rosa-en-trenque-lauquen-el-proximo-domingo-31\/\"]}]},{\"@type\":\"ImageObject\",\"inLanguage\":\"es\",\"@id\":\"https:\/\/infoecos.com.ar\/index.php\/pedaleada-rosa-en-trenque-lauquen-el-proximo-domingo-31\/#primaryimage\",\"url\":\"https:\/\/infoecos.com.ar\/wp-content\/uploads\/2021\/10\/bandidosrurales1.jpg\",\"contentUrl\":\"https:\/\/infoecos.com.ar\/wp-content\/uploads\/2021\/10\/bandidosrurales1.jpg\",\"width\":578,\"height\":581},{\"@type\":\"BreadcrumbList\",\"@id\":\"https:\/\/infoecos.com.ar\/index.php\/pedaleada-rosa-en-trenque-lauquen-el-proximo-domingo-31\/#breadcrumb\",\"itemListElement\":[{\"@type\":\"ListItem\",\"position\":1,\"name\":\"Portada\",\"item\":\"https:\/\/infoecos.com.ar\/\"},{\"@type\":\"ListItem\",\"position\":2,\"name\":\"Pedaleada Rosa en Trenque Lauquen, el pr\u00f3ximo domingo 31\"}]},{\"@type\":\"WebSite\",\"@id\":\"https:\/\/infoecos.com.ar\/#website\",\"url\":\"https:\/\/infoecos.com.ar\/\",\"name\":\"Infoecos\",\"description\":\"Noticias de trenque lauquen y la zona\",\"publisher\":{\"@id\":\"https:\/\/infoecos.com.ar\/#organization\"},\"alternateName\":\"Noticias\",\"potentialAction\":[{\"@type\":\"SearchAction\",\"target\":{\"@type\":\"EntryPoint\",\"urlTemplate\":\"https:\/\/infoecos.com.ar\/?s={search_term_string}\"},\"query-input\":{\"@type\":\"PropertyValueSpecification\",\"valueRequired\":true,\"valueName\":\"search_term_string\"}}],\"inLanguage\":\"es\"},{\"@type\":\"Organization\",\"@id\":\"https:\/\/infoecos.com.ar\/#organization\",\"name\":\"Infoecos\",\"alternateName\":\"Noticias\",\"url\":\"https:\/\/infoecos.com.ar\/\",\"logo\":{\"@type\":\"ImageObject\",\"inLanguage\":\"es\",\"@id\":\"https:\/\/infoecos.com.ar\/#\/schema\/logo\/image\/\",\"url\":\"https:\/\/infoecos.com.ar\/wp-content\/uploads\/2024\/03\/cropped-logo.png\",\"contentUrl\":\"https:\/\/infoecos.com.ar\/wp-content\/uploads\/2024\/03\/cropped-logo.png\",\"width\":374,\"height\":90,\"caption\":\"Infoecos\"},\"image\":{\"@id\":\"https:\/\/infoecos.com.ar\/#\/schema\/logo\/image\/\"},\"sameAs\":[\"https:\/\/www.facebook.com\/profile.php?id=100063200290284\",\"https:\/\/x.com\/infoecos\"]},{\"@type\":\"Person\",\"@id\":\"https:\/\/infoecos.com.ar\/#\/schema\/person\/8f5ace5ce73b4b4aac4b7245aee6f191\",\"name\":\"Jorge Matheus\",\"url\":\"https:\/\/infoecos.com.ar\/index.php\/author\/jomatheus\/\"}]}<\/script>\n<!-- \/ Yoast SEO plugin. -->","yoast_head_json":{"title":"Pedaleada Rosa en Trenque Lauquen, el pr\u00f3ximo domingo 31 - Infoecos","robots":{"index":"index","follow":"follow","max-snippet":"max-snippet:-1","max-image-preview":"max-image-preview:large","max-video-preview":"max-video-preview:-1"},"canonical":"https:\/\/infoecos.com.ar\/index.php\/pedaleada-rosa-en-trenque-lauquen-el-proximo-domingo-31\/","og_locale":"es_ES","og_type":"article","og_title":"Pedaleada Rosa en Trenque Lauquen, el pr\u00f3ximo domingo 31 - Infoecos","og_description":"Desde Bandidos Rurales se invita a la comunidad a participar, acerc\u00e1ndose a cualquiera de los puntos por donde pasar\u00e1 la caravana con alg\u00fan detalle rosa","og_url":"https:\/\/infoecos.com.ar\/index.php\/pedaleada-rosa-en-trenque-lauquen-el-proximo-domingo-31\/","og_site_name":"Infoecos","article_publisher":"https:\/\/www.facebook.com\/profile.php?id=100063200290284","article_published_time":"2021-10-26T19:50:46+00:00","article_modified_time":"2021-10-27T06:58:19+00:00","og_image":[{"width":578,"height":581,"url":"https:\/\/infoecos.com.ar\/wp-content\/uploads\/2021\/10\/bandidosrurales1.jpg","type":"image\/jpeg"}],"author":"Jorge Matheus","twitter_card":"summary_large_image","twitter_creator":"@infoecos","twitter_site":"@infoecos","twitter_misc":{"Escrito por":"Jorge Matheus","Tiempo de lectura":"1 minuto"},"schema":{"@context":"https:\/\/schema.org","@graph":[{"@type":"Article","@id":"https:\/\/infoecos.com.ar\/index.php\/pedaleada-rosa-en-trenque-lauquen-el-proximo-domingo-31\/#article","isPartOf":{"@id":"https:\/\/infoecos.com.ar\/index.php\/pedaleada-rosa-en-trenque-lauquen-el-proximo-domingo-31\/"},"author":{"name":"Jorge Matheus","@id":"https:\/\/infoecos.com.ar\/#\/schema\/person\/8f5ace5ce73b4b4aac4b7245aee6f191"},"headline":"Pedaleada Rosa en Trenque Lauquen, el pr\u00f3ximo domingo 31","datePublished":"2021-10-26T19:50:46+00:00","dateModified":"2021-10-27T06:58:19+00:00","mainEntityOfPage":{"@id":"https:\/\/infoecos.com.ar\/index.php\/pedaleada-rosa-en-trenque-lauquen-el-proximo-domingo-31\/"},"wordCount":241,"publisher":{"@id":"https:\/\/infoecos.com.ar\/#organization"},"image":{"@id":"https:\/\/infoecos.com.ar\/index.php\/pedaleada-rosa-en-trenque-lauquen-el-proximo-domingo-31\/#primaryimage"},"thumbnailUrl":"https:\/\/infoecos.com.ar\/wp-content\/uploads\/2021\/10\/bandidosrurales1.jpg","keywords":["ORGANIZA LA AGRUPACI\u00d3N BANDIDOS RURALES"],"articleSection":["C1 nota 6"],"inLanguage":"es"},{"@type":"WebPage","@id":"https:\/\/infoecos.com.ar\/index.php\/pedaleada-rosa-en-trenque-lauquen-el-proximo-domingo-31\/","url":"https:\/\/infoecos.com.ar\/index.php\/pedaleada-rosa-en-trenque-lauquen-el-proximo-domingo-31\/","name":"Pedaleada Rosa en Trenque Lauquen, el pr\u00f3ximo domingo 31 - Infoecos","isPartOf":{"@id":"https:\/\/infoecos.com.ar\/#website"},"primaryImageOfPage":{"@id":"https:\/\/infoecos.com.ar\/index.php\/pedaleada-rosa-en-trenque-lauquen-el-proximo-domingo-31\/#primaryimage"},"image":{"@id":"https:\/\/infoecos.com.ar\/index.php\/pedaleada-rosa-en-trenque-lauquen-el-proximo-domingo-31\/#primaryimage"},"thumbnailUrl":"https:\/\/infoecos.com.ar\/wp-content\/uploads\/2021\/10\/bandidosrurales1.jpg","datePublished":"2021-10-26T19:50:46+00:00","dateModified":"2021-10-27T06:58:19+00:00","breadcrumb":{"@id":"https:\/\/infoecos.com.ar\/index.php\/pedaleada-rosa-en-trenque-lauquen-el-proximo-domingo-31\/#breadcrumb"},"inLanguage":"es","potentialAction":[{"@type":"ReadAction","target":["https:\/\/infoecos.com.ar\/index.php\/pedaleada-rosa-en-trenque-lauquen-el-proximo-domingo-31\/"]}]},{"@type":"ImageObject","inLanguage":"es","@id":"https:\/\/infoecos.com.ar\/index.php\/pedaleada-rosa-en-trenque-lauquen-el-proximo-domingo-31\/#primaryimage","url":"https:\/\/infoecos.com.ar\/wp-content\/uploads\/2021\/10\/bandidosrurales1.jpg","contentUrl":"https:\/\/infoecos.com.ar\/wp-content\/uploads\/2021\/10\/bandidosrurales1.jpg","width":578,"height":581},{"@type":"BreadcrumbList","@id":"https:\/\/infoecos.com.ar\/index.php\/pedaleada-rosa-en-trenque-lauquen-el-proximo-domingo-31\/#breadcrumb","itemListElement":[{"@type":"ListItem","position":1,"name":"Portada","item":"https:\/\/infoecos.com.ar\/"},{"@type":"ListItem","position":2,"name":"Pedaleada Rosa en Trenque Lauquen, el pr\u00f3ximo domingo 31"}]},{"@type":"WebSite","@id":"https:\/\/infoecos.com.ar\/#website","url":"https:\/\/infoecos.com.ar\/","name":"Infoecos","description":"Noticias de trenque lauquen y la zona","publisher":{"@id":"https:\/\/infoecos.com.ar\/#organization"},"alternateName":"Noticias","potentialAction":[{"@type":"SearchAction","target":{"@type":"EntryPoint","urlTemplate":"https:\/\/infoecos.com.ar\/?s={search_term_string}"},"query-input":{"@type":"PropertyValueSpecification","valueRequired":true,"valueName":"search_term_string"}}],"inLanguage":"es"},{"@type":"Organization","@id":"https:\/\/infoecos.com.ar\/#organization","name":"Infoecos","alternateName":"Noticias","url":"https:\/\/infoecos.com.ar\/","logo":{"@type":"ImageObject","inLanguage":"es","@id":"https:\/\/infoecos.com.ar\/#\/schema\/logo\/image\/","url":"https:\/\/infoecos.com.ar\/wp-content\/uploads\/2024\/03\/cropped-logo.png","contentUrl":"https:\/\/infoecos.com.ar\/wp-content\/uploads\/2024\/03\/cropped-logo.png","width":374,"height":90,"caption":"Infoecos"},"image":{"@id":"https:\/\/infoecos.com.ar\/#\/schema\/logo\/image\/"},"sameAs":["https:\/\/www.facebook.com\/profile.php?id=100063200290284","https:\/\/x.com\/infoecos"]},{"@type":"Person","@id":"https:\/\/infoecos.com.ar\/#\/schema\/person\/8f5ace5ce73b4b4aac4b7245aee6f191","name":"Jorge Matheus","url":"https:\/\/infoecos.com.ar\/index.php\/author\/jomatheus\/"}]}},"featured_image_urls":{"full":["https:\/\/infoecos.com.ar\/wp-content\/uploads\/2021\/10\/bandidosrurales1.jpg",578,581,false],"thumbnail":["https:\/\/infoecos.com.ar\/wp-content\/uploads\/2021\/10\/bandidosrurales1-150x150.jpg",150,150,true],"medium":["https:\/\/infoecos.com.ar\/wp-content\/uploads\/2021\/10\/bandidosrurales1-458x460.jpg",458,460,true],"medium_large":["https:\/\/infoecos.com.ar\/wp-content\/uploads\/2021\/10\/bandidosrurales1.jpg",578,581,false],"large":["https:\/\/infoecos.com.ar\/wp-content\/uploads\/2021\/10\/bandidosrurales1.jpg",578,581,false],"1536x1536":["https:\/\/infoecos.com.ar\/wp-content\/uploads\/2021\/10\/bandidosrurales1.jpg",578,581,false],"2048x2048":["https:\/\/infoecos.com.ar\/wp-content\/uploads\/2021\/10\/bandidosrurales1.jpg",578,581,false],"covernews-slider-full":["https:\/\/infoecos.com.ar\/wp-content\/uploads\/2021\/10\/bandidosrurales1.jpg",578,581,false],"covernews-slider-center":["https:\/\/infoecos.com.ar\/wp-content\/uploads\/2021\/10\/bandidosrurales1.jpg",497,500,false],"covernews-featured":["https:\/\/infoecos.com.ar\/wp-content\/uploads\/2021\/10\/bandidosrurales1.jpg",578,581,false],"covernews-medium":["https:\/\/infoecos.com.ar\/wp-content\/uploads\/2021\/10\/bandidosrurales1-578x380.jpg",517,340,true],"covernews-medium-square":["https:\/\/infoecos.com.ar\/wp-content\/uploads\/2021\/10\/bandidosrurales1-578x450.jpg",321,250,true]},"author_info":{"info":["Jorge Matheus"]},"category_info":"<a href=\"https:\/\/infoecos.com.ar\/index.php\/category\/c1nota6\/\" rel=\"category tag\">C1 nota 6<\/a>","tag_info":"C1 nota 6","comment_count":"0","_links":{"self":[{"href":"https:\/\/infoecos.com.ar\/index.php\/wp-json\/wp\/v2\/posts\/88859"}],"collection":[{"href":"https:\/\/infoecos.com.ar\/index.php\/wp-json\/wp\/v2\/posts"}],"about":[{"href":"https:\/\/infoecos.com.ar\/index.php\/wp-json\/wp\/v2\/types\/post"}],"author":[{"embeddable":true,"href":"https:\/\/infoecos.com.ar\/index.php\/wp-json\/wp\/v2\/users\/2"}],"replies":[{"embeddable":true,"href":"https:\/\/infoecos.com.ar\/index.php\/wp-json\/wp\/v2\/comments?post=88859"}],"version-history":[{"count":1,"href":"https:\/\/infoecos.com.ar\/index.php\/wp-json\/wp\/v2\/posts\/88859\/revisions"}],"predecessor-version":[{"id":88862,"href":"https:\/\/infoecos.com.ar\/index.php\/wp-json\/wp\/v2\/posts\/88859\/revisions\/88862"}],"wp:featuredmedia":[{"embeddable":true,"href":"https:\/\/infoecos.com.ar\/index.php\/wp-json\/wp\/v2\/media\/88860"}],"wp:attachment":[{"href":"https:\/\/infoecos.com.ar\/index.php\/wp-json\/wp\/v2\/media?parent=88859"}],"wp:term":[{"taxonomy":"category","embeddable":true,"href":"https:\/\/infoecos.com.ar\/index.php\/wp-json\/wp\/v2\/categories?post=88859"},{"taxonomy":"post_tag","embeddable":true,"href":"https:\/\/infoecos.com.ar\/index.php\/wp-json\/wp\/v2\/tags?post=88859"}],"curies":[{"name":"wp","href":"https:\/\/api.w.org\/{rel}","templated":true}]}}