{"id":88876,"date":"2021-10-27T01:45:52","date_gmt":"2021-10-27T04:45:52","guid":{"rendered":"http:\/\/infoecos.com.ar\/?p=88876"},"modified":"2021-10-27T01:45:53","modified_gmt":"2021-10-27T04:45:53","slug":"desde-el-proximo-1-de-noviembre-se-pone-en-marcha-el-recientemente-inaugurado-natatorio-climatizado-en-tres-lomas","status":"publish","type":"post","link":"https:\/\/infoecos.com.ar\/index.php\/desde-el-proximo-1-de-noviembre-se-pone-en-marcha-el-recientemente-inaugurado-natatorio-climatizado-en-tres-lomas\/","title":{"rendered":"Desde el pr\u00f3ximo 1 de noviembre se pone en marcha el recientemente inaugurado Natatorio Climatizado en Tres Lomas"},"content":{"rendered":"\n<p class=\"wp-block-paragraph\">El pr\u00f3ximo lunes 1 de noviembre, se pondr\u00e1 en marcha la acci\u00f3n de invierno del recientemente inaugurado Natatorio Climatizado del Polideportivo Municipal.<\/p>\n\n\n\n<div class=\"wp-block-image is-style-default\"><figure class=\"aligncenter size-medium\"><img loading=\"lazy\" decoding=\"async\" width=\"460\" height=\"307\" src=\"http:\/\/infoecos.com.ar\/wp-content\/uploads\/2021\/10\/Natatorio-climatizado-4-460x307.jpg\" alt=\"\" class=\"wp-image-88877\" srcset=\"https:\/\/infoecos.com.ar\/wp-content\/uploads\/2021\/10\/Natatorio-climatizado-4-460x307.jpg 460w, https:\/\/infoecos.com.ar\/wp-content\/uploads\/2021\/10\/Natatorio-climatizado-4-920x613.jpg 920w, https:\/\/infoecos.com.ar\/wp-content\/uploads\/2021\/10\/Natatorio-climatizado-4-768x512.jpg 768w, https:\/\/infoecos.com.ar\/wp-content\/uploads\/2021\/10\/Natatorio-climatizado-4-1536x1024.jpg 1536w, https:\/\/infoecos.com.ar\/wp-content\/uploads\/2021\/10\/Natatorio-climatizado-4-2048x1365.jpg 2048w, https:\/\/infoecos.com.ar\/wp-content\/uploads\/2021\/10\/Natatorio-climatizado-4-1024x683.jpg 1024w, https:\/\/infoecos.com.ar\/wp-content\/uploads\/2021\/10\/Natatorio-climatizado-4-675x450.jpg 675w\" sizes=\"auto, (max-width: 460px) 100vw, 460px\" \/><figcaption>Tres Lomas &#8211; Natatorio climatizado<\/figcaption><\/figure><\/div>\n\n\n\n<p class=\"wp-block-paragraph\">Las actividades, se desarrollar\u00e1n hasta el d\u00eda 15 de diciembre, de lunes a viernes de 14 a 22 hs y s\u00e1bados de 14 a 20 hs.<\/p>\n\n\n\n<div class=\"wp-block-image is-style-default\"><figure class=\"aligncenter size-medium\"><img loading=\"lazy\" decoding=\"async\" width=\"460\" height=\"295\" src=\"http:\/\/infoecos.com.ar\/wp-content\/uploads\/2021\/10\/Natatorio-climatizado-2-460x295.jpg\" alt=\"\" class=\"wp-image-88878\" srcset=\"https:\/\/infoecos.com.ar\/wp-content\/uploads\/2021\/10\/Natatorio-climatizado-2-460x295.jpg 460w, https:\/\/infoecos.com.ar\/wp-content\/uploads\/2021\/10\/Natatorio-climatizado-2-920x590.jpg 920w, https:\/\/infoecos.com.ar\/wp-content\/uploads\/2021\/10\/Natatorio-climatizado-2-768x492.jpg 768w, https:\/\/infoecos.com.ar\/wp-content\/uploads\/2021\/10\/Natatorio-climatizado-2-1536x985.jpg 1536w, https:\/\/infoecos.com.ar\/wp-content\/uploads\/2021\/10\/Natatorio-climatizado-2-2048x1313.jpg 2048w, https:\/\/infoecos.com.ar\/wp-content\/uploads\/2021\/10\/Natatorio-climatizado-2-1024x656.jpg 1024w\" sizes=\"auto, (max-width: 460px) 100vw, 460px\" \/><figcaption>????????????????????????????????????<\/figcaption><\/figure><\/div>\n\n\n\n<p class=\"wp-block-paragraph\">Quienes deseen concurrir al lugar, informaron las autoridades municipales, deber\u00e1n inscribirse previamente en el de lunes a viernes de 9 a 14 hs.<br><br><\/p>\n","protected":false},"excerpt":{"rendered":"<p>Las actividades, se desarrollar\u00e1n hasta el d\u00eda 15 de diciembre, de lunes a viernes de 14 a 22 hs y s\u00e1bados de 14 a 20 hs<\/p>\n","protected":false},"author":2,"featured_media":88877,"comment_status":"closed","ping_status":"open","sticky":false,"template":"","format":"standard","meta":{"footnotes":""},"categories":[46],"tags":[5553],"class_list":["post-88876","post","type-post","status-publish","format-standard","has-post-thumbnail","hentry","category-c2nota2","tag-inscripcion-abierta"],"featured_image_urls":{"full":["https:\/\/infoecos.com.ar\/wp-content\/uploads\/2021\/10\/Natatorio-climatizado-4-scaled.jpg",2560,1707,false],"thumbnail":["https:\/\/infoecos.com.ar\/wp-content\/uploads\/2021\/10\/Natatorio-climatizado-4-150x150.jpg",150,150,true],"medium":["https:\/\/infoecos.com.ar\/wp-content\/uploads\/2021\/10\/Natatorio-climatizado-4-460x307.jpg",460,307,true],"medium_large":["https:\/\/infoecos.com.ar\/wp-content\/uploads\/2021\/10\/Natatorio-climatizado-4-768x512.jpg",640,427,true],"large":["https:\/\/infoecos.com.ar\/wp-content\/uploads\/2021\/10\/Natatorio-climatizado-4-920x613.jpg",640,426,true],"1536x1536":["https:\/\/infoecos.com.ar\/wp-content\/uploads\/2021\/10\/Natatorio-climatizado-4-1536x1024.jpg",1536,1024,true],"2048x2048":["https:\/\/infoecos.com.ar\/wp-content\/uploads\/2021\/10\/Natatorio-climatizado-4-2048x1365.jpg",2048,1365,true],"covernews-slider-full":["https:\/\/infoecos.com.ar\/wp-content\/uploads\/2021\/10\/Natatorio-climatizado-4-1536x1020.jpg",1077,715,true],"covernews-slider-center":["https:\/\/infoecos.com.ar\/wp-content\/uploads\/2021\/10\/Natatorio-climatizado-4-936x897.jpg",522,500,true],"covernews-featured":["https:\/\/infoecos.com.ar\/wp-content\/uploads\/2021\/10\/Natatorio-climatizado-4-1024x683.jpg",1024,683,true],"covernews-medium":["https:\/\/infoecos.com.ar\/wp-content\/uploads\/2021\/10\/Natatorio-climatizado-4-720x380.jpg",540,285,true],"covernews-medium-square":["https:\/\/infoecos.com.ar\/wp-content\/uploads\/2021\/10\/Natatorio-climatizado-4-675x450.jpg",375,250,true]},"author_info":{"info":["Jorge Matheus"]},"category_info":"<a href=\"https:\/\/infoecos.com.ar\/index.php\/category\/c2nota2\/\" rel=\"category tag\">C2 N2<\/a>","tag_info":"C2 N2","comment_count":"0","_links":{"self":[{"href":"https:\/\/infoecos.com.ar\/index.php\/wp-json\/wp\/v2\/posts\/88876","targetHints":{"allow":["GET"]}}],"collection":[{"href":"https:\/\/infoecos.com.ar\/index.php\/wp-json\/wp\/v2\/posts"}],"about":[{"href":"https:\/\/infoecos.com.ar\/index.php\/wp-json\/wp\/v2\/types\/post"}],"author":[{"embeddable":true,"href":"https:\/\/infoecos.com.ar\/index.php\/wp-json\/wp\/v2\/users\/2"}],"replies":[{"embeddable":true,"href":"https:\/\/infoecos.com.ar\/index.php\/wp-json\/wp\/v2\/comments?post=88876"}],"version-history":[{"count":1,"href":"https:\/\/infoecos.com.ar\/index.php\/wp-json\/wp\/v2\/posts\/88876\/revisions"}],"predecessor-version":[{"id":88879,"href":"https:\/\/infoecos.com.ar\/index.php\/wp-json\/wp\/v2\/posts\/88876\/revisions\/88879"}],"wp:featuredmedia":[{"embeddable":true,"href":"https:\/\/infoecos.com.ar\/index.php\/wp-json\/wp\/v2\/media\/88877"}],"wp:attachment":[{"href":"https:\/\/infoecos.com.ar\/index.php\/wp-json\/wp\/v2\/media?parent=88876"}],"wp:term":[{"taxonomy":"category","embeddable":true,"href":"https:\/\/infoecos.com.ar\/index.php\/wp-json\/wp\/v2\/categories?post=88876"},{"taxonomy":"post_tag","embeddable":true,"href":"https:\/\/infoecos.com.ar\/index.php\/wp-json\/wp\/v2\/tags?post=88876"}],"curies":[{"name":"wp","href":"https:\/\/api.w.org\/{rel}","templated":true}]}}