{"id":88886,"date":"2021-10-27T02:19:48","date_gmt":"2021-10-27T05:19:48","guid":{"rendered":"http:\/\/infoecos.com.ar\/?p=88886"},"modified":"2021-10-27T02:19:49","modified_gmt":"2021-10-27T05:19:49","slug":"el-intendente-de-coronel-suarez-hablo-del-congelamiento-de-precios-hay-buena-predisposicion-de-los-comerciantes","status":"publish","type":"post","link":"https:\/\/infoecos.com.ar\/index.php\/el-intendente-de-coronel-suarez-hablo-del-congelamiento-de-precios-hay-buena-predisposicion-de-los-comerciantes\/","title":{"rendered":"El intendente de Coronel Su\u00e1rez habl\u00f3 del congelamiento de precios: \u00abhay buena predisposici\u00f3n de los comerciantes\u00bb"},"content":{"rendered":"\n<p class=\"wp-block-paragraph\">El intendente de Coronel Su\u00e1rez, Ricardo M\u00f3ccero, destac\u00f3 que \u00aben el interior los precios se controlan mucho, se recorren los comercios, hay buena predisposici\u00f3n de los comerciantes y los valores se respetan bastante\u00bb.<\/p>\n\n\n\n<p class=\"wp-block-paragraph\">En declaraciones a Radio Provincia dijo que \u201cla oficina de Defensa del Consumidor y los inspectores hacen un trabajo ideal\u201d y precis\u00f3 que \u201ctrabajamos en las localidades del distrito y en la ciudad cabecera\u201d.<\/p>\n\n\n\n<div class=\"wp-block-image is-style-default\"><figure class=\"aligncenter size-large\"><img decoding=\"async\" src=\"http:\/\/infoecos.com.ar\/wp-content\/uploads\/9412b8f8-7c26-4a60-9751-149af689abb8-e1503549981101.jpg\" alt=\"Moccero, Ricardo\" class=\"wp-image-23325\"\/><figcaption>Moccero, Ricardo<\/figcaption><\/figure><\/div>\n\n\n\n<p class=\"wp-block-paragraph\">M\u00f3ccero indic\u00f3 que \u201ccomunicamos a la poblaci\u00f3n en d\u00f3nde se respetan los precios as\u00ed la gente va a los lugares en donde puede acceder a los alimentos\u201d.<\/p>\n\n\n\n<p class=\"wp-block-paragraph\">En tanto, reconoci\u00f3 el apoyo del gobierno de la Provincia a su municipio y dijo que \u201ctenemos una gran respuesta del gobernador Axel Kicillof en materia de salud y obras p\u00fablicas\u00bb.<\/p>\n\n\n\n<p class=\"wp-block-paragraph\">M\u00f3ccero explic\u00f3 que \u201cseguimos adelante con la colocaci\u00f3n de luminarias, hablamos con las instituciones, tenemos obras de cord\u00f3n cuneta y la mejor gesti\u00f3n es eso estar al lado de la poblaci\u00f3n\u201d.<\/p>\n\n\n\n<p class=\"wp-block-paragraph\">Agreg\u00f3 que \u201cla gente busca a quienes le han respondido siempre y en eso siempre trabajamos\u201d y critic\u00f3 a Cambiemos \u201cpor habernos dejado un distrito destruido y con desocupaci\u00f3n\u201d.<\/p>\n","protected":false},"excerpt":{"rendered":"<p>Dijo que \u201cla oficina de Defensa del Consumidor y los inspectores hacen un trabajo ideal\u201d<\/p>\n","protected":false},"author":2,"featured_media":23325,"comment_status":"closed","ping_status":"open","sticky":false,"template":"","format":"standard","meta":{"footnotes":""},"categories":[24],"tags":[5557],"class_list":["post-88886","post","type-post","status-publish","format-standard","has-post-thumbnail","hentry","category-c1nota3","tag-declaraciones-de-moccero-a-radio-provincia"],"featured_image_urls":{"full":"","thumbnail":"","medium":"","medium_large":"","large":"","1536x1536":"","2048x2048":"","covernews-slider-full":"","covernews-slider-center":"","covernews-featured":"","covernews-medium":"","covernews-medium-square":""},"author_info":{"info":["Jorge Matheus"]},"category_info":"<a href=\"https:\/\/infoecos.com.ar\/index.php\/category\/c1nota3\/\" rel=\"category tag\">C1 N3<\/a>","tag_info":"C1 N3","comment_count":"0","_links":{"self":[{"href":"https:\/\/infoecos.com.ar\/index.php\/wp-json\/wp\/v2\/posts\/88886","targetHints":{"allow":["GET"]}}],"collection":[{"href":"https:\/\/infoecos.com.ar\/index.php\/wp-json\/wp\/v2\/posts"}],"about":[{"href":"https:\/\/infoecos.com.ar\/index.php\/wp-json\/wp\/v2\/types\/post"}],"author":[{"embeddable":true,"href":"https:\/\/infoecos.com.ar\/index.php\/wp-json\/wp\/v2\/users\/2"}],"replies":[{"embeddable":true,"href":"https:\/\/infoecos.com.ar\/index.php\/wp-json\/wp\/v2\/comments?post=88886"}],"version-history":[{"count":1,"href":"https:\/\/infoecos.com.ar\/index.php\/wp-json\/wp\/v2\/posts\/88886\/revisions"}],"predecessor-version":[{"id":88887,"href":"https:\/\/infoecos.com.ar\/index.php\/wp-json\/wp\/v2\/posts\/88886\/revisions\/88887"}],"wp:attachment":[{"href":"https:\/\/infoecos.com.ar\/index.php\/wp-json\/wp\/v2\/media?parent=88886"}],"wp:term":[{"taxonomy":"category","embeddable":true,"href":"https:\/\/infoecos.com.ar\/index.php\/wp-json\/wp\/v2\/categories?post=88886"},{"taxonomy":"post_tag","embeddable":true,"href":"https:\/\/infoecos.com.ar\/index.php\/wp-json\/wp\/v2\/tags?post=88886"}],"curies":[{"name":"wp","href":"https:\/\/api.w.org\/{rel}","templated":true}]}}