{"id":88907,"date":"2021-10-27T03:24:38","date_gmt":"2021-10-27T06:24:38","guid":{"rendered":"http:\/\/infoecos.com.ar\/?p=88907"},"modified":"2021-10-27T03:24:39","modified_gmt":"2021-10-27T06:24:39","slug":"flavia-palmiero","status":"publish","type":"post","link":"https:\/\/infoecos.com.ar\/index.php\/flavia-palmiero\/","title":{"rendered":"flavia palmiero"},"content":{"rendered":"\n<p class=\"wp-block-paragraph\">Desde que Flavia Palmiero se instal\u00f3 en Miami no para de sumar followers en su perfil de Instagram. La conductora no se guada nada en las redes.<\/p>\n\n\n\n<p class=\"wp-block-paragraph\"><strong>\u00abEn bikini forever\u00bb, poste\u00f3 Flavia Palmiero<\/strong>&nbsp;desde las playas de Miami luciendo parte de su colecci\u00f3n personal. Bajo al sol y \u00absin complejos\u00bb, como ella misma escribi\u00f3,&nbsp;<strong>la conductora de 55 a\u00f1os crece como empresaria y modelo de sus propios dise\u00f1os.<\/strong><\/p>\n\n\n\n<p class=\"wp-block-paragraph\">\u00ab<strong>Gracias Fla por mostrarte sin filtro<\/strong>. Nos hace sentir bien a todas las mujeres\u00bb, destaca una seguidora<strong>\u00a0sobre sus fotos en bikini, sin photoshop.<\/strong><\/p>\n\n\n\n<p class=\"wp-block-paragraph\"><strong>Flavia Palmiero decidi\u00f3 romper el molde y mostrarse tal cual es<\/strong>&nbsp;(diosa, por cierto) en las redes sociales donde, adem\u00e1s de lucir sus dise\u00f1os de traje de ba\u00f1o, tambi\u00e9n&nbsp;<strong>dispara con lengua filosa.<\/strong><\/p>\n\n\n\n<p class=\"wp-block-paragraph\">Los comentarios m\u00e1s fuertes y en los que se muestra realmente sin filtro se dan en\u00a0<a rel=\"noreferrer noopener\" href=\"https:\/\/twitter.com\/flaviapalmiero\" target=\"_blank\">Twitter<\/a>. En su perfil, en medio del\u00a0<strong>esc\u00e1ndalo de Wanda Nara, Mauro Icardi y la China Su\u00e1rez<\/strong>, tir\u00f3 tuits como: \u00abMenos es m\u00e1s siempre.\u00a0<strong>Gente que aparentemente tiene demasiado y no le sirve para nada<\/strong>\u00ab; aunque nunca se\u00f1al\u00f3 que hiciera referencia a dicho \u00abchusmer\u00edo\u00bb.<\/p>\n\n\n\n<p class=\"wp-block-paragraph\">Lo que s\u00ed dej\u00f3 en claro es que&nbsp;<strong>se puso del lado de la China Su\u00e1rez<\/strong>&nbsp;al retuitear un mensaje que dec\u00eda: \u00abLa China Su\u00e1rez sali\u00f3 a dar su versi\u00f3n porque todo el mundo la atacaba. Pero&nbsp;<strong>ella no est\u00e1 obligada a darle explicaciones a nadie<\/strong>. Te guste o no que se haya escrito con Icardi, es una mujer libre. El que tiene que darle explicaciones a Wanda, si le interesa, es Icardi\u00bb.<\/p>\n\n\n\n<p class=\"wp-block-paragraph\"><strong>Te puede interesar:&nbsp;<a href=\"https:\/\/www.diariouno.com.ar\/farandula\/se-puso-su-lado-la-china-suarez-clavo-un-hot-jeans-y-la-enemiga-wanda-estallo-n872151\" target=\"_blank\" rel=\"noreferrer noopener\">\u00a1Se puso de su lado! La China Su\u00e1rez clav\u00f3 un hot jeans y la enemiga de Wanda Nara estall\u00f3<\/a><\/strong><\/p>\n\n\n\n<p class=\"wp-block-paragraph\">Mientras que el otro comentario que dispar\u00f3 fue en tono de humor, cuando se desat\u00f3 el esc\u00e1ndalo: \u00ab\u00bfQui\u00e9n con qui\u00e9n ? Ya me perd\u00ed. Para mi, est\u00e1n todos en un grupo de WhatsApp y se est\u00e1n riendo\u00bb.<\/p>\n\n\n\n<p class=\"wp-block-paragraph\">Pero<strong>&nbsp;los que m\u00e1s llamaron la atenci\u00f3n en las \u00faltimas horas fueron los mensajitos direccionados que tir\u00f3 este fin de semana<\/strong>, dirigidos a las \u00abchicas\u00bb en general: \u00abSaquens\u00e9 los filtros. Dios m\u00edo\u00bb. Y como si algo faltaba dispar\u00f3:&nbsp;<strong>\u00abLa piel y el buen gusto no se compran en ning\u00fan shopping\u00bb<\/strong>. \u00abAv\u00edsale a Icardi y Wanda Nara\u00bb, le contestaron inmediatamente. \u00bfSer\u00e1 que se refer\u00eda a ellos? Lo cierto es que en Instagran, la diosa Flavia Palmiero no sigue a ninguno de los tres jugadores de la semana&#8230;<\/p>\n\n\n\n<p class=\"wp-block-paragraph\"><\/p>\n","protected":false},"excerpt":{"rendered":"<p>Desde que Flavia Palmiero se instal\u00f3 en Miami no para de sumar followers en su&#8230;<\/p>\n","protected":false},"author":2,"featured_media":0,"comment_status":"closed","ping_status":"open","sticky":false,"template":"","format":"standard","meta":{"footnotes":""},"categories":[1],"tags":[],"class_list":["post-88907","post","type-post","status-publish","format-standard","hentry","category-sin-categoria"],"featured_image_urls":{"full":"","thumbnail":"","medium":"","medium_large":"","large":"","1536x1536":"","2048x2048":"","covernews-slider-full":"","covernews-slider-center":"","covernews-featured":"","covernews-medium":"","covernews-medium-square":""},"author_info":{"info":["Jorge Matheus"]},"category_info":"<a href=\"https:\/\/infoecos.com.ar\/index.php\/category\/sin-categoria\/\" rel=\"category tag\">Sin categor\u00eda<\/a>","tag_info":"Sin categor\u00eda","comment_count":"0","_links":{"self":[{"href":"https:\/\/infoecos.com.ar\/index.php\/wp-json\/wp\/v2\/posts\/88907","targetHints":{"allow":["GET"]}}],"collection":[{"href":"https:\/\/infoecos.com.ar\/index.php\/wp-json\/wp\/v2\/posts"}],"about":[{"href":"https:\/\/infoecos.com.ar\/index.php\/wp-json\/wp\/v2\/types\/post"}],"author":[{"embeddable":true,"href":"https:\/\/infoecos.com.ar\/index.php\/wp-json\/wp\/v2\/users\/2"}],"replies":[{"embeddable":true,"href":"https:\/\/infoecos.com.ar\/index.php\/wp-json\/wp\/v2\/comments?post=88907"}],"version-history":[{"count":1,"href":"https:\/\/infoecos.com.ar\/index.php\/wp-json\/wp\/v2\/posts\/88907\/revisions"}],"predecessor-version":[{"id":88908,"href":"https:\/\/infoecos.com.ar\/index.php\/wp-json\/wp\/v2\/posts\/88907\/revisions\/88908"}],"wp:attachment":[{"href":"https:\/\/infoecos.com.ar\/index.php\/wp-json\/wp\/v2\/media?parent=88907"}],"wp:term":[{"taxonomy":"category","embeddable":true,"href":"https:\/\/infoecos.com.ar\/index.php\/wp-json\/wp\/v2\/categories?post=88907"},{"taxonomy":"post_tag","embeddable":true,"href":"https:\/\/infoecos.com.ar\/index.php\/wp-json\/wp\/v2\/tags?post=88907"}],"curies":[{"name":"wp","href":"https:\/\/api.w.org\/{rel}","templated":true}]}}