{"id":88909,"date":"2021-10-27T03:35:35","date_gmt":"2021-10-27T06:35:35","guid":{"rendered":"http:\/\/infoecos.com.ar\/?p=88909"},"modified":"2021-10-27T03:35:37","modified_gmt":"2021-10-27T06:35:37","slug":"el-intendente-de-carlos-casares-anuncio-que-el-1-de-noviembre-habra-mas-pases-a-planta-permanente-de-personal-municipal","status":"publish","type":"post","link":"https:\/\/infoecos.com.ar\/index.php\/el-intendente-de-carlos-casares-anuncio-que-el-1-de-noviembre-habra-mas-pases-a-planta-permanente-de-personal-municipal\/","title":{"rendered":"El intendente de Carlos Casares anunci\u00f3 que el 1\u00b0 de Noviembre habr\u00e1 m\u00e1s pases a planta permanente de personal municipal"},"content":{"rendered":"\n<p class=\"wp-block-paragraph\">El Intendente Municipal, Walter Torchio anunci\u00f3 que se llevar\u00e1n adelante nombramientos a partir del 1\u00b0 de noviembre dentro del plan de pase de planta temporaria a planta permanente.<\/p>\n\n\n\n<div class=\"wp-block-image is-style-default\"><figure class=\"aligncenter size-medium\"><img loading=\"lazy\" decoding=\"async\" width=\"460\" height=\"308\" src=\"http:\/\/infoecos.com.ar\/wp-content\/uploads\/2021\/10\/Intendente-Torchio-460x308.jpg\" alt=\"\" class=\"wp-image-88910\" srcset=\"https:\/\/infoecos.com.ar\/wp-content\/uploads\/2021\/10\/Intendente-Torchio-460x308.jpg 460w, https:\/\/infoecos.com.ar\/wp-content\/uploads\/2021\/10\/Intendente-Torchio-920x615.jpg 920w, https:\/\/infoecos.com.ar\/wp-content\/uploads\/2021\/10\/Intendente-Torchio-768x514.jpg 768w, https:\/\/infoecos.com.ar\/wp-content\/uploads\/2021\/10\/Intendente-Torchio-1024x685.jpg 1024w, https:\/\/infoecos.com.ar\/wp-content\/uploads\/2021\/10\/Intendente-Torchio-675x450.jpg 675w, https:\/\/infoecos.com.ar\/wp-content\/uploads\/2021\/10\/Intendente-Torchio.jpg 1280w\" sizes=\"auto, (max-width: 460px) 100vw, 460px\" \/><\/figure><\/div>\n\n\n\n<p class=\"wp-block-paragraph\">\u201cCuando asumimos la gesti\u00f3n me compromet\u00ed a sacar de la precariedad a nuestros trabajadores y darle la seguridad laboral que ellos requer\u00edan\u201d, expres\u00f3 el Intendente. \u00abSobre esto, los n\u00fameros marcan que en enero del 2.012 solo el 55% de los trabajadores municipales estaban en planta permanente y el 45 % eran temporales; en el mes de noviembre de este 2021, el 78% de ellos ya estar\u00e1n incorporados a la planta permanente y tan solo quedaba un 22% en temporarios\u00bb, se\u00f1al\u00f3 Torchio. <\/p>\n\n\n\n<p class=\"wp-block-paragraph\">\u201cHemos hecho un enorme esfuerzo entendiendo que adem\u00e1s de los aumentos salariales, un derecho que cada trabajador necesita es justamente esto, tener la seguridad laboral\u201d, manifest\u00f3 m\u00e1s adelante. Se\u00f1al\u00f3 que sostendr\u00e1 su compromiso en este sentido como en el aumento salarial, y cerr\u00f3 remarcando, \u201csoy un agradecido al esfuerzo de todos y en ello va mi reconocimiento\u201d.<\/p>\n","protected":false},"excerpt":{"rendered":"<p>Se\u00f1al\u00f3 que sostendr\u00e1 su compromiso en este sentido como en el aumento salarial<\/p>\n","protected":false},"author":2,"featured_media":88910,"comment_status":"closed","ping_status":"open","sticky":false,"template":"","format":"standard","meta":{"footnotes":""},"categories":[28],"tags":[5558],"class_list":["post-88909","post","type-post","status-publish","format-standard","has-post-thumbnail","hentry","category-c1nota1","tag-agradecimiento-de-torchio"],"featured_image_urls":{"full":["https:\/\/infoecos.com.ar\/wp-content\/uploads\/2021\/10\/Intendente-Torchio.jpg",1280,856,false],"thumbnail":["https:\/\/infoecos.com.ar\/wp-content\/uploads\/2021\/10\/Intendente-Torchio-150x150.jpg",150,150,true],"medium":["https:\/\/infoecos.com.ar\/wp-content\/uploads\/2021\/10\/Intendente-Torchio-460x308.jpg",460,308,true],"medium_large":["https:\/\/infoecos.com.ar\/wp-content\/uploads\/2021\/10\/Intendente-Torchio-768x514.jpg",640,428,true],"large":["https:\/\/infoecos.com.ar\/wp-content\/uploads\/2021\/10\/Intendente-Torchio-920x615.jpg",640,428,true],"1536x1536":["https:\/\/infoecos.com.ar\/wp-content\/uploads\/2021\/10\/Intendente-Torchio.jpg",1280,856,false],"2048x2048":["https:\/\/infoecos.com.ar\/wp-content\/uploads\/2021\/10\/Intendente-Torchio.jpg",1280,856,false],"covernews-slider-full":["https:\/\/infoecos.com.ar\/wp-content\/uploads\/2021\/10\/Intendente-Torchio.jpg",1069,715,false],"covernews-slider-center":["https:\/\/infoecos.com.ar\/wp-content\/uploads\/2021\/10\/Intendente-Torchio-936x856.jpg",547,500,true],"covernews-featured":["https:\/\/infoecos.com.ar\/wp-content\/uploads\/2021\/10\/Intendente-Torchio-1024x685.jpg",1024,685,true],"covernews-medium":["https:\/\/infoecos.com.ar\/wp-content\/uploads\/2021\/10\/Intendente-Torchio-720x380.jpg",540,285,true],"covernews-medium-square":["https:\/\/infoecos.com.ar\/wp-content\/uploads\/2021\/10\/Intendente-Torchio-675x450.jpg",375,250,true]},"author_info":{"info":["Jorge Matheus"]},"category_info":"<a href=\"https:\/\/infoecos.com.ar\/index.php\/category\/c1nota1\/\" rel=\"category tag\">C1 N1<\/a>","tag_info":"C1 N1","comment_count":"0","_links":{"self":[{"href":"https:\/\/infoecos.com.ar\/index.php\/wp-json\/wp\/v2\/posts\/88909","targetHints":{"allow":["GET"]}}],"collection":[{"href":"https:\/\/infoecos.com.ar\/index.php\/wp-json\/wp\/v2\/posts"}],"about":[{"href":"https:\/\/infoecos.com.ar\/index.php\/wp-json\/wp\/v2\/types\/post"}],"author":[{"embeddable":true,"href":"https:\/\/infoecos.com.ar\/index.php\/wp-json\/wp\/v2\/users\/2"}],"replies":[{"embeddable":true,"href":"https:\/\/infoecos.com.ar\/index.php\/wp-json\/wp\/v2\/comments?post=88909"}],"version-history":[{"count":1,"href":"https:\/\/infoecos.com.ar\/index.php\/wp-json\/wp\/v2\/posts\/88909\/revisions"}],"predecessor-version":[{"id":88911,"href":"https:\/\/infoecos.com.ar\/index.php\/wp-json\/wp\/v2\/posts\/88909\/revisions\/88911"}],"wp:featuredmedia":[{"embeddable":true,"href":"https:\/\/infoecos.com.ar\/index.php\/wp-json\/wp\/v2\/media\/88910"}],"wp:attachment":[{"href":"https:\/\/infoecos.com.ar\/index.php\/wp-json\/wp\/v2\/media?parent=88909"}],"wp:term":[{"taxonomy":"category","embeddable":true,"href":"https:\/\/infoecos.com.ar\/index.php\/wp-json\/wp\/v2\/categories?post=88909"},{"taxonomy":"post_tag","embeddable":true,"href":"https:\/\/infoecos.com.ar\/index.php\/wp-json\/wp\/v2\/tags?post=88909"}],"curies":[{"name":"wp","href":"https:\/\/api.w.org\/{rel}","templated":true}]}}