{"id":88935,"date":"2021-10-27T14:04:32","date_gmt":"2021-10-27T17:04:32","guid":{"rendered":"http:\/\/infoecos.com.ar\/?p=88935"},"modified":"2021-10-27T14:04:33","modified_gmt":"2021-10-27T17:04:33","slug":"este-jueves-se-depositaran-los-sueldos-del-personal-municipal-de-trenque-lauquen","status":"publish","type":"post","link":"https:\/\/infoecos.com.ar\/index.php\/este-jueves-se-depositaran-los-sueldos-del-personal-municipal-de-trenque-lauquen\/","title":{"rendered":"Este jueves se depositar\u00e1n los sueldos del personal municipal de Trenque Lauquen"},"content":{"rendered":"\n<p class=\"wp-block-paragraph\">El Municipio de Trenque Lauquen depositar\u00e1 este jueves los sueldos del personal correspondientes al mes de octubre, quedando acreditados el viernes en las cuentas de los empleados para su retiro.<\/p>\n\n\n\n<div class=\"wp-block-image is-style-default\"><figure class=\"aligncenter size-medium\"><img decoding=\"async\" src=\"http:\/\/infoecos.com.ar\/wp-content\/uploads\/DSC02853-460x345.jpg\" alt=\"\" class=\"wp-image-16326\"\/><figcaption>Trenque Lauquen &#8211; Municipalidad (archivo)<\/figcaption><\/figure><\/div>\n\n\n\n<p class=\"wp-block-paragraph\">La masa salarial asciende a <strong>171.503.349,59<\/strong> de pesos y contempla tambi\u00e9n <strong>el pago del premio por el D\u00eda del Empleado Municipal, 12.211.072,00 pesos<\/strong>.<\/p>\n\n\n\n<p class=\"wp-block-paragraph\">En agosto el personal activo y jubilados recibi\u00f3 una suba del 6 por ciento que se sum\u00f3 a un 7,5 por ciento de febrero, un 8 por ciento de marzo y a otro 6 por ciento en julio, siempre acumulativo, y en noviembre pr\u00f3ximo, como ya se adelant\u00f3 ayer (martes), habr\u00e1 otro 10 por ciento para completar un aumento anual del 44 por ciento.<\/p>\n\n\n\n<p class=\"wp-block-paragraph\">Con el nuevo incremento desde noviembre la masa salarial mensual que deber\u00e1 erogar el Municipio ser\u00e1 de 175.000.000 de pesos.<\/p>\n","protected":false},"excerpt":{"rendered":"<p>Correspondientes al mes de octubre, quedando acreditados el viernes en las cuentas de los empleados para su retiro<\/p>\n","protected":false},"author":2,"featured_media":16326,"comment_status":"closed","ping_status":"open","sticky":false,"template":"","format":"standard","meta":{"footnotes":""},"categories":[1613],"tags":[],"class_list":["post-88935","post","type-post","status-publish","format-standard","has-post-thumbnail","hentry","category-noticia-secundaria"],"featured_image_urls":{"full":"","thumbnail":"","medium":"","medium_large":"","large":"","1536x1536":"","2048x2048":"","covernews-slider-full":"","covernews-slider-center":"","covernews-featured":"","covernews-medium":"","covernews-medium-square":""},"author_info":{"info":["Jorge Matheus"]},"category_info":"<a href=\"https:\/\/infoecos.com.ar\/index.php\/category\/noticia-secundaria\/\" rel=\"category tag\">Noticia Secundaria<\/a>","tag_info":"Noticia Secundaria","comment_count":"0","_links":{"self":[{"href":"https:\/\/infoecos.com.ar\/index.php\/wp-json\/wp\/v2\/posts\/88935","targetHints":{"allow":["GET"]}}],"collection":[{"href":"https:\/\/infoecos.com.ar\/index.php\/wp-json\/wp\/v2\/posts"}],"about":[{"href":"https:\/\/infoecos.com.ar\/index.php\/wp-json\/wp\/v2\/types\/post"}],"author":[{"embeddable":true,"href":"https:\/\/infoecos.com.ar\/index.php\/wp-json\/wp\/v2\/users\/2"}],"replies":[{"embeddable":true,"href":"https:\/\/infoecos.com.ar\/index.php\/wp-json\/wp\/v2\/comments?post=88935"}],"version-history":[{"count":1,"href":"https:\/\/infoecos.com.ar\/index.php\/wp-json\/wp\/v2\/posts\/88935\/revisions"}],"predecessor-version":[{"id":88936,"href":"https:\/\/infoecos.com.ar\/index.php\/wp-json\/wp\/v2\/posts\/88935\/revisions\/88936"}],"wp:attachment":[{"href":"https:\/\/infoecos.com.ar\/index.php\/wp-json\/wp\/v2\/media?parent=88935"}],"wp:term":[{"taxonomy":"category","embeddable":true,"href":"https:\/\/infoecos.com.ar\/index.php\/wp-json\/wp\/v2\/categories?post=88935"},{"taxonomy":"post_tag","embeddable":true,"href":"https:\/\/infoecos.com.ar\/index.php\/wp-json\/wp\/v2\/tags?post=88935"}],"curies":[{"name":"wp","href":"https:\/\/api.w.org\/{rel}","templated":true}]}}