{"id":88945,"date":"2021-10-27T15:18:44","date_gmt":"2021-10-27T18:18:44","guid":{"rendered":"http:\/\/infoecos.com.ar\/?p=88945"},"modified":"2021-10-30T15:12:47","modified_gmt":"2021-10-30T18:12:47","slug":"la-semana-proxima-comenzaran-a-vacunar-con-terceras-dosis-en-la-provincia-de-buenos-aires","status":"publish","type":"post","link":"https:\/\/infoecos.com.ar\/index.php\/la-semana-proxima-comenzaran-a-vacunar-con-terceras-dosis-en-la-provincia-de-buenos-aires\/","title":{"rendered":"La semana pr\u00f3xima comenzar\u00e1n a vacunar con terceras dosis en la provincia de Buenos Aires"},"content":{"rendered":"\n<p class=\"wp-block-paragraph\">La provincia de Buenos Aires comenzar\u00e1 la semana pr\u00f3xima a vacunar con terceras dosis a todas las personas inmunocomprometidas y a los mayores de 50 a\u00f1os que tengan dos dosis de Sinopharm, y los turnos se enviar\u00e1n de manera autom\u00e1tica sin necesidad de reinscripci\u00f3n, anunci\u00f3 el ministro de Salud bonaerense,&nbsp;<strong>Nicol\u00e1s Kreplak<\/strong>.<\/p>\n\n\n\n<p class=\"wp-block-paragraph\">\u00abLa semana que viene comenzamos a vacunar con terceras dosis a todas las personas inmunocomprometidas y a las que est\u00e9n vacunadas con Sinopharm y sean mayores de 50 a\u00f1os\u00bb, poste\u00f3 el funcionario en su cuenta de Twitter.<\/p>\n\n\n\n<p class=\"wp-block-paragraph\">La medida va en l\u00ednea con lo anunciado por la ministra de Salud, Carla Vizzotti, quien adelant\u00f3 que las personas inmunocomprometidas desde los 3 a\u00f1os en adelante y los mayores de 50 a\u00f1os que recibieron la vacuna de Sinopharm ser\u00e1n inoculadas con una tercera dosis para completar sus esquemas primarios.<\/p>\n\n\n\n<figure class=\"wp-block-embed is-type-rich is-provider-twitter wp-block-embed-twitter\"><div class=\"wp-block-embed__wrapper\">\n<blockquote class=\"twitter-tweet\" data-width=\"550\" data-dnt=\"true\"><p lang=\"es\" dir=\"ltr\">Desde la semana que viene comenzamos a vacunar con tercera dosis a todas las personas inmunocomprometidas y a las que est\u00e9n vacunadas con Sinopharm y sean mayores de 50 a\u00f1os. Los turnos se env\u00edan de manera autom\u00e1tica sin necesidad de reinscribirse<br><br>+ info: <a href=\"https:\/\/t.co\/RfDqC2OQwl\">https:\/\/t.co\/RfDqC2OQwl<\/a> <a href=\"https:\/\/t.co\/O61Fw1UdPu\">pic.twitter.com\/O61Fw1UdPu<\/a><\/p>&mdash; Nicol\u00e1s Kreplak (@nkreplak) <a href=\"https:\/\/twitter.com\/nkreplak\/status\/1453367334362664961?ref_src=twsrc%5Etfw\">October 27, 2021<\/a><\/blockquote><script async src=\"https:\/\/platform.twitter.com\/widgets.js\" charset=\"utf-8\"><\/script>\n<\/div><\/figure>\n\n\n\n<p class=\"wp-block-paragraph\">El total de vacunas aplicadas hasta el momento en territorio bonaerense es de&nbsp;<strong>23.113.416<\/strong>, de las cuales 13.039.973 corresponden a la primera dosis y 10.073.443 a la segunda.<\/p>\n\n\n\n<p class=\"wp-block-paragraph\">De ese total, el 94% de los mayores de 60 a\u00f1os cuentan con esquema completo, al igual que el 76% de los de entre 18 y 59 a\u00f1os.<\/p>\n","protected":false},"excerpt":{"rendered":"<p>A todas las personas inmunocomprometidas y a los mayores de 50 a\u00f1os que tengan dos dosis de Sinopharm<\/p>\n","protected":false},"author":2,"featured_media":76830,"comment_status":"closed","ping_status":"open","sticky":false,"template":"","format":"standard","meta":{"footnotes":""},"categories":[46],"tags":[5566],"class_list":["post-88945","post","type-post","status-publish","format-standard","has-post-thumbnail","hentry","category-c2nota2","tag-lo-anuncio-nicolas-kreplak"],"featured_image_urls":{"full":["https:\/\/infoecos.com.ar\/wp-content\/uploads\/2021\/03\/Nicolas-Kreplak-coronavirus.jpg",1192,664,false],"thumbnail":["https:\/\/infoecos.com.ar\/wp-content\/uploads\/2021\/03\/Nicolas-Kreplak-coronavirus-150x150.jpg",150,150,true],"medium":["https:\/\/infoecos.com.ar\/wp-content\/uploads\/2021\/03\/Nicolas-Kreplak-coronavirus-460x256.jpg",460,256,true],"medium_large":["https:\/\/infoecos.com.ar\/wp-content\/uploads\/2021\/03\/Nicolas-Kreplak-coronavirus-768x428.jpg",640,357,true],"large":["https:\/\/infoecos.com.ar\/wp-content\/uploads\/2021\/03\/Nicolas-Kreplak-coronavirus-920x512.jpg",640,356,true],"1536x1536":["https:\/\/infoecos.com.ar\/wp-content\/uploads\/2021\/03\/Nicolas-Kreplak-coronavirus.jpg",1192,664,false],"2048x2048":["https:\/\/infoecos.com.ar\/wp-content\/uploads\/2021\/03\/Nicolas-Kreplak-coronavirus.jpg",1192,664,false],"covernews-slider-full":["https:\/\/infoecos.com.ar\/wp-content\/uploads\/2021\/03\/Nicolas-Kreplak-coronavirus.jpg",1115,621,false],"covernews-slider-center":["https:\/\/infoecos.com.ar\/wp-content\/uploads\/2021\/03\/Nicolas-Kreplak-coronavirus-936x664.jpg",705,500,true],"covernews-featured":["https:\/\/infoecos.com.ar\/wp-content\/uploads\/2021\/03\/Nicolas-Kreplak-coronavirus-1024x570.jpg",1024,570,true],"covernews-medium":["https:\/\/infoecos.com.ar\/wp-content\/uploads\/2021\/03\/Nicolas-Kreplak-coronavirus-720x380.jpg",540,285,true],"covernews-medium-square":["https:\/\/infoecos.com.ar\/wp-content\/uploads\/2021\/03\/Nicolas-Kreplak-coronavirus-675x450.jpg",375,250,true]},"author_info":{"info":["Jorge Matheus"]},"category_info":"<a href=\"https:\/\/infoecos.com.ar\/index.php\/category\/c2nota2\/\" rel=\"category tag\">C2 N2<\/a>","tag_info":"C2 N2","comment_count":"0","_links":{"self":[{"href":"https:\/\/infoecos.com.ar\/index.php\/wp-json\/wp\/v2\/posts\/88945","targetHints":{"allow":["GET"]}}],"collection":[{"href":"https:\/\/infoecos.com.ar\/index.php\/wp-json\/wp\/v2\/posts"}],"about":[{"href":"https:\/\/infoecos.com.ar\/index.php\/wp-json\/wp\/v2\/types\/post"}],"author":[{"embeddable":true,"href":"https:\/\/infoecos.com.ar\/index.php\/wp-json\/wp\/v2\/users\/2"}],"replies":[{"embeddable":true,"href":"https:\/\/infoecos.com.ar\/index.php\/wp-json\/wp\/v2\/comments?post=88945"}],"version-history":[{"count":1,"href":"https:\/\/infoecos.com.ar\/index.php\/wp-json\/wp\/v2\/posts\/88945\/revisions"}],"predecessor-version":[{"id":88946,"href":"https:\/\/infoecos.com.ar\/index.php\/wp-json\/wp\/v2\/posts\/88945\/revisions\/88946"}],"wp:featuredmedia":[{"embeddable":true,"href":"https:\/\/infoecos.com.ar\/index.php\/wp-json\/wp\/v2\/media\/76830"}],"wp:attachment":[{"href":"https:\/\/infoecos.com.ar\/index.php\/wp-json\/wp\/v2\/media?parent=88945"}],"wp:term":[{"taxonomy":"category","embeddable":true,"href":"https:\/\/infoecos.com.ar\/index.php\/wp-json\/wp\/v2\/categories?post=88945"},{"taxonomy":"post_tag","embeddable":true,"href":"https:\/\/infoecos.com.ar\/index.php\/wp-json\/wp\/v2\/tags?post=88945"}],"curies":[{"name":"wp","href":"https:\/\/api.w.org\/{rel}","templated":true}]}}