{"id":88980,"date":"2021-11-02T10:17:35","date_gmt":"2021-11-02T13:17:35","guid":{"rendered":"http:\/\/infoecos.com.ar\/?p=88980"},"modified":"2021-11-03T16:51:47","modified_gmt":"2021-11-03T19:51:47","slug":"ahora-son-dos-los-casos-activos-de-covid-19-en-el-distrito-de-trenque-lauquen","status":"publish","type":"post","link":"https:\/\/infoecos.com.ar\/index.php\/ahora-son-dos-los-casos-activos-de-covid-19-en-el-distrito-de-trenque-lauquen\/","title":{"rendered":"Ahora son dos los casos activos de COVID-19 en el distrito de Trenque Lauquen"},"content":{"rendered":"\n<p class=\"wp-block-paragraph\">Un caso confirmado de Covid-19, 37 casos descartados, 19 casos sospechosos y dos personas en aislamiento fueron reportados este martes por la subsecretar\u00eda de Salud municipal de Trenque Lauquen.<\/p>\n\n\n\n<p class=\"wp-block-paragraph\">Con el nuevo caso positivo, que fue detectado por testeo y corresponde a Trenque Lauquen, son dos los casos activos en el distrito, uno perteneciente a la ciudad cabecera y el otro a Treinta de Agosto; ambos se encuentran en sus domicilios.<\/p>\n\n\n\n<div class=\"wp-block-image is-style-default\"><figure class=\"aligncenter size-medium\"><img loading=\"lazy\" decoding=\"async\" width=\"460\" height=\"434\" src=\"http:\/\/infoecos.com.ar\/wp-content\/uploads\/2021\/11\/f24b781a-9af7-4eea-9535-50787dbbb0c3-460x434.jpg\" alt=\"\" class=\"wp-image-88981\" srcset=\"https:\/\/infoecos.com.ar\/wp-content\/uploads\/2021\/11\/f24b781a-9af7-4eea-9535-50787dbbb0c3-460x434.jpg 460w, https:\/\/infoecos.com.ar\/wp-content\/uploads\/2021\/11\/f24b781a-9af7-4eea-9535-50787dbbb0c3-768x725.jpg 768w, https:\/\/infoecos.com.ar\/wp-content\/uploads\/2021\/11\/f24b781a-9af7-4eea-9535-50787dbbb0c3.jpg 800w\" sizes=\"auto, (max-width: 460px) 100vw, 460px\" \/><\/figure><\/div>\n\n\n\n<p class=\"wp-block-paragraph\">Las dos personas en aislamiento son de Treinta de Agosto y de los 19 casos sospechosos, 11 son de Trenque Lauquen y ocho de Treinta de Agosto.<\/p>\n\n\n\n<p class=\"wp-block-paragraph\">De los 37 casos descartados, 34 corresponden a Trenque Lauquen, uno a Beruti y dos a Girod\u00edas. Entre marzo de 2020, cuando comenz\u00f3 la pandemia, y la fecha, fueron descartados 23.738 casos.<\/p>\n\n\n\n<p class=\"wp-block-paragraph\">La cartera sanitaria municipal recomienda no relajarse en los cuidados preventivos b\u00e1sicos para mantener esta situaci\u00f3n epidemiol\u00f3gica del distrito que permite disfrutar de flexibilidades y posibilidades de desarrollar actividades hasta hace poco vedadas.<\/p>\n\n\n\n<p class=\"wp-block-paragraph\">Asimismo recuerda que la r\u00e1pida detecci\u00f3n de un caso positivo -y el posterior aislamiento correspondiente-, sigue siendo una de las herramientas determinantes para impedir la propagaci\u00f3n del virus. Y solicita que de registrarse un caso positivo, se informe de manera inmediata los contactos para adoptar los recaudos previstos.<\/p>\n\n\n\n<p class=\"wp-block-paragraph\">El \u00e1rea de Epidemiolog\u00eda del Hospital Orellana destaca la continuidad en la buena concurrencia de vecinas y vecinos que a diario y de manera voluntaria sacan turno o se acercan en forma espont\u00e1nea hasta el Centro Municipal de Testeo para hisoparse, y alienta a mantener esa actitud ante la aparici\u00f3n de alguno de los s\u00edntomas descriptos en el cuadro de probables casos de Covid-19.<\/p>\n","protected":false},"excerpt":{"rendered":"<p>Las dos personas en aislamiento son de Treinta de Agosto y de los 19 casos sospechosos, 11 son de Trenque Lauquen y ocho de Treinta de Agosto<\/p>\n","protected":false},"author":2,"featured_media":61903,"comment_status":"closed","ping_status":"open","sticky":false,"template":"","format":"standard","meta":{"footnotes":""},"categories":[41],"tags":[],"class_list":["post-88980","post","type-post","status-publish","format-standard","has-post-thumbnail","hentry","category-inferior2"],"featured_image_urls":{"full":["https:\/\/infoecos.com.ar\/wp-content\/uploads\/vacuna-coronavirus.jpg",720,405,false],"thumbnail":["https:\/\/infoecos.com.ar\/wp-content\/uploads\/vacuna-coronavirus-150x150.jpg",150,150,true],"medium":["https:\/\/infoecos.com.ar\/wp-content\/uploads\/vacuna-coronavirus-460x259.jpg",460,259,true],"medium_large":["https:\/\/infoecos.com.ar\/wp-content\/uploads\/vacuna-coronavirus.jpg",640,360,false],"large":["https:\/\/infoecos.com.ar\/wp-content\/uploads\/vacuna-coronavirus.jpg",640,360,false],"1536x1536":["https:\/\/infoecos.com.ar\/wp-content\/uploads\/vacuna-coronavirus.jpg",720,405,false],"2048x2048":["https:\/\/infoecos.com.ar\/wp-content\/uploads\/vacuna-coronavirus.jpg",720,405,false],"covernews-slider-full":["https:\/\/infoecos.com.ar\/wp-content\/uploads\/vacuna-coronavirus.jpg",720,405,false],"covernews-slider-center":["https:\/\/infoecos.com.ar\/wp-content\/uploads\/vacuna-coronavirus.jpg",720,405,false],"covernews-featured":["https:\/\/infoecos.com.ar\/wp-content\/uploads\/vacuna-coronavirus.jpg",720,405,false],"covernews-medium":["https:\/\/infoecos.com.ar\/wp-content\/uploads\/vacuna-coronavirus-720x380.jpg",540,285,true],"covernews-medium-square":["https:\/\/infoecos.com.ar\/wp-content\/uploads\/vacuna-coronavirus-675x405.jpg",400,240,true]},"author_info":{"info":["Jorge Matheus"]},"category_info":"<a href=\"https:\/\/infoecos.com.ar\/index.php\/category\/inferior2\/\" rel=\"category tag\">Bloque inferior - 2<\/a>","tag_info":"Bloque inferior - 2","comment_count":"0","_links":{"self":[{"href":"https:\/\/infoecos.com.ar\/index.php\/wp-json\/wp\/v2\/posts\/88980","targetHints":{"allow":["GET"]}}],"collection":[{"href":"https:\/\/infoecos.com.ar\/index.php\/wp-json\/wp\/v2\/posts"}],"about":[{"href":"https:\/\/infoecos.com.ar\/index.php\/wp-json\/wp\/v2\/types\/post"}],"author":[{"embeddable":true,"href":"https:\/\/infoecos.com.ar\/index.php\/wp-json\/wp\/v2\/users\/2"}],"replies":[{"embeddable":true,"href":"https:\/\/infoecos.com.ar\/index.php\/wp-json\/wp\/v2\/comments?post=88980"}],"version-history":[{"count":1,"href":"https:\/\/infoecos.com.ar\/index.php\/wp-json\/wp\/v2\/posts\/88980\/revisions"}],"predecessor-version":[{"id":88982,"href":"https:\/\/infoecos.com.ar\/index.php\/wp-json\/wp\/v2\/posts\/88980\/revisions\/88982"}],"wp:featuredmedia":[{"embeddable":true,"href":"https:\/\/infoecos.com.ar\/index.php\/wp-json\/wp\/v2\/media\/61903"}],"wp:attachment":[{"href":"https:\/\/infoecos.com.ar\/index.php\/wp-json\/wp\/v2\/media?parent=88980"}],"wp:term":[{"taxonomy":"category","embeddable":true,"href":"https:\/\/infoecos.com.ar\/index.php\/wp-json\/wp\/v2\/categories?post=88980"},{"taxonomy":"post_tag","embeddable":true,"href":"https:\/\/infoecos.com.ar\/index.php\/wp-json\/wp\/v2\/tags?post=88980"}],"curies":[{"name":"wp","href":"https:\/\/api.w.org\/{rel}","templated":true}]}}