{"id":88994,"date":"2021-11-03T17:48:29","date_gmt":"2021-11-03T20:48:29","guid":{"rendered":"http:\/\/infoecos.com.ar\/?p=88994"},"modified":"2021-11-03T17:54:11","modified_gmt":"2021-11-03T20:54:11","slug":"asueto-para-los-agentes-municipales-de-trenque-lauquen-el-proximo-lunes","status":"publish","type":"post","link":"https:\/\/infoecos.com.ar\/index.php\/asueto-para-los-agentes-municipales-de-trenque-lauquen-el-proximo-lunes\/","title":{"rendered":"Asueto para los agentes municipales de Trenque Lauquen, el pr\u00f3ximo lunes"},"content":{"rendered":"\n<p class=\"wp-block-paragraph\">El Departamento Ejecutivo de Trenque Lauquen declar\u00f3 asueto para los agentes que desempe\u00f1en funciones en la municipalidad, Delegaciones y Subdelegaciones el pr\u00f3ximo lunes, 8 de noviembre, en virtud de celebrarse el D\u00eda del Empleado Municipal.<\/p>\n\n\n\n<div class=\"wp-block-image is-style-default\"><figure class=\"aligncenter size-medium\"><img loading=\"lazy\" decoding=\"async\" width=\"460\" height=\"306\" src=\"http:\/\/infoecos.com.ar\/wp-content\/uploads\/2021\/08\/Municipalidad-1-460x306.jpeg\" alt=\"\" class=\"wp-image-84447\" srcset=\"https:\/\/infoecos.com.ar\/wp-content\/uploads\/2021\/08\/Municipalidad-1-460x306.jpeg 460w, https:\/\/infoecos.com.ar\/wp-content\/uploads\/2021\/08\/Municipalidad-1-768x511.jpeg 768w, https:\/\/infoecos.com.ar\/wp-content\/uploads\/2021\/08\/Municipalidad-1-675x450.jpeg 675w, https:\/\/infoecos.com.ar\/wp-content\/uploads\/2021\/08\/Municipalidad-1.jpeg 902w\" sizes=\"auto, (max-width: 460px) 100vw, 460px\" \/><\/figure><\/div>\n\n\n\n<p class=\"wp-block-paragraph\">El art\u00edculo 140 de la Ordenanza n\u00b04495\/16 (Estatuto para el Personal de la Municipalidad de Trenque Lauquen), agrega la informaci\u00f3n oficial, dispone que las trabajadoras y los trabajadores municipales gozar\u00e1n de asueto conforme a las modalidades que establezca del Departamento Ejecutivo. <\/p>\n\n\n\n<p class=\"wp-block-paragraph\">El decreto lleva las firmas del secretario de Gobierno, Gustavo Marchabalo, y del Intendente Miguel Fern\u00e1ndez.<\/p>\n","protected":false},"excerpt":{"rendered":"<p>El decreto lleva las firmas del secretario de Gobierno, Gustavo Marchabalo, y del Intendente Miguel Fern\u00e1ndez<\/p>\n","protected":false},"author":2,"featured_media":84447,"comment_status":"closed","ping_status":"open","sticky":false,"template":"","format":"standard","meta":{"footnotes":""},"categories":[1613],"tags":[],"class_list":["post-88994","post","type-post","status-publish","format-standard","has-post-thumbnail","hentry","category-noticia-secundaria"],"featured_image_urls":{"full":["https:\/\/infoecos.com.ar\/wp-content\/uploads\/2021\/08\/Municipalidad-1.jpeg",902,600,false],"thumbnail":["https:\/\/infoecos.com.ar\/wp-content\/uploads\/2021\/08\/Municipalidad-1-150x150.jpeg",150,150,true],"medium":["https:\/\/infoecos.com.ar\/wp-content\/uploads\/2021\/08\/Municipalidad-1-460x306.jpeg",460,306,true],"medium_large":["https:\/\/infoecos.com.ar\/wp-content\/uploads\/2021\/08\/Municipalidad-1-768x511.jpeg",640,426,true],"large":["https:\/\/infoecos.com.ar\/wp-content\/uploads\/2021\/08\/Municipalidad-1.jpeg",640,426,false],"1536x1536":["https:\/\/infoecos.com.ar\/wp-content\/uploads\/2021\/08\/Municipalidad-1.jpeg",902,600,false],"2048x2048":["https:\/\/infoecos.com.ar\/wp-content\/uploads\/2021\/08\/Municipalidad-1.jpeg",902,600,false],"covernews-slider-full":["https:\/\/infoecos.com.ar\/wp-content\/uploads\/2021\/08\/Municipalidad-1.jpeg",902,600,false],"covernews-slider-center":["https:\/\/infoecos.com.ar\/wp-content\/uploads\/2021\/08\/Municipalidad-1.jpeg",752,500,false],"covernews-featured":["https:\/\/infoecos.com.ar\/wp-content\/uploads\/2021\/08\/Municipalidad-1.jpeg",902,600,false],"covernews-medium":["https:\/\/infoecos.com.ar\/wp-content\/uploads\/2021\/08\/Municipalidad-1-720x380.jpeg",540,285,true],"covernews-medium-square":["https:\/\/infoecos.com.ar\/wp-content\/uploads\/2021\/08\/Municipalidad-1-675x450.jpeg",375,250,true]},"author_info":{"info":["Jorge Matheus"]},"category_info":"<a href=\"https:\/\/infoecos.com.ar\/index.php\/category\/noticia-secundaria\/\" rel=\"category tag\">Noticia Secundaria<\/a>","tag_info":"Noticia Secundaria","comment_count":"0","_links":{"self":[{"href":"https:\/\/infoecos.com.ar\/index.php\/wp-json\/wp\/v2\/posts\/88994","targetHints":{"allow":["GET"]}}],"collection":[{"href":"https:\/\/infoecos.com.ar\/index.php\/wp-json\/wp\/v2\/posts"}],"about":[{"href":"https:\/\/infoecos.com.ar\/index.php\/wp-json\/wp\/v2\/types\/post"}],"author":[{"embeddable":true,"href":"https:\/\/infoecos.com.ar\/index.php\/wp-json\/wp\/v2\/users\/2"}],"replies":[{"embeddable":true,"href":"https:\/\/infoecos.com.ar\/index.php\/wp-json\/wp\/v2\/comments?post=88994"}],"version-history":[{"count":2,"href":"https:\/\/infoecos.com.ar\/index.php\/wp-json\/wp\/v2\/posts\/88994\/revisions"}],"predecessor-version":[{"id":88996,"href":"https:\/\/infoecos.com.ar\/index.php\/wp-json\/wp\/v2\/posts\/88994\/revisions\/88996"}],"wp:featuredmedia":[{"embeddable":true,"href":"https:\/\/infoecos.com.ar\/index.php\/wp-json\/wp\/v2\/media\/84447"}],"wp:attachment":[{"href":"https:\/\/infoecos.com.ar\/index.php\/wp-json\/wp\/v2\/media?parent=88994"}],"wp:term":[{"taxonomy":"category","embeddable":true,"href":"https:\/\/infoecos.com.ar\/index.php\/wp-json\/wp\/v2\/categories?post=88994"},{"taxonomy":"post_tag","embeddable":true,"href":"https:\/\/infoecos.com.ar\/index.php\/wp-json\/wp\/v2\/tags?post=88994"}],"curies":[{"name":"wp","href":"https:\/\/api.w.org\/{rel}","templated":true}]}}