{"id":88997,"date":"2021-11-03T18:06:34","date_gmt":"2021-11-03T21:06:34","guid":{"rendered":"http:\/\/infoecos.com.ar\/?p=88997"},"modified":"2021-11-03T18:06:36","modified_gmt":"2021-11-03T21:06:36","slug":"el-hombre-que-fue-hallado-decapitado-en-la-zona-de-chivilcoy-se-suicido","status":"publish","type":"post","link":"https:\/\/infoecos.com.ar\/index.php\/el-hombre-que-fue-hallado-decapitado-en-la-zona-de-chivilcoy-se-suicido\/","title":{"rendered":"El hombre que fue hallado decapitado en la zona de Chivilcoy, se suicid\u00f3"},"content":{"rendered":"\n<p class=\"wp-block-paragraph\">El diario El Salado difundi\u00f3\u00a0el resultado de la autopsia realizada al cad\u00e1ver del hombre de Pilar que fue hallado decapitado en el puente de la intersecci\u00f3n de Ruta Nacional n\u00famero 5 y Provincial n\u00famero 51. Se trat\u00f3 de un suicidio. El informe es categ\u00f3rico: \u201cmuerte por decapitaci\u00f3n en una ahorcadura de tipo suicida\u201c.<\/p>\n\n\n\n<div class=\"wp-block-image is-style-default\"><figure class=\"aligncenter size-medium\"><img loading=\"lazy\" decoding=\"async\" width=\"460\" height=\"255\" src=\"http:\/\/infoecos.com.ar\/wp-content\/uploads\/2021\/11\/suicidio-460x255.jpg\" alt=\"\" class=\"wp-image-88998\" srcset=\"https:\/\/infoecos.com.ar\/wp-content\/uploads\/2021\/11\/suicidio-460x255.jpg 460w, https:\/\/infoecos.com.ar\/wp-content\/uploads\/2021\/11\/suicidio.jpg 660w\" sizes=\"auto, (max-width: 460px) 100vw, 460px\" \/><\/figure><\/div>\n\n\n\n<p class=\"wp-block-paragraph\">Los medios de Bragado y Chivilcoy informaron con respecto a que ten\u00eda las manos atadas en la espalda, que eso fue producto de una maniobra f\u00edsica previa realizada por el propio ciudadano. \u00abSe at\u00f3 las manos por delante, para luego pasar las piernas y le quedaron atr\u00e1s\u00bb, se\u00f1alaron algunos voceros.<\/p>\n\n\n\n<p class=\"wp-block-paragraph\">El hombre fue identificado como\u00a0Mario Alberto Ju\u00e1rez, de 49 a\u00f1os. Era un camionero de una empresa av\u00edcola oriundo de Pilar. <\/p>\n\n\n\n<p class=\"wp-block-paragraph\">El hombre estaba vestido con un pantal\u00f3n de jogging gris con rayas negras a los lados, remera gris y un chaleco negro. Adem\u00e1s, hallaron\u00a0un tel\u00e9fono celular que sonaba continuamente y\u00a0una extensa soga que colgaba del puente<strong>.<\/strong><\/p>\n\n\n\n<p class=\"wp-block-paragraph\">La Polic\u00eda Cient\u00edfica realiz\u00f3 las tareas investigativas en el lugar a los fines de establecer lo ocurrido, con intervenci\u00f3n de la Unidad Funcional de Instrucci\u00f3n (UFI) N\u00b03 del Departamento Judicial de Mercedes.<\/p>\n","protected":false},"excerpt":{"rendered":"<p>El hombre fue identificado como Mario Alberto Ju\u00e1rez, de 49 a\u00f1os. Era un camionero de una empresa av\u00edcola oriundo de Pilar<\/p>\n","protected":false},"author":2,"featured_media":88998,"comment_status":"closed","ping_status":"open","sticky":false,"template":"","format":"standard","meta":{"footnotes":""},"categories":[28],"tags":[5568],"class_list":["post-88997","post","type-post","status-publish","format-standard","has-post-thumbnail","hentry","category-c1nota1","tag-informe-de-la-policia-y-la-justicia"],"featured_image_urls":{"full":["https:\/\/infoecos.com.ar\/wp-content\/uploads\/2021\/11\/suicidio.jpg",660,366,false],"thumbnail":["https:\/\/infoecos.com.ar\/wp-content\/uploads\/2021\/11\/suicidio-150x150.jpg",150,150,true],"medium":["https:\/\/infoecos.com.ar\/wp-content\/uploads\/2021\/11\/suicidio-460x255.jpg",460,255,true],"medium_large":["https:\/\/infoecos.com.ar\/wp-content\/uploads\/2021\/11\/suicidio.jpg",640,355,false],"large":["https:\/\/infoecos.com.ar\/wp-content\/uploads\/2021\/11\/suicidio.jpg",640,355,false],"1536x1536":["https:\/\/infoecos.com.ar\/wp-content\/uploads\/2021\/11\/suicidio.jpg",660,366,false],"2048x2048":["https:\/\/infoecos.com.ar\/wp-content\/uploads\/2021\/11\/suicidio.jpg",660,366,false],"covernews-slider-full":["https:\/\/infoecos.com.ar\/wp-content\/uploads\/2021\/11\/suicidio.jpg",660,366,false],"covernews-slider-center":["https:\/\/infoecos.com.ar\/wp-content\/uploads\/2021\/11\/suicidio.jpg",660,366,false],"covernews-featured":["https:\/\/infoecos.com.ar\/wp-content\/uploads\/2021\/11\/suicidio.jpg",660,366,false],"covernews-medium":["https:\/\/infoecos.com.ar\/wp-content\/uploads\/2021\/11\/suicidio.jpg",540,299,false],"covernews-medium-square":["https:\/\/infoecos.com.ar\/wp-content\/uploads\/2021\/11\/suicidio.jpg",400,222,false]},"author_info":{"info":["Jorge Matheus"]},"category_info":"<a href=\"https:\/\/infoecos.com.ar\/index.php\/category\/c1nota1\/\" rel=\"category tag\">C1 N1<\/a>","tag_info":"C1 N1","comment_count":"0","_links":{"self":[{"href":"https:\/\/infoecos.com.ar\/index.php\/wp-json\/wp\/v2\/posts\/88997","targetHints":{"allow":["GET"]}}],"collection":[{"href":"https:\/\/infoecos.com.ar\/index.php\/wp-json\/wp\/v2\/posts"}],"about":[{"href":"https:\/\/infoecos.com.ar\/index.php\/wp-json\/wp\/v2\/types\/post"}],"author":[{"embeddable":true,"href":"https:\/\/infoecos.com.ar\/index.php\/wp-json\/wp\/v2\/users\/2"}],"replies":[{"embeddable":true,"href":"https:\/\/infoecos.com.ar\/index.php\/wp-json\/wp\/v2\/comments?post=88997"}],"version-history":[{"count":1,"href":"https:\/\/infoecos.com.ar\/index.php\/wp-json\/wp\/v2\/posts\/88997\/revisions"}],"predecessor-version":[{"id":88999,"href":"https:\/\/infoecos.com.ar\/index.php\/wp-json\/wp\/v2\/posts\/88997\/revisions\/88999"}],"wp:featuredmedia":[{"embeddable":true,"href":"https:\/\/infoecos.com.ar\/index.php\/wp-json\/wp\/v2\/media\/88998"}],"wp:attachment":[{"href":"https:\/\/infoecos.com.ar\/index.php\/wp-json\/wp\/v2\/media?parent=88997"}],"wp:term":[{"taxonomy":"category","embeddable":true,"href":"https:\/\/infoecos.com.ar\/index.php\/wp-json\/wp\/v2\/categories?post=88997"},{"taxonomy":"post_tag","embeddable":true,"href":"https:\/\/infoecos.com.ar\/index.php\/wp-json\/wp\/v2\/tags?post=88997"}],"curies":[{"name":"wp","href":"https:\/\/api.w.org\/{rel}","templated":true}]}}