{"id":89000,"date":"2021-11-03T18:19:14","date_gmt":"2021-11-03T21:19:14","guid":{"rendered":"http:\/\/infoecos.com.ar\/?p=89000"},"modified":"2021-11-03T18:19:15","modified_gmt":"2021-11-03T21:19:15","slug":"estuvo-en-trenque-lauquen-el-primer-candidato-a-senador-provincial-por-el-fdt-walter-torchio","status":"publish","type":"post","link":"https:\/\/infoecos.com.ar\/index.php\/estuvo-en-trenque-lauquen-el-primer-candidato-a-senador-provincial-por-el-fdt-walter-torchio\/","title":{"rendered":"Estuvo en Trenque Lauquen el primer candidato a Senador Provincial por el FdT, Walter Torchio"},"content":{"rendered":"\n<p class=\"wp-block-paragraph\">El Frente de Todos Trenque Lauquen inform\u00f3 a trav\u00e9s de su cuenta en Facebook que estuvo en la ciudad el primer candidato a senador provincial por la 4\u00b0 Secci\u00f3n Electoral, Walter Torchio.<\/p>\n\n\n\n<div class=\"wp-block-image is-style-default\"><figure class=\"aligncenter size-medium\"><img loading=\"lazy\" decoding=\"async\" width=\"460\" height=\"259\" src=\"http:\/\/infoecos.com.ar\/wp-content\/uploads\/2021\/11\/torchioentl-460x259.jpg\" alt=\"\" class=\"wp-image-89001\" srcset=\"https:\/\/infoecos.com.ar\/wp-content\/uploads\/2021\/11\/torchioentl-460x259.jpg 460w, https:\/\/infoecos.com.ar\/wp-content\/uploads\/2021\/11\/torchioentl-920x518.jpg 920w, https:\/\/infoecos.com.ar\/wp-content\/uploads\/2021\/11\/torchioentl-768x432.jpg 768w, https:\/\/infoecos.com.ar\/wp-content\/uploads\/2021\/11\/torchioentl.jpg 960w\" sizes=\"auto, (max-width: 460px) 100vw, 460px\" \/><\/figure><\/div>\n\n\n\n<p class=\"wp-block-paragraph\">El actual intendente municipal de Carlos Casares se desprende de la comunicaci\u00f3n que se realiza (las fotos de esta nota tambi\u00e9n corresponden a la cuenta de referencia) se reuni\u00f3 con Leticia Badino, primera candidata a Consejera Escolar y Cecilia Arqu\u00e9 primer candidata a Consejera Escolar, las que estuvieron acompa\u00f1adas por integrantes de la lista que competir\u00e1 electoralmente el pr\u00f3ximo 14 de noviembre.<\/p>\n\n\n\n<p class=\"wp-block-paragraph\">Se indica, en otro posteo, que se habl\u00f3 sobre varios temas relativos a su experiencia al frente del municipio y que se comenz\u00f3 a planificar articulaciones para el abordaje de los problemas de Trenque Lauquen.<\/p>\n","protected":false},"excerpt":{"rendered":"<p>Se indica que se habl\u00f3 sobre varios temas relativos a su experiencia al frente del municipio y planificaci\u00f3n de articulaciones para el abordaje de los problemas de este distrito <\/p>\n","protected":false},"author":2,"featured_media":89001,"comment_status":"closed","ping_status":"open","sticky":false,"template":"","format":"standard","meta":{"footnotes":""},"categories":[29],"tags":[5569],"class_list":["post-89000","post","type-post","status-publish","format-standard","has-post-thumbnail","hentry","category-c2nota1","tag-su-visita-se-comunico-en-facebook"],"featured_image_urls":{"full":["https:\/\/infoecos.com.ar\/wp-content\/uploads\/2021\/11\/torchioentl.jpg",960,540,false],"thumbnail":["https:\/\/infoecos.com.ar\/wp-content\/uploads\/2021\/11\/torchioentl-150x150.jpg",150,150,true],"medium":["https:\/\/infoecos.com.ar\/wp-content\/uploads\/2021\/11\/torchioentl-460x259.jpg",460,259,true],"medium_large":["https:\/\/infoecos.com.ar\/wp-content\/uploads\/2021\/11\/torchioentl-768x432.jpg",640,360,true],"large":["https:\/\/infoecos.com.ar\/wp-content\/uploads\/2021\/11\/torchioentl-920x518.jpg",640,360,true],"1536x1536":["https:\/\/infoecos.com.ar\/wp-content\/uploads\/2021\/11\/torchioentl.jpg",960,540,false],"2048x2048":["https:\/\/infoecos.com.ar\/wp-content\/uploads\/2021\/11\/torchioentl.jpg",960,540,false],"covernews-slider-full":["https:\/\/infoecos.com.ar\/wp-content\/uploads\/2021\/11\/torchioentl.jpg",960,540,false],"covernews-slider-center":["https:\/\/infoecos.com.ar\/wp-content\/uploads\/2021\/11\/torchioentl-936x540.jpg",800,462,true],"covernews-featured":["https:\/\/infoecos.com.ar\/wp-content\/uploads\/2021\/11\/torchioentl.jpg",960,540,false],"covernews-medium":["https:\/\/infoecos.com.ar\/wp-content\/uploads\/2021\/11\/torchioentl-720x380.jpg",540,285,true],"covernews-medium-square":["https:\/\/infoecos.com.ar\/wp-content\/uploads\/2021\/11\/torchioentl-675x450.jpg",375,250,true]},"author_info":{"info":["Jorge Matheus"]},"category_info":"<a href=\"https:\/\/infoecos.com.ar\/index.php\/category\/c2nota1\/\" rel=\"category tag\">C2 nota 1<\/a>","tag_info":"C2 nota 1","comment_count":"0","_links":{"self":[{"href":"https:\/\/infoecos.com.ar\/index.php\/wp-json\/wp\/v2\/posts\/89000","targetHints":{"allow":["GET"]}}],"collection":[{"href":"https:\/\/infoecos.com.ar\/index.php\/wp-json\/wp\/v2\/posts"}],"about":[{"href":"https:\/\/infoecos.com.ar\/index.php\/wp-json\/wp\/v2\/types\/post"}],"author":[{"embeddable":true,"href":"https:\/\/infoecos.com.ar\/index.php\/wp-json\/wp\/v2\/users\/2"}],"replies":[{"embeddable":true,"href":"https:\/\/infoecos.com.ar\/index.php\/wp-json\/wp\/v2\/comments?post=89000"}],"version-history":[{"count":1,"href":"https:\/\/infoecos.com.ar\/index.php\/wp-json\/wp\/v2\/posts\/89000\/revisions"}],"predecessor-version":[{"id":89003,"href":"https:\/\/infoecos.com.ar\/index.php\/wp-json\/wp\/v2\/posts\/89000\/revisions\/89003"}],"wp:featuredmedia":[{"embeddable":true,"href":"https:\/\/infoecos.com.ar\/index.php\/wp-json\/wp\/v2\/media\/89001"}],"wp:attachment":[{"href":"https:\/\/infoecos.com.ar\/index.php\/wp-json\/wp\/v2\/media?parent=89000"}],"wp:term":[{"taxonomy":"category","embeddable":true,"href":"https:\/\/infoecos.com.ar\/index.php\/wp-json\/wp\/v2\/categories?post=89000"},{"taxonomy":"post_tag","embeddable":true,"href":"https:\/\/infoecos.com.ar\/index.php\/wp-json\/wp\/v2\/tags?post=89000"}],"curies":[{"name":"wp","href":"https:\/\/api.w.org\/{rel}","templated":true}]}}