{"id":89013,"date":"2021-11-04T16:56:45","date_gmt":"2021-11-04T19:56:45","guid":{"rendered":"http:\/\/infoecos.com.ar\/?p=89013"},"modified":"2021-11-04T16:56:48","modified_gmt":"2021-11-04T19:56:48","slug":"se-reconocera-a-empleados-municipales-de-trenque-lauquen-que-cumplen-25-anos-de-servicio","status":"publish","type":"post","link":"https:\/\/infoecos.com.ar\/index.php\/se-reconocera-a-empleados-municipales-de-trenque-lauquen-que-cumplen-25-anos-de-servicio\/","title":{"rendered":"Se reconocer\u00e1 a empleados municipales de Trenque Lauquen que cumplen 25 a\u00f1os de servicio"},"content":{"rendered":"\n<p class=\"wp-block-paragraph\">La municipalidad de Trenque Lauquen entregar\u00e1 medallas a los empleados que cumplen 25 a\u00f1os de servicio este viernes, a las 10.30, en el Centro C\u00edvico \u201cIntendente Juan Carlos Font\u201d, edificio La Primera, en un acto que ser\u00e1 encabezado por el intendente Miguel Fern\u00e1ndez, y contar\u00e1 con la presencia de los trabajadores que recibir\u00e1n el merecido reconocimiento.<\/p>\n\n\n\n<p class=\"wp-block-paragraph\">En la lista figuran: Mar\u00eda del Carmen Hern\u00e1ndez (Reparto), Dar\u00edo Sarazola (Espacios Verdes), Jorge Sejas (Higiene Urbana), Eduardo Vel\u00e1zquez (Laboratorio), Juan Carlos Brizuela (Obras P\u00fablicas), Luis Triciani (Infraestructura), Daniel Alejandro Orosco (Obras P\u00fablicas), Jos\u00e9 Horacio Crespo (Prolim), Silvia Gonz\u00e1lez (Hospital), Jorge Eduardo Gonz\u00e1lez (Taller Vial), Graciela Galeano (Hospital), Luis Andr\u00e9s Lucero (Higiene Urbana) y Daniel Villarreal (Higiene Urbana).<\/p>\n\n\n\n<div class=\"wp-block-image is-style-default\"><figure class=\"aligncenter size-large\"><img decoding=\"async\" src=\"http:\/\/infoecos.com.ar\/wp-content\/uploads\/cc.jpg\" alt=\"\" class=\"wp-image-23973\"\/><figcaption>Trenque Lauquen &#8211; Centro C\u00edvico<\/figcaption><\/figure><\/div>\n\n\n\n<p class=\"wp-block-paragraph\">Tambi\u00e9n recibir\u00e1n su reconocimiento los siguientes empleados: Carlos V\u00e1zquez (Espacios Verdes), \u00c1ngel Alejandro Lara (Espacios Verdes), Leonardo Santucho (Infraestructura), Gustavo Hern\u00e1ndez (Obras Sanitarias), Dora Manuela D\u00edaz (Anexo), Patricia Vitale (Anexo), Esther del R. Nadales (Reparto), Mar\u00eda Clara Cicconi (Juzgado de Faltas), Mar\u00eda Dolores P\u00e9rez Zabala (Juzgado de Faltas), Nora del Carmen Reyes (Hospital), N\u00e9stor Javier Mina (Obras Particulares), Alberto Oscar Garc\u00eda (Centro C\u00edvico), Carlos Germ\u00e1n Nadales (Espacios Verdes), F\u00e9lix Ruben Navarro (Higiene Urbana), Jorge Ruben Roig (Prolim) y Alfredo Enr\u00edquez (Higiene Urbana).<\/p>\n","protected":false},"excerpt":{"rendered":"<p>En un acto que ser\u00e1 encabezado por el intendente Miguel Fern\u00e1ndez, y contar\u00e1 con la presencia de los trabajadores que recibir\u00e1n el merecido reconocimiento<\/p>\n","protected":false},"author":2,"featured_media":23973,"comment_status":"closed","ping_status":"open","sticky":false,"template":"","format":"standard","meta":{"footnotes":""},"categories":[1613],"tags":[],"class_list":["post-89013","post","type-post","status-publish","format-standard","has-post-thumbnail","hentry","category-noticia-secundaria"],"featured_image_urls":{"full":"","thumbnail":"","medium":"","medium_large":"","large":"","1536x1536":"","2048x2048":"","covernews-slider-full":"","covernews-slider-center":"","covernews-featured":"","covernews-medium":"","covernews-medium-square":""},"author_info":{"info":["Jorge Matheus"]},"category_info":"<a href=\"https:\/\/infoecos.com.ar\/index.php\/category\/noticia-secundaria\/\" rel=\"category tag\">Noticia Secundaria<\/a>","tag_info":"Noticia Secundaria","comment_count":"0","_links":{"self":[{"href":"https:\/\/infoecos.com.ar\/index.php\/wp-json\/wp\/v2\/posts\/89013","targetHints":{"allow":["GET"]}}],"collection":[{"href":"https:\/\/infoecos.com.ar\/index.php\/wp-json\/wp\/v2\/posts"}],"about":[{"href":"https:\/\/infoecos.com.ar\/index.php\/wp-json\/wp\/v2\/types\/post"}],"author":[{"embeddable":true,"href":"https:\/\/infoecos.com.ar\/index.php\/wp-json\/wp\/v2\/users\/2"}],"replies":[{"embeddable":true,"href":"https:\/\/infoecos.com.ar\/index.php\/wp-json\/wp\/v2\/comments?post=89013"}],"version-history":[{"count":1,"href":"https:\/\/infoecos.com.ar\/index.php\/wp-json\/wp\/v2\/posts\/89013\/revisions"}],"predecessor-version":[{"id":89014,"href":"https:\/\/infoecos.com.ar\/index.php\/wp-json\/wp\/v2\/posts\/89013\/revisions\/89014"}],"wp:attachment":[{"href":"https:\/\/infoecos.com.ar\/index.php\/wp-json\/wp\/v2\/media?parent=89013"}],"wp:term":[{"taxonomy":"category","embeddable":true,"href":"https:\/\/infoecos.com.ar\/index.php\/wp-json\/wp\/v2\/categories?post=89013"},{"taxonomy":"post_tag","embeddable":true,"href":"https:\/\/infoecos.com.ar\/index.php\/wp-json\/wp\/v2\/tags?post=89013"}],"curies":[{"name":"wp","href":"https:\/\/api.w.org\/{rel}","templated":true}]}}