{"id":89015,"date":"2021-11-04T17:14:08","date_gmt":"2021-11-04T20:14:08","guid":{"rendered":"http:\/\/infoecos.com.ar\/?p=89015"},"modified":"2021-11-04T17:14:09","modified_gmt":"2021-11-04T20:14:09","slug":"la-vicepresidenta-de-la-nacion-cursa-un-post-operatorio-normal","status":"publish","type":"post","link":"https:\/\/infoecos.com.ar\/index.php\/la-vicepresidenta-de-la-nacion-cursa-un-post-operatorio-normal\/","title":{"rendered":"La vicepresidenta de la Naci\u00f3n cursa un \u00abpost operatorio normal\u00bb"},"content":{"rendered":"\n<p class=\"wp-block-paragraph\">La vicepresidenta Cristina Fern\u00e1ndez de Kirchner fue operada este jueves de una histerectom\u00eda en el Sanatorio Otamendi y \u00abse encuentra en un buen estado de salud\u00bb y \u00abcursa un post operatorio normal\u00bb, seg\u00fan el parte m\u00e9dico.<\/p>\n\n\n\n<div class=\"wp-block-image is-style-default\"><figure class=\"aligncenter size-medium\"><img loading=\"lazy\" decoding=\"async\" width=\"460\" height=\"259\" src=\"http:\/\/infoecos.com.ar\/wp-content\/uploads\/2021\/11\/6183d6aaaa22c_900-460x259.jpg\" alt=\"\" class=\"wp-image-89016\" srcset=\"https:\/\/infoecos.com.ar\/wp-content\/uploads\/2021\/11\/6183d6aaaa22c_900-460x259.jpg 460w, https:\/\/infoecos.com.ar\/wp-content\/uploads\/2021\/11\/6183d6aaaa22c_900-768x432.jpg 768w, https:\/\/infoecos.com.ar\/wp-content\/uploads\/2021\/11\/6183d6aaaa22c_900.jpg 900w\" sizes=\"auto, (max-width: 460px) 100vw, 460px\" \/><\/figure><\/div>\n\n\n\n<p class=\"wp-block-paragraph\">\u201cEn el d\u00eda de la fecha, la Dra. Cristina Fern\u00e1ndez de Kirchner ingres\u00f3 a nuestra instituci\u00f3n para someterse a un procedimiento ginecol\u00f3gico quir\u00fargico programado. Dicho procedimiento ha sido realizado por la v\u00eda laparosc\u00f3pica\u201d, a\u00f1ade el texto firmado por la directora m\u00e9dica del Otamendi, Marisa Lanfranconi.<\/p>\n\n\n\n<p class=\"wp-block-paragraph\">Asimismo, el parte m\u00e9dico se\u00f1ala que\u00a0\u201cla paciente cursa un post operatorio normal, en buen estado general de salud\u201d<strong>.<\/strong><\/p>\n\n\n\n<p class=\"wp-block-paragraph\">\u00abEl procedimiento ha sido realizado por la v\u00eda laparosc\u00f3pica\u00bb, a\u00f1ade la informaci\u00f3n.<\/p>\n\n\n\n<p class=\"wp-block-paragraph\">La titular del Senado ingres\u00f3 este jueves a las 6.45 al centro m\u00e9dico, donde un cirujano especializado en Tocoginecolog\u00eda le realiz\u00f3 una histerectom\u00eda, que es una operaci\u00f3n que consiste en la extirpaci\u00f3n del \u00fatero.<\/p>\n\n\n\n<div class=\"wp-block-image is-style-default\"><figure class=\"aligncenter size-medium\"><img loading=\"lazy\" decoding=\"async\" width=\"460\" height=\"259\" src=\"http:\/\/infoecos.com.ar\/wp-content\/uploads\/2021\/11\/6183d6aa96c6e_900-460x259.jpg\" alt=\"\" class=\"wp-image-89017\" srcset=\"https:\/\/infoecos.com.ar\/wp-content\/uploads\/2021\/11\/6183d6aa96c6e_900-460x259.jpg 460w, https:\/\/infoecos.com.ar\/wp-content\/uploads\/2021\/11\/6183d6aa96c6e_900-768x432.jpg 768w, https:\/\/infoecos.com.ar\/wp-content\/uploads\/2021\/11\/6183d6aa96c6e_900.jpg 900w\" sizes=\"auto, (max-width: 460px) 100vw, 460px\" \/><\/figure><\/div>\n\n\n\n<p class=\"wp-block-paragraph\">Se espera que quede internada con\u00a0una recuperaci\u00f3n que puede extenderse de 48 horas a cinco d\u00edas.<\/p>\n\n\n\n<p class=\"wp-block-paragraph\">La histerectom\u00eda es una intervenci\u00f3n mediante la cual se extrae el \u00fatero y en algunas ocasiones tambi\u00e9n los ovarios y las trompas de Falopio.<\/p>\n\n\n\n<p class=\"wp-block-paragraph\">Algunas de las causas que motivan este tipo de pr\u00e1cticas quir\u00fargicas son la presencia de fibromas, engrosamientos del endometrio, endometriosis, dolores cr\u00f3nicos en cadera o pelvis, o el hallazgo de tejidos malignos.<\/p>\n","protected":false},"excerpt":{"rendered":"<p>La titular del Senado ingres\u00f3 este jueves a las 6.45 al centro m\u00e9dico, donde un cirujano especializado en Tocoginecolog\u00eda le realiz\u00f3 una histerectom\u00eda<\/p>\n","protected":false},"author":2,"featured_media":17623,"comment_status":"closed","ping_status":"open","sticky":false,"template":"","format":"standard","meta":{"footnotes":""},"categories":[28],"tags":[5571],"class_list":["post-89015","post","type-post","status-publish","format-standard","has-post-thumbnail","hentry","category-c1nota1","tag-comunicado-del-sanatorio-otamendi"],"featured_image_urls":{"full":"","thumbnail":"","medium":"","medium_large":"","large":"","1536x1536":"","2048x2048":"","covernews-slider-full":"","covernews-slider-center":"","covernews-featured":"","covernews-medium":"","covernews-medium-square":""},"author_info":{"info":["Jorge Matheus"]},"category_info":"<a href=\"https:\/\/infoecos.com.ar\/index.php\/category\/c1nota1\/\" rel=\"category tag\">C1 N1<\/a>","tag_info":"C1 N1","comment_count":"0","_links":{"self":[{"href":"https:\/\/infoecos.com.ar\/index.php\/wp-json\/wp\/v2\/posts\/89015","targetHints":{"allow":["GET"]}}],"collection":[{"href":"https:\/\/infoecos.com.ar\/index.php\/wp-json\/wp\/v2\/posts"}],"about":[{"href":"https:\/\/infoecos.com.ar\/index.php\/wp-json\/wp\/v2\/types\/post"}],"author":[{"embeddable":true,"href":"https:\/\/infoecos.com.ar\/index.php\/wp-json\/wp\/v2\/users\/2"}],"replies":[{"embeddable":true,"href":"https:\/\/infoecos.com.ar\/index.php\/wp-json\/wp\/v2\/comments?post=89015"}],"version-history":[{"count":1,"href":"https:\/\/infoecos.com.ar\/index.php\/wp-json\/wp\/v2\/posts\/89015\/revisions"}],"predecessor-version":[{"id":89018,"href":"https:\/\/infoecos.com.ar\/index.php\/wp-json\/wp\/v2\/posts\/89015\/revisions\/89018"}],"wp:attachment":[{"href":"https:\/\/infoecos.com.ar\/index.php\/wp-json\/wp\/v2\/media?parent=89015"}],"wp:term":[{"taxonomy":"category","embeddable":true,"href":"https:\/\/infoecos.com.ar\/index.php\/wp-json\/wp\/v2\/categories?post=89015"},{"taxonomy":"post_tag","embeddable":true,"href":"https:\/\/infoecos.com.ar\/index.php\/wp-json\/wp\/v2\/tags?post=89015"}],"curies":[{"name":"wp","href":"https:\/\/api.w.org\/{rel}","templated":true}]}}