{"id":89019,"date":"2021-11-04T17:28:50","date_gmt":"2021-11-04T20:28:50","guid":{"rendered":"http:\/\/infoecos.com.ar\/?p=89019"},"modified":"2021-11-04T17:28:50","modified_gmt":"2021-11-04T20:28:50","slug":"linea-de-whatsapp-en-la-provincia-de-buenos-aires-para-quienes-reciben-turnos-de-terceras-dosis","status":"publish","type":"post","link":"https:\/\/infoecos.com.ar\/index.php\/linea-de-whatsapp-en-la-provincia-de-buenos-aires-para-quienes-reciben-turnos-de-terceras-dosis\/","title":{"rendered":"L\u00ednea de WhatsApp en la provincia de Buenos Aires para quienes reciben turnos de terceras dosis"},"content":{"rendered":"\n<p class=\"wp-block-paragraph\">El\u00a0<a rel=\"noreferrer noopener\" href=\"https:\/\/www.gba.gob.ar\/saludprovincia\" target=\"_blank\"><strong>Ministerio de Salud de la provincia de Buenos Aires<\/strong><\/a>\u00a0habilit\u00f3 la l\u00ednea de WhatsApp 221 4288182 para todas las personas que hayan recibido un turno para tercera dosis de vacuna anticovid y presenten dudas al respecto.<\/p>\n\n\n\n<p class=\"wp-block-paragraph\">La iniciativa resulta de relevancia, sobre todo porque la administraci\u00f3n provincial comenz\u00f3 con el env\u00edo de los turnos y,\u00a0a ra\u00edz del hecho ya surgieron algunas inquietudes.<\/p>\n\n\n\n<p class=\"wp-block-paragraph\">Al momento, se destinaron los primeros 558.100 turnos para las terceras dosis. Las aplicaciones comenzar\u00e1n a realizarse a partir del 10 de noviembre a quienes integren dos grupos poblacionales priorizados.<\/p>\n\n\n\n<figure class=\"wp-block-embed is-type-rich is-provider-twitter wp-block-embed-twitter\"><div class=\"wp-block-embed__wrapper\">\n<blockquote class=\"twitter-tweet\" data-width=\"550\" data-dnt=\"true\"><p lang=\"es\" dir=\"ltr\">Habilitamos una l\u00ednea WhatsApp para que las personas que recibieron el turno para la tercera dosis y tengan alguna duda puedan escribirnos.<br><br>M\u00e1s info: <a href=\"https:\/\/t.co\/Utb9TEkQnI\">https:\/\/t.co\/Utb9TEkQnI<\/a> <a href=\"https:\/\/t.co\/FcjUiDokaY\">pic.twitter.com\/FcjUiDokaY<\/a><\/p>&mdash; Nicol\u00e1s Kreplak (@nkreplak) <a href=\"https:\/\/twitter.com\/nkreplak\/status\/1455994039216525321?ref_src=twsrc%5Etfw\">November 3, 2021<\/a><\/blockquote><script async src=\"https:\/\/platform.twitter.com\/widgets.js\" charset=\"utf-8\"><\/script>\n<\/div><\/figure>\n\n\n\n<p class=\"wp-block-paragraph\">El primero incluye a todas las personas con inmunodeficiencias, independientemente de la vacuna que hayan recibido, mientras que el segundo grupo contempla a quienes tengan m\u00e1s de 50 a\u00f1os y esquema completo de Sinopharm. En todos los casos deben haberse dado las segundas dosis, como m\u00ednimo, cuatro semanas antes.<\/p>\n\n\n\n<p class=\"wp-block-paragraph\">El turno le llegar\u00e1 a cada inscripto\/a que integre los mencionados grupos por la v\u00eda que haya elegido en la inscripci\u00f3n: la aplicaci\u00f3n VacunatePBA, el Portal de la Ciudadan\u00eda al que se accede a trav\u00e9s de la p\u00e1gina web vacunatepba.gba.gob.ar o por correo electr\u00f3nico.<\/p>\n\n\n\n<p class=\"wp-block-paragraph\">Seg\u00fan el registro de VacunatePBA, en la Provincia de Buenos Aires, son 1.100.000 las personas con inmunodeficiencias y mayores de 50 vacunadas con Sinopharm.<\/p>\n","protected":false},"excerpt":{"rendered":"<p>Las aplicaciones comenzar\u00e1n a realizarse a partir del 10 de noviembre a quienes integren dos grupos poblacionales priorizados<\/p>\n","protected":false},"author":2,"featured_media":77887,"comment_status":"closed","ping_status":"open","sticky":false,"template":"","format":"standard","meta":{"footnotes":""},"categories":[29],"tags":[5572],"class_list":["post-89019","post","type-post","status-publish","format-standard","has-post-thumbnail","hentry","category-c2nota1","tag-ya-se-destinaron-558-100-turnos"],"featured_image_urls":{"full":["https:\/\/infoecos.com.ar\/wp-content\/uploads\/2021\/05\/vacunacionpehuajo.jpg",640,426,false],"thumbnail":["https:\/\/infoecos.com.ar\/wp-content\/uploads\/2021\/05\/vacunacionpehuajo-150x150.jpg",150,150,true],"medium":["https:\/\/infoecos.com.ar\/wp-content\/uploads\/2021\/05\/vacunacionpehuajo-460x306.jpg",460,306,true],"medium_large":["https:\/\/infoecos.com.ar\/wp-content\/uploads\/2021\/05\/vacunacionpehuajo.jpg",640,426,false],"large":["https:\/\/infoecos.com.ar\/wp-content\/uploads\/2021\/05\/vacunacionpehuajo.jpg",640,426,false],"1536x1536":["https:\/\/infoecos.com.ar\/wp-content\/uploads\/2021\/05\/vacunacionpehuajo.jpg",640,426,false],"2048x2048":["https:\/\/infoecos.com.ar\/wp-content\/uploads\/2021\/05\/vacunacionpehuajo.jpg",640,426,false],"covernews-slider-full":["https:\/\/infoecos.com.ar\/wp-content\/uploads\/2021\/05\/vacunacionpehuajo.jpg",640,426,false],"covernews-slider-center":["https:\/\/infoecos.com.ar\/wp-content\/uploads\/2021\/05\/vacunacionpehuajo.jpg",640,426,false],"covernews-featured":["https:\/\/infoecos.com.ar\/wp-content\/uploads\/2021\/05\/vacunacionpehuajo.jpg",640,426,false],"covernews-medium":["https:\/\/infoecos.com.ar\/wp-content\/uploads\/2021\/05\/vacunacionpehuajo-640x380.jpg",540,321,true],"covernews-medium-square":["https:\/\/infoecos.com.ar\/wp-content\/uploads\/2021\/05\/vacunacionpehuajo.jpg",376,250,false]},"author_info":{"info":["Jorge Matheus"]},"category_info":"<a href=\"https:\/\/infoecos.com.ar\/index.php\/category\/c2nota1\/\" rel=\"category tag\">C2 nota 1<\/a>","tag_info":"C2 nota 1","comment_count":"0","_links":{"self":[{"href":"https:\/\/infoecos.com.ar\/index.php\/wp-json\/wp\/v2\/posts\/89019","targetHints":{"allow":["GET"]}}],"collection":[{"href":"https:\/\/infoecos.com.ar\/index.php\/wp-json\/wp\/v2\/posts"}],"about":[{"href":"https:\/\/infoecos.com.ar\/index.php\/wp-json\/wp\/v2\/types\/post"}],"author":[{"embeddable":true,"href":"https:\/\/infoecos.com.ar\/index.php\/wp-json\/wp\/v2\/users\/2"}],"replies":[{"embeddable":true,"href":"https:\/\/infoecos.com.ar\/index.php\/wp-json\/wp\/v2\/comments?post=89019"}],"version-history":[{"count":1,"href":"https:\/\/infoecos.com.ar\/index.php\/wp-json\/wp\/v2\/posts\/89019\/revisions"}],"predecessor-version":[{"id":89020,"href":"https:\/\/infoecos.com.ar\/index.php\/wp-json\/wp\/v2\/posts\/89019\/revisions\/89020"}],"wp:featuredmedia":[{"embeddable":true,"href":"https:\/\/infoecos.com.ar\/index.php\/wp-json\/wp\/v2\/media\/77887"}],"wp:attachment":[{"href":"https:\/\/infoecos.com.ar\/index.php\/wp-json\/wp\/v2\/media?parent=89019"}],"wp:term":[{"taxonomy":"category","embeddable":true,"href":"https:\/\/infoecos.com.ar\/index.php\/wp-json\/wp\/v2\/categories?post=89019"},{"taxonomy":"post_tag","embeddable":true,"href":"https:\/\/infoecos.com.ar\/index.php\/wp-json\/wp\/v2\/tags?post=89019"}],"curies":[{"name":"wp","href":"https:\/\/api.w.org\/{rel}","templated":true}]}}