{"id":89023,"date":"2021-11-05T03:44:56","date_gmt":"2021-11-05T06:44:56","guid":{"rendered":"http:\/\/infoecos.com.ar\/?p=89023"},"modified":"2021-11-08T03:18:33","modified_gmt":"2021-11-08T06:18:33","slug":"se-prestara-normalmente-el-servicio-de-recoleccion-de-residuos-este-lunes-8","status":"publish","type":"post","link":"https:\/\/infoecos.com.ar\/index.php\/se-prestara-normalmente-el-servicio-de-recoleccion-de-residuos-este-lunes-8\/","title":{"rendered":"Se prestar\u00e1 normalmente el servicio de recolecci\u00f3n de residuos este lunes 8"},"content":{"rendered":"\n<p>El servicio de recolecci\u00f3n de residuos en Trenque Lauquen se prestar\u00e1 normalmente este lunes 8, cuando no habr\u00e1 actividades en las distintas \u00e1reas de la Municipalidad por el feriado del D\u00eda del Empleado Municipal.<\/p>\n\n\n\n<p>Se prestar\u00e1 el servicio en el horario habitual, a partir de las 19 horas en el \u00e1rea urbana, con la ya establecida implementaci\u00f3n de los \u201cD\u00edas Verdes\u201d, para recolectar los residuos reciclables.<\/p>\n\n\n\n<div class=\"wp-block-image is-style-default\"><figure class=\"aligncenter size-medium\"><img loading=\"lazy\" decoding=\"async\" width=\"460\" height=\"259\" src=\"http:\/\/infoecos.com.ar\/wp-content\/uploads\/2020\/10\/Recoleccion-460x259.png\" alt=\"\" class=\"wp-image-69299\" srcset=\"https:\/\/infoecos.com.ar\/wp-content\/uploads\/2020\/10\/Recoleccion-460x259.png 460w, https:\/\/infoecos.com.ar\/wp-content\/uploads\/2020\/10\/Recoleccion-920x518.png 920w, https:\/\/infoecos.com.ar\/wp-content\/uploads\/2020\/10\/Recoleccion-768x432.png 768w, https:\/\/infoecos.com.ar\/wp-content\/uploads\/2020\/10\/Recoleccion.png 1024w\" sizes=\"(max-width: 460px) 100vw, 460px\" \/><\/figure><\/div>\n\n\n\n<p>Horarios en que se cumple el servicio:<\/p>\n\n\n\n<p>. <strong>\u00c1REA URBANA<\/strong><\/p>\n\n\n\n<p>\u2013 En \u00c1rea Urbana, la recolecci\u00f3n comienza a partir de las 19 horas: martes, mi\u00e9rcoles, viernes y domingo para residuos org\u00e1nicos y no reciclables; y lunes y jueves para los residuos reciclables.<\/p>\n\n\n\n<p>. <strong>AMPLIACION URBANA Y ZONA QUINTAS<\/strong><\/p>\n\n\n\n<p>En la Ampliaci\u00f3n Urbana y Zona de Quintas la recolecci\u00f3n se realiza desde las 6 horas los lunes, mi\u00e9rcoles y s\u00e1bado para los org\u00e1nicos y no reciclables y los viernes para los residuos reciclables.<\/p>\n\n\n\n<p>&nbsp;. <strong>RESIDUOS ORG\u00c1NICOS Y NO RECICLABLES<\/strong><\/p>\n\n\n\n<p>\u2013 Restos de comida \/ Restos de jard\u00edn (peque\u00f1os) \/ Papel y cart\u00f3n (h\u00famedos) \/ Pa\u00f1ales, entre otros.<\/p>\n\n\n\n<p>. <strong>RESIDUOS RECICLABLES (D\u00cdAS VERDES)<\/strong><\/p>\n\n\n\n<p>Tienen que estar limpios y secos para que puedan ser reciclados:<\/p>\n\n\n\n<p>\u2013 Papel \/ Cart\u00f3n \/ Botellas \/ Vidrios \/ Metales \/ Telas.<\/p>\n","protected":false},"excerpt":{"rendered":"<p>El servicio en el horario habitual, a partir de las 19 horas en el \u00e1rea urbana, con la ya establecida implementaci\u00f3n de los \u201cD\u00edas Verdes\u201d<\/p>\n","protected":false},"author":2,"featured_media":69299,"comment_status":"closed","ping_status":"open","sticky":false,"template":"","format":"standard","meta":{"footnotes":""},"categories":[24],"tags":[3062],"class_list":["post-89023","post","type-post","status-publish","format-standard","has-post-thumbnail","hentry","category-c1nota3","tag-en-trenque-lauquen"],"yoast_head":"<!-- This site is optimized with the Yoast SEO plugin v23.4 - https:\/\/yoast.com\/wordpress\/plugins\/seo\/ -->\n<title>Se prestar\u00e1 normalmente el servicio de recolecci\u00f3n de residuos este lunes 8 - Infoecos<\/title>\n<meta name=\"robots\" content=\"index, follow, max-snippet:-1, max-image-preview:large, max-video-preview:-1\" \/>\n<link rel=\"canonical\" href=\"https:\/\/infoecos.com.ar\/index.php\/se-prestara-normalmente-el-servicio-de-recoleccion-de-residuos-este-lunes-8\/\" \/>\n<meta property=\"og:locale\" content=\"es_ES\" \/>\n<meta property=\"og:type\" content=\"article\" \/>\n<meta property=\"og:title\" content=\"Se prestar\u00e1 normalmente el servicio de recolecci\u00f3n de residuos este lunes 8 - Infoecos\" \/>\n<meta property=\"og:description\" content=\"El servicio en el horario habitual, a partir de las 19 horas en el \u00e1rea urbana, con la ya establecida implementaci\u00f3n de los \u201cD\u00edas Verdes\u201d\" \/>\n<meta property=\"og:url\" content=\"https:\/\/infoecos.com.ar\/index.php\/se-prestara-normalmente-el-servicio-de-recoleccion-de-residuos-este-lunes-8\/\" \/>\n<meta property=\"og:site_name\" content=\"Infoecos\" \/>\n<meta property=\"article:publisher\" content=\"https:\/\/www.facebook.com\/profile.php?id=100063200290284\" \/>\n<meta property=\"article:published_time\" content=\"2021-11-05T06:44:56+00:00\" \/>\n<meta property=\"article:modified_time\" content=\"2021-11-08T06:18:33+00:00\" \/>\n<meta property=\"og:image\" content=\"https:\/\/infoecos.com.ar\/wp-content\/uploads\/2020\/10\/Recoleccion.png\" \/>\n\t<meta property=\"og:image:width\" content=\"1024\" \/>\n\t<meta property=\"og:image:height\" content=\"576\" \/>\n\t<meta property=\"og:image:type\" content=\"image\/png\" \/>\n<meta name=\"author\" content=\"Jorge Matheus\" \/>\n<meta name=\"twitter:card\" content=\"summary_large_image\" \/>\n<meta name=\"twitter:creator\" content=\"@infoecos\" \/>\n<meta name=\"twitter:site\" content=\"@infoecos\" \/>\n<meta name=\"twitter:label1\" content=\"Escrito por\" \/>\n\t<meta name=\"twitter:data1\" content=\"Jorge Matheus\" \/>\n\t<meta name=\"twitter:label2\" content=\"Tiempo de lectura\" \/>\n\t<meta name=\"twitter:data2\" content=\"1 minuto\" \/>\n<script type=\"application\/ld+json\" class=\"yoast-schema-graph\">{\"@context\":\"https:\/\/schema.org\",\"@graph\":[{\"@type\":\"Article\",\"@id\":\"https:\/\/infoecos.com.ar\/index.php\/se-prestara-normalmente-el-servicio-de-recoleccion-de-residuos-este-lunes-8\/#article\",\"isPartOf\":{\"@id\":\"https:\/\/infoecos.com.ar\/index.php\/se-prestara-normalmente-el-servicio-de-recoleccion-de-residuos-este-lunes-8\/\"},\"author\":{\"name\":\"Jorge Matheus\",\"@id\":\"https:\/\/infoecos.com.ar\/#\/schema\/person\/8f5ace5ce73b4b4aac4b7245aee6f191\"},\"headline\":\"Se prestar\u00e1 normalmente el servicio de recolecci\u00f3n de residuos este lunes 8\",\"datePublished\":\"2021-11-05T06:44:56+00:00\",\"dateModified\":\"2021-11-08T06:18:33+00:00\",\"mainEntityOfPage\":{\"@id\":\"https:\/\/infoecos.com.ar\/index.php\/se-prestara-normalmente-el-servicio-de-recoleccion-de-residuos-este-lunes-8\/\"},\"wordCount\":214,\"publisher\":{\"@id\":\"https:\/\/infoecos.com.ar\/#organization\"},\"image\":{\"@id\":\"https:\/\/infoecos.com.ar\/index.php\/se-prestara-normalmente-el-servicio-de-recoleccion-de-residuos-este-lunes-8\/#primaryimage\"},\"thumbnailUrl\":\"https:\/\/infoecos.com.ar\/wp-content\/uploads\/2020\/10\/Recoleccion.png\",\"keywords\":[\"EN TRENQUE LAUQUEN\"],\"articleSection\":[\"C1 N3\"],\"inLanguage\":\"es\"},{\"@type\":\"WebPage\",\"@id\":\"https:\/\/infoecos.com.ar\/index.php\/se-prestara-normalmente-el-servicio-de-recoleccion-de-residuos-este-lunes-8\/\",\"url\":\"https:\/\/infoecos.com.ar\/index.php\/se-prestara-normalmente-el-servicio-de-recoleccion-de-residuos-este-lunes-8\/\",\"name\":\"Se prestar\u00e1 normalmente el servicio de recolecci\u00f3n de residuos este lunes 8 - Infoecos\",\"isPartOf\":{\"@id\":\"https:\/\/infoecos.com.ar\/#website\"},\"primaryImageOfPage\":{\"@id\":\"https:\/\/infoecos.com.ar\/index.php\/se-prestara-normalmente-el-servicio-de-recoleccion-de-residuos-este-lunes-8\/#primaryimage\"},\"image\":{\"@id\":\"https:\/\/infoecos.com.ar\/index.php\/se-prestara-normalmente-el-servicio-de-recoleccion-de-residuos-este-lunes-8\/#primaryimage\"},\"thumbnailUrl\":\"https:\/\/infoecos.com.ar\/wp-content\/uploads\/2020\/10\/Recoleccion.png\",\"datePublished\":\"2021-11-05T06:44:56+00:00\",\"dateModified\":\"2021-11-08T06:18:33+00:00\",\"breadcrumb\":{\"@id\":\"https:\/\/infoecos.com.ar\/index.php\/se-prestara-normalmente-el-servicio-de-recoleccion-de-residuos-este-lunes-8\/#breadcrumb\"},\"inLanguage\":\"es\",\"potentialAction\":[{\"@type\":\"ReadAction\",\"target\":[\"https:\/\/infoecos.com.ar\/index.php\/se-prestara-normalmente-el-servicio-de-recoleccion-de-residuos-este-lunes-8\/\"]}]},{\"@type\":\"ImageObject\",\"inLanguage\":\"es\",\"@id\":\"https:\/\/infoecos.com.ar\/index.php\/se-prestara-normalmente-el-servicio-de-recoleccion-de-residuos-este-lunes-8\/#primaryimage\",\"url\":\"https:\/\/infoecos.com.ar\/wp-content\/uploads\/2020\/10\/Recoleccion.png\",\"contentUrl\":\"https:\/\/infoecos.com.ar\/wp-content\/uploads\/2020\/10\/Recoleccion.png\",\"width\":1024,\"height\":576},{\"@type\":\"BreadcrumbList\",\"@id\":\"https:\/\/infoecos.com.ar\/index.php\/se-prestara-normalmente-el-servicio-de-recoleccion-de-residuos-este-lunes-8\/#breadcrumb\",\"itemListElement\":[{\"@type\":\"ListItem\",\"position\":1,\"name\":\"Portada\",\"item\":\"https:\/\/infoecos.com.ar\/\"},{\"@type\":\"ListItem\",\"position\":2,\"name\":\"Se prestar\u00e1 normalmente el servicio de recolecci\u00f3n de residuos este lunes 8\"}]},{\"@type\":\"WebSite\",\"@id\":\"https:\/\/infoecos.com.ar\/#website\",\"url\":\"https:\/\/infoecos.com.ar\/\",\"name\":\"Infoecos\",\"description\":\"Noticias de trenque lauquen y la zona\",\"publisher\":{\"@id\":\"https:\/\/infoecos.com.ar\/#organization\"},\"alternateName\":\"Noticias\",\"potentialAction\":[{\"@type\":\"SearchAction\",\"target\":{\"@type\":\"EntryPoint\",\"urlTemplate\":\"https:\/\/infoecos.com.ar\/?s={search_term_string}\"},\"query-input\":{\"@type\":\"PropertyValueSpecification\",\"valueRequired\":true,\"valueName\":\"search_term_string\"}}],\"inLanguage\":\"es\"},{\"@type\":\"Organization\",\"@id\":\"https:\/\/infoecos.com.ar\/#organization\",\"name\":\"Infoecos\",\"alternateName\":\"Noticias\",\"url\":\"https:\/\/infoecos.com.ar\/\",\"logo\":{\"@type\":\"ImageObject\",\"inLanguage\":\"es\",\"@id\":\"https:\/\/infoecos.com.ar\/#\/schema\/logo\/image\/\",\"url\":\"https:\/\/infoecos.com.ar\/wp-content\/uploads\/2024\/03\/cropped-logo.png\",\"contentUrl\":\"https:\/\/infoecos.com.ar\/wp-content\/uploads\/2024\/03\/cropped-logo.png\",\"width\":374,\"height\":90,\"caption\":\"Infoecos\"},\"image\":{\"@id\":\"https:\/\/infoecos.com.ar\/#\/schema\/logo\/image\/\"},\"sameAs\":[\"https:\/\/www.facebook.com\/profile.php?id=100063200290284\",\"https:\/\/x.com\/infoecos\"]},{\"@type\":\"Person\",\"@id\":\"https:\/\/infoecos.com.ar\/#\/schema\/person\/8f5ace5ce73b4b4aac4b7245aee6f191\",\"name\":\"Jorge Matheus\",\"url\":\"https:\/\/infoecos.com.ar\/index.php\/author\/jomatheus\/\"}]}<\/script>\n<!-- \/ Yoast SEO plugin. -->","yoast_head_json":{"title":"Se prestar\u00e1 normalmente el servicio de recolecci\u00f3n de residuos este lunes 8 - Infoecos","robots":{"index":"index","follow":"follow","max-snippet":"max-snippet:-1","max-image-preview":"max-image-preview:large","max-video-preview":"max-video-preview:-1"},"canonical":"https:\/\/infoecos.com.ar\/index.php\/se-prestara-normalmente-el-servicio-de-recoleccion-de-residuos-este-lunes-8\/","og_locale":"es_ES","og_type":"article","og_title":"Se prestar\u00e1 normalmente el servicio de recolecci\u00f3n de residuos este lunes 8 - Infoecos","og_description":"El servicio en el horario habitual, a partir de las 19 horas en el \u00e1rea urbana, con la ya establecida implementaci\u00f3n de los \u201cD\u00edas Verdes\u201d","og_url":"https:\/\/infoecos.com.ar\/index.php\/se-prestara-normalmente-el-servicio-de-recoleccion-de-residuos-este-lunes-8\/","og_site_name":"Infoecos","article_publisher":"https:\/\/www.facebook.com\/profile.php?id=100063200290284","article_published_time":"2021-11-05T06:44:56+00:00","article_modified_time":"2021-11-08T06:18:33+00:00","og_image":[{"width":1024,"height":576,"url":"https:\/\/infoecos.com.ar\/wp-content\/uploads\/2020\/10\/Recoleccion.png","type":"image\/png"}],"author":"Jorge Matheus","twitter_card":"summary_large_image","twitter_creator":"@infoecos","twitter_site":"@infoecos","twitter_misc":{"Escrito por":"Jorge Matheus","Tiempo de lectura":"1 minuto"},"schema":{"@context":"https:\/\/schema.org","@graph":[{"@type":"Article","@id":"https:\/\/infoecos.com.ar\/index.php\/se-prestara-normalmente-el-servicio-de-recoleccion-de-residuos-este-lunes-8\/#article","isPartOf":{"@id":"https:\/\/infoecos.com.ar\/index.php\/se-prestara-normalmente-el-servicio-de-recoleccion-de-residuos-este-lunes-8\/"},"author":{"name":"Jorge Matheus","@id":"https:\/\/infoecos.com.ar\/#\/schema\/person\/8f5ace5ce73b4b4aac4b7245aee6f191"},"headline":"Se prestar\u00e1 normalmente el servicio de recolecci\u00f3n de residuos este lunes 8","datePublished":"2021-11-05T06:44:56+00:00","dateModified":"2021-11-08T06:18:33+00:00","mainEntityOfPage":{"@id":"https:\/\/infoecos.com.ar\/index.php\/se-prestara-normalmente-el-servicio-de-recoleccion-de-residuos-este-lunes-8\/"},"wordCount":214,"publisher":{"@id":"https:\/\/infoecos.com.ar\/#organization"},"image":{"@id":"https:\/\/infoecos.com.ar\/index.php\/se-prestara-normalmente-el-servicio-de-recoleccion-de-residuos-este-lunes-8\/#primaryimage"},"thumbnailUrl":"https:\/\/infoecos.com.ar\/wp-content\/uploads\/2020\/10\/Recoleccion.png","keywords":["EN TRENQUE LAUQUEN"],"articleSection":["C1 N3"],"inLanguage":"es"},{"@type":"WebPage","@id":"https:\/\/infoecos.com.ar\/index.php\/se-prestara-normalmente-el-servicio-de-recoleccion-de-residuos-este-lunes-8\/","url":"https:\/\/infoecos.com.ar\/index.php\/se-prestara-normalmente-el-servicio-de-recoleccion-de-residuos-este-lunes-8\/","name":"Se prestar\u00e1 normalmente el servicio de recolecci\u00f3n de residuos este lunes 8 - Infoecos","isPartOf":{"@id":"https:\/\/infoecos.com.ar\/#website"},"primaryImageOfPage":{"@id":"https:\/\/infoecos.com.ar\/index.php\/se-prestara-normalmente-el-servicio-de-recoleccion-de-residuos-este-lunes-8\/#primaryimage"},"image":{"@id":"https:\/\/infoecos.com.ar\/index.php\/se-prestara-normalmente-el-servicio-de-recoleccion-de-residuos-este-lunes-8\/#primaryimage"},"thumbnailUrl":"https:\/\/infoecos.com.ar\/wp-content\/uploads\/2020\/10\/Recoleccion.png","datePublished":"2021-11-05T06:44:56+00:00","dateModified":"2021-11-08T06:18:33+00:00","breadcrumb":{"@id":"https:\/\/infoecos.com.ar\/index.php\/se-prestara-normalmente-el-servicio-de-recoleccion-de-residuos-este-lunes-8\/#breadcrumb"},"inLanguage":"es","potentialAction":[{"@type":"ReadAction","target":["https:\/\/infoecos.com.ar\/index.php\/se-prestara-normalmente-el-servicio-de-recoleccion-de-residuos-este-lunes-8\/"]}]},{"@type":"ImageObject","inLanguage":"es","@id":"https:\/\/infoecos.com.ar\/index.php\/se-prestara-normalmente-el-servicio-de-recoleccion-de-residuos-este-lunes-8\/#primaryimage","url":"https:\/\/infoecos.com.ar\/wp-content\/uploads\/2020\/10\/Recoleccion.png","contentUrl":"https:\/\/infoecos.com.ar\/wp-content\/uploads\/2020\/10\/Recoleccion.png","width":1024,"height":576},{"@type":"BreadcrumbList","@id":"https:\/\/infoecos.com.ar\/index.php\/se-prestara-normalmente-el-servicio-de-recoleccion-de-residuos-este-lunes-8\/#breadcrumb","itemListElement":[{"@type":"ListItem","position":1,"name":"Portada","item":"https:\/\/infoecos.com.ar\/"},{"@type":"ListItem","position":2,"name":"Se prestar\u00e1 normalmente el servicio de recolecci\u00f3n de residuos este lunes 8"}]},{"@type":"WebSite","@id":"https:\/\/infoecos.com.ar\/#website","url":"https:\/\/infoecos.com.ar\/","name":"Infoecos","description":"Noticias de trenque lauquen y la zona","publisher":{"@id":"https:\/\/infoecos.com.ar\/#organization"},"alternateName":"Noticias","potentialAction":[{"@type":"SearchAction","target":{"@type":"EntryPoint","urlTemplate":"https:\/\/infoecos.com.ar\/?s={search_term_string}"},"query-input":{"@type":"PropertyValueSpecification","valueRequired":true,"valueName":"search_term_string"}}],"inLanguage":"es"},{"@type":"Organization","@id":"https:\/\/infoecos.com.ar\/#organization","name":"Infoecos","alternateName":"Noticias","url":"https:\/\/infoecos.com.ar\/","logo":{"@type":"ImageObject","inLanguage":"es","@id":"https:\/\/infoecos.com.ar\/#\/schema\/logo\/image\/","url":"https:\/\/infoecos.com.ar\/wp-content\/uploads\/2024\/03\/cropped-logo.png","contentUrl":"https:\/\/infoecos.com.ar\/wp-content\/uploads\/2024\/03\/cropped-logo.png","width":374,"height":90,"caption":"Infoecos"},"image":{"@id":"https:\/\/infoecos.com.ar\/#\/schema\/logo\/image\/"},"sameAs":["https:\/\/www.facebook.com\/profile.php?id=100063200290284","https:\/\/x.com\/infoecos"]},{"@type":"Person","@id":"https:\/\/infoecos.com.ar\/#\/schema\/person\/8f5ace5ce73b4b4aac4b7245aee6f191","name":"Jorge Matheus","url":"https:\/\/infoecos.com.ar\/index.php\/author\/jomatheus\/"}]}},"featured_image_urls":{"full":["https:\/\/infoecos.com.ar\/wp-content\/uploads\/2020\/10\/Recoleccion.png",1024,576,false],"thumbnail":["https:\/\/infoecos.com.ar\/wp-content\/uploads\/2020\/10\/Recoleccion-150x150.png",150,150,true],"medium":["https:\/\/infoecos.com.ar\/wp-content\/uploads\/2020\/10\/Recoleccion-460x259.png",460,259,true],"medium_large":["https:\/\/infoecos.com.ar\/wp-content\/uploads\/2020\/10\/Recoleccion-768x432.png",640,360,true],"large":["https:\/\/infoecos.com.ar\/wp-content\/uploads\/2020\/10\/Recoleccion-920x518.png",640,360,true],"1536x1536":["https:\/\/infoecos.com.ar\/wp-content\/uploads\/2020\/10\/Recoleccion.png",1024,576,false],"2048x2048":["https:\/\/infoecos.com.ar\/wp-content\/uploads\/2020\/10\/Recoleccion.png",1024,576,false],"covernews-slider-full":["https:\/\/infoecos.com.ar\/wp-content\/uploads\/2020\/10\/Recoleccion.png",1024,576,false],"covernews-slider-center":["https:\/\/infoecos.com.ar\/wp-content\/uploads\/2020\/10\/Recoleccion-936x576.png",800,492,true],"covernews-featured":["https:\/\/infoecos.com.ar\/wp-content\/uploads\/2020\/10\/Recoleccion.png",1024,576,false],"covernews-medium":["https:\/\/infoecos.com.ar\/wp-content\/uploads\/2020\/10\/Recoleccion-720x380.png",540,285,true],"covernews-medium-square":["https:\/\/infoecos.com.ar\/wp-content\/uploads\/2020\/10\/Recoleccion-675x450.png",375,250,true]},"author_info":{"info":["Jorge Matheus"]},"category_info":"<a href=\"https:\/\/infoecos.com.ar\/index.php\/category\/c1nota3\/\" rel=\"category tag\">C1 N3<\/a>","tag_info":"C1 N3","comment_count":"0","_links":{"self":[{"href":"https:\/\/infoecos.com.ar\/index.php\/wp-json\/wp\/v2\/posts\/89023"}],"collection":[{"href":"https:\/\/infoecos.com.ar\/index.php\/wp-json\/wp\/v2\/posts"}],"about":[{"href":"https:\/\/infoecos.com.ar\/index.php\/wp-json\/wp\/v2\/types\/post"}],"author":[{"embeddable":true,"href":"https:\/\/infoecos.com.ar\/index.php\/wp-json\/wp\/v2\/users\/2"}],"replies":[{"embeddable":true,"href":"https:\/\/infoecos.com.ar\/index.php\/wp-json\/wp\/v2\/comments?post=89023"}],"version-history":[{"count":2,"href":"https:\/\/infoecos.com.ar\/index.php\/wp-json\/wp\/v2\/posts\/89023\/revisions"}],"predecessor-version":[{"id":89161,"href":"https:\/\/infoecos.com.ar\/index.php\/wp-json\/wp\/v2\/posts\/89023\/revisions\/89161"}],"wp:featuredmedia":[{"embeddable":true,"href":"https:\/\/infoecos.com.ar\/index.php\/wp-json\/wp\/v2\/media\/69299"}],"wp:attachment":[{"href":"https:\/\/infoecos.com.ar\/index.php\/wp-json\/wp\/v2\/media?parent=89023"}],"wp:term":[{"taxonomy":"category","embeddable":true,"href":"https:\/\/infoecos.com.ar\/index.php\/wp-json\/wp\/v2\/categories?post=89023"},{"taxonomy":"post_tag","embeddable":true,"href":"https:\/\/infoecos.com.ar\/index.php\/wp-json\/wp\/v2\/tags?post=89023"}],"curies":[{"name":"wp","href":"https:\/\/api.w.org\/{rel}","templated":true}]}}