{"id":89035,"date":"2021-11-05T04:40:09","date_gmt":"2021-11-05T07:40:09","guid":{"rendered":"http:\/\/infoecos.com.ar\/?p=89035"},"modified":"2021-11-05T05:03:47","modified_gmt":"2021-11-05T08:03:47","slug":"diputados-destacaron-el-consenso-logrado-para-la-aprobacion-de-leyes-como-la-de-alivio-fiscal","status":"publish","type":"post","link":"https:\/\/infoecos.com.ar\/index.php\/diputados-destacaron-el-consenso-logrado-para-la-aprobacion-de-leyes-como-la-de-alivio-fiscal\/","title":{"rendered":"Diputados destacaron el consenso logrado para la aprobaci\u00f3n de leyes como la de Alivio Fiscal"},"content":{"rendered":"\n<p class=\"wp-block-paragraph\">Diputados del oficialismo y de la oposici\u00f3n destacaron la importancia del di\u00e1logo y del consenso logrado para la aprobaci\u00f3n de diversas leyes en la \u00faltima sesi\u00f3n, c\u00f3mo la de Alivio Fiscal, que comprende la condonaci\u00f3n de deudas a favor de entidades sin fines de lucro, c\u00f3mo clubes de barrio, bibliotecas, asociaciones de bomberos y sociedades de fomento.<\/p>\n\n\n\n<p class=\"wp-block-paragraph\">Al respecto, el diputado de la UCR por Formosa, Ricardo Buryaile, expres\u00f3: \u201cEstoy seguro que es muy importante la Ley de Etiquetado Frontal, la Ley Ovina y la Ley de Oncopediatr\u00eda. Tambi\u00e9n fue muy importante la aprobaci\u00f3n de los convenios internacionales, y el alivio fiscal, que es un tema que econ\u00f3mico central\u201d.<\/p>\n\n\n\n<figure class=\"wp-block-video\"><video height=\"480\" style=\"aspect-ratio: 848 \/ 480;\" width=\"848\" controls src=\"http:\/\/infoecos.com.ar\/wp-content\/uploads\/2021\/11\/WhatsApp-Video-2021-11-04-at-09.36.28.mp4\"><\/video><\/figure>\n\n\n\n<p class=\"wp-block-paragraph\">Por su parte, el diputado del Frente de Todos Carlos Ponce, sostuvo: \u201cNosotros entend\u00edamos que esta ley era muy necesaria y fue parte de un acuerdo muy amplio con la oposici\u00f3n. Ha habido una gran madurez pol\u00edtica. Las propuestas de la oposici\u00f3n se tuvieron en cuenta y eso es muy importante tambi\u00e9n\u201d.<\/p>\n\n\n\n<p class=\"wp-block-paragraph\">La ley de alivio fiscal se trata de un proyecto impulsado por el presidente de la C\u00e1mara de Diputados, Sergio Massa, que busca favorecer a la mayor cantidad de los contribuyentes afectados por la pandemia con el menor costo fiscal posible.<\/p>\n","protected":false},"excerpt":{"rendered":"<p>El diputado de la UCR por Formosa, Ricardo Buryaile, expres\u00f3: \u201cEstoy seguro que es muy importante la Ley de Etiquetado Frontal, la Ley Ovina y la Ley de Oncopediatr\u00eda\u00bb<\/p>\n","protected":false},"author":2,"featured_media":63120,"comment_status":"closed","ping_status":"open","sticky":false,"template":"","format":"standard","meta":{"footnotes":""},"categories":[1327,49,1328],"tags":[5577],"class_list":["post-89035","post","type-post","status-publish","format-standard","has-post-thumbnail","hentry","category-audio","category-c3nota3","category-video","tag-declaraciones-de-buryaile"],"featured_image_urls":{"full":["https:\/\/infoecos.com.ar\/wp-content\/uploads\/logo-hcdn-vertical.jpg",130,98,false],"thumbnail":["https:\/\/infoecos.com.ar\/wp-content\/uploads\/logo-hcdn-vertical.jpg",130,98,false],"medium":["https:\/\/infoecos.com.ar\/wp-content\/uploads\/logo-hcdn-vertical.jpg",130,98,false],"medium_large":["https:\/\/infoecos.com.ar\/wp-content\/uploads\/logo-hcdn-vertical.jpg",130,98,false],"large":["https:\/\/infoecos.com.ar\/wp-content\/uploads\/logo-hcdn-vertical.jpg",130,98,false],"1536x1536":["https:\/\/infoecos.com.ar\/wp-content\/uploads\/logo-hcdn-vertical.jpg",130,98,false],"2048x2048":["https:\/\/infoecos.com.ar\/wp-content\/uploads\/logo-hcdn-vertical.jpg",130,98,false],"covernews-slider-full":["https:\/\/infoecos.com.ar\/wp-content\/uploads\/logo-hcdn-vertical.jpg",130,98,false],"covernews-slider-center":["https:\/\/infoecos.com.ar\/wp-content\/uploads\/logo-hcdn-vertical.jpg",130,98,false],"covernews-featured":["https:\/\/infoecos.com.ar\/wp-content\/uploads\/logo-hcdn-vertical.jpg",130,98,false],"covernews-medium":["https:\/\/infoecos.com.ar\/wp-content\/uploads\/logo-hcdn-vertical.jpg",130,98,false],"covernews-medium-square":["https:\/\/infoecos.com.ar\/wp-content\/uploads\/logo-hcdn-vertical.jpg",130,98,false]},"author_info":{"info":["Jorge Matheus"]},"category_info":"<a href=\"https:\/\/infoecos.com.ar\/index.php\/category\/audio\/\" rel=\"category tag\">Audio<\/a> <a href=\"https:\/\/infoecos.com.ar\/index.php\/category\/c3nota3\/\" rel=\"category tag\">C3 N3<\/a> <a href=\"https:\/\/infoecos.com.ar\/index.php\/category\/video\/\" rel=\"category tag\">Video<\/a>","tag_info":"Video","comment_count":"0","_links":{"self":[{"href":"https:\/\/infoecos.com.ar\/index.php\/wp-json\/wp\/v2\/posts\/89035","targetHints":{"allow":["GET"]}}],"collection":[{"href":"https:\/\/infoecos.com.ar\/index.php\/wp-json\/wp\/v2\/posts"}],"about":[{"href":"https:\/\/infoecos.com.ar\/index.php\/wp-json\/wp\/v2\/types\/post"}],"author":[{"embeddable":true,"href":"https:\/\/infoecos.com.ar\/index.php\/wp-json\/wp\/v2\/users\/2"}],"replies":[{"embeddable":true,"href":"https:\/\/infoecos.com.ar\/index.php\/wp-json\/wp\/v2\/comments?post=89035"}],"version-history":[{"count":1,"href":"https:\/\/infoecos.com.ar\/index.php\/wp-json\/wp\/v2\/posts\/89035\/revisions"}],"predecessor-version":[{"id":89037,"href":"https:\/\/infoecos.com.ar\/index.php\/wp-json\/wp\/v2\/posts\/89035\/revisions\/89037"}],"wp:featuredmedia":[{"embeddable":true,"href":"https:\/\/infoecos.com.ar\/index.php\/wp-json\/wp\/v2\/media\/63120"}],"wp:attachment":[{"href":"https:\/\/infoecos.com.ar\/index.php\/wp-json\/wp\/v2\/media?parent=89035"}],"wp:term":[{"taxonomy":"category","embeddable":true,"href":"https:\/\/infoecos.com.ar\/index.php\/wp-json\/wp\/v2\/categories?post=89035"},{"taxonomy":"post_tag","embeddable":true,"href":"https:\/\/infoecos.com.ar\/index.php\/wp-json\/wp\/v2\/tags?post=89035"}],"curies":[{"name":"wp","href":"https:\/\/api.w.org\/{rel}","templated":true}]}}