{"id":89038,"date":"2021-11-05T04:52:10","date_gmt":"2021-11-05T07:52:10","guid":{"rendered":"http:\/\/infoecos.com.ar\/?p=89038"},"modified":"2021-11-05T04:52:14","modified_gmt":"2021-11-05T07:52:14","slug":"santilli-y-manes-estaran-hoy-en-la-ciudad-de-pehuajo","status":"publish","type":"post","link":"https:\/\/infoecos.com.ar\/index.php\/santilli-y-manes-estaran-hoy-en-la-ciudad-de-pehuajo\/","title":{"rendered":"Santilli y Manes estar\u00e1n hoy en la ciudad de Pehuaj\u00f3"},"content":{"rendered":"\n<p>Facundo Manes y Diego Santilli estar\u00e1n hoy en Pehuaj\u00f3.<\/p>\n\n\n\n<div class=\"wp-block-image is-style-default\"><figure class=\"aligncenter size-medium\"><img loading=\"lazy\" decoding=\"async\" width=\"460\" height=\"259\" src=\"http:\/\/infoecos.com.ar\/wp-content\/uploads\/2021\/11\/615ed80f101b2_900-460x259.jpg\" alt=\"\" class=\"wp-image-89039\" srcset=\"https:\/\/infoecos.com.ar\/wp-content\/uploads\/2021\/11\/615ed80f101b2_900-460x259.jpg 460w, https:\/\/infoecos.com.ar\/wp-content\/uploads\/2021\/11\/615ed80f101b2_900-768x433.jpg 768w, https:\/\/infoecos.com.ar\/wp-content\/uploads\/2021\/11\/615ed80f101b2_900.jpg 900w\" sizes=\"(max-width: 460px) 100vw, 460px\" \/><\/figure><\/div>\n\n\n\n<p>Los candidatos a diputados nacionales por Juntos para el Cambio tienen previsto arribar a las 14.15 en el marco de la campa\u00f1a electoral con vistas al pr\u00f3ximo 14 del corriente.<\/p>\n\n\n\n<p>A esa hora, ambos dirigentes mantendr\u00e1n un encuentro denominado \u00abEncuentro con Vecinos\u00bb, en WeeBar, ubicado en Alem 630 de esa ciudad. <\/p>\n","protected":false},"excerpt":{"rendered":"<p>A esa hora, ambos dirigentes mantendr\u00e1n un encuentro denominado \u00abEncuentro con Vecinos\u00bb, en WeeBar, ubicado en Alem 630 de esa ciudad<\/p>\n","protected":false},"author":2,"featured_media":89039,"comment_status":"closed","ping_status":"open","sticky":false,"template":"","format":"standard","meta":{"footnotes":""},"categories":[48],"tags":[5578],"class_list":["post-89038","post","type-post","status-publish","format-standard","has-post-thumbnail","hentry","category-c2nota3","tag-llegaran-a-las-14-15"],"yoast_head":"<!-- This site is optimized with the Yoast SEO plugin v23.4 - https:\/\/yoast.com\/wordpress\/plugins\/seo\/ -->\n<title>Santilli y Manes estar\u00e1n hoy en la ciudad de Pehuaj\u00f3 - Infoecos<\/title>\n<meta name=\"robots\" content=\"index, follow, max-snippet:-1, max-image-preview:large, max-video-preview:-1\" \/>\n<link rel=\"canonical\" href=\"https:\/\/infoecos.com.ar\/index.php\/santilli-y-manes-estaran-hoy-en-la-ciudad-de-pehuajo\/\" \/>\n<meta property=\"og:locale\" content=\"es_ES\" \/>\n<meta property=\"og:type\" content=\"article\" \/>\n<meta property=\"og:title\" content=\"Santilli y Manes estar\u00e1n hoy en la ciudad de Pehuaj\u00f3 - Infoecos\" \/>\n<meta property=\"og:description\" content=\"A esa hora, ambos dirigentes mantendr\u00e1n un encuentro denominado &quot;Encuentro con Vecinos&quot;, en WeeBar, ubicado en Alem 630 de esa ciudad\" \/>\n<meta property=\"og:url\" content=\"https:\/\/infoecos.com.ar\/index.php\/santilli-y-manes-estaran-hoy-en-la-ciudad-de-pehuajo\/\" \/>\n<meta property=\"og:site_name\" content=\"Infoecos\" \/>\n<meta property=\"article:publisher\" content=\"https:\/\/www.facebook.com\/profile.php?id=100063200290284\" \/>\n<meta property=\"article:published_time\" content=\"2021-11-05T07:52:10+00:00\" \/>\n<meta property=\"article:modified_time\" content=\"2021-11-05T07:52:14+00:00\" \/>\n<meta property=\"og:image\" content=\"https:\/\/infoecos.com.ar\/wp-content\/uploads\/2021\/11\/615ed80f101b2_900.jpg\" \/>\n\t<meta property=\"og:image:width\" content=\"900\" \/>\n\t<meta property=\"og:image:height\" content=\"507\" \/>\n\t<meta property=\"og:image:type\" content=\"image\/jpeg\" \/>\n<meta name=\"author\" content=\"Jorge Matheus\" \/>\n<meta name=\"twitter:card\" content=\"summary_large_image\" \/>\n<meta name=\"twitter:creator\" content=\"@infoecos\" \/>\n<meta name=\"twitter:site\" content=\"@infoecos\" \/>\n<meta name=\"twitter:label1\" content=\"Escrito por\" \/>\n\t<meta name=\"twitter:data1\" content=\"Jorge Matheus\" \/>\n<script type=\"application\/ld+json\" class=\"yoast-schema-graph\">{\"@context\":\"https:\/\/schema.org\",\"@graph\":[{\"@type\":\"Article\",\"@id\":\"https:\/\/infoecos.com.ar\/index.php\/santilli-y-manes-estaran-hoy-en-la-ciudad-de-pehuajo\/#article\",\"isPartOf\":{\"@id\":\"https:\/\/infoecos.com.ar\/index.php\/santilli-y-manes-estaran-hoy-en-la-ciudad-de-pehuajo\/\"},\"author\":{\"name\":\"Jorge Matheus\",\"@id\":\"https:\/\/infoecos.com.ar\/#\/schema\/person\/8f5ace5ce73b4b4aac4b7245aee6f191\"},\"headline\":\"Santilli y Manes estar\u00e1n hoy en la ciudad de Pehuaj\u00f3\",\"datePublished\":\"2021-11-05T07:52:10+00:00\",\"dateModified\":\"2021-11-05T07:52:14+00:00\",\"mainEntityOfPage\":{\"@id\":\"https:\/\/infoecos.com.ar\/index.php\/santilli-y-manes-estaran-hoy-en-la-ciudad-de-pehuajo\/\"},\"wordCount\":72,\"publisher\":{\"@id\":\"https:\/\/infoecos.com.ar\/#organization\"},\"image\":{\"@id\":\"https:\/\/infoecos.com.ar\/index.php\/santilli-y-manes-estaran-hoy-en-la-ciudad-de-pehuajo\/#primaryimage\"},\"thumbnailUrl\":\"https:\/\/infoecos.com.ar\/wp-content\/uploads\/2021\/11\/615ed80f101b2_900.jpg\",\"keywords\":[\"LLEGAR\u00c1N A LAS 14.15\"],\"articleSection\":[\"C2 N3\"],\"inLanguage\":\"es\"},{\"@type\":\"WebPage\",\"@id\":\"https:\/\/infoecos.com.ar\/index.php\/santilli-y-manes-estaran-hoy-en-la-ciudad-de-pehuajo\/\",\"url\":\"https:\/\/infoecos.com.ar\/index.php\/santilli-y-manes-estaran-hoy-en-la-ciudad-de-pehuajo\/\",\"name\":\"Santilli y Manes estar\u00e1n hoy en la ciudad de Pehuaj\u00f3 - Infoecos\",\"isPartOf\":{\"@id\":\"https:\/\/infoecos.com.ar\/#website\"},\"primaryImageOfPage\":{\"@id\":\"https:\/\/infoecos.com.ar\/index.php\/santilli-y-manes-estaran-hoy-en-la-ciudad-de-pehuajo\/#primaryimage\"},\"image\":{\"@id\":\"https:\/\/infoecos.com.ar\/index.php\/santilli-y-manes-estaran-hoy-en-la-ciudad-de-pehuajo\/#primaryimage\"},\"thumbnailUrl\":\"https:\/\/infoecos.com.ar\/wp-content\/uploads\/2021\/11\/615ed80f101b2_900.jpg\",\"datePublished\":\"2021-11-05T07:52:10+00:00\",\"dateModified\":\"2021-11-05T07:52:14+00:00\",\"breadcrumb\":{\"@id\":\"https:\/\/infoecos.com.ar\/index.php\/santilli-y-manes-estaran-hoy-en-la-ciudad-de-pehuajo\/#breadcrumb\"},\"inLanguage\":\"es\",\"potentialAction\":[{\"@type\":\"ReadAction\",\"target\":[\"https:\/\/infoecos.com.ar\/index.php\/santilli-y-manes-estaran-hoy-en-la-ciudad-de-pehuajo\/\"]}]},{\"@type\":\"ImageObject\",\"inLanguage\":\"es\",\"@id\":\"https:\/\/infoecos.com.ar\/index.php\/santilli-y-manes-estaran-hoy-en-la-ciudad-de-pehuajo\/#primaryimage\",\"url\":\"https:\/\/infoecos.com.ar\/wp-content\/uploads\/2021\/11\/615ed80f101b2_900.jpg\",\"contentUrl\":\"https:\/\/infoecos.com.ar\/wp-content\/uploads\/2021\/11\/615ed80f101b2_900.jpg\",\"width\":900,\"height\":507},{\"@type\":\"BreadcrumbList\",\"@id\":\"https:\/\/infoecos.com.ar\/index.php\/santilli-y-manes-estaran-hoy-en-la-ciudad-de-pehuajo\/#breadcrumb\",\"itemListElement\":[{\"@type\":\"ListItem\",\"position\":1,\"name\":\"Portada\",\"item\":\"https:\/\/infoecos.com.ar\/\"},{\"@type\":\"ListItem\",\"position\":2,\"name\":\"Santilli y Manes estar\u00e1n hoy en la ciudad de Pehuaj\u00f3\"}]},{\"@type\":\"WebSite\",\"@id\":\"https:\/\/infoecos.com.ar\/#website\",\"url\":\"https:\/\/infoecos.com.ar\/\",\"name\":\"Infoecos\",\"description\":\"Noticias de trenque lauquen y la zona\",\"publisher\":{\"@id\":\"https:\/\/infoecos.com.ar\/#organization\"},\"alternateName\":\"Noticias\",\"potentialAction\":[{\"@type\":\"SearchAction\",\"target\":{\"@type\":\"EntryPoint\",\"urlTemplate\":\"https:\/\/infoecos.com.ar\/?s={search_term_string}\"},\"query-input\":{\"@type\":\"PropertyValueSpecification\",\"valueRequired\":true,\"valueName\":\"search_term_string\"}}],\"inLanguage\":\"es\"},{\"@type\":\"Organization\",\"@id\":\"https:\/\/infoecos.com.ar\/#organization\",\"name\":\"Infoecos\",\"alternateName\":\"Noticias\",\"url\":\"https:\/\/infoecos.com.ar\/\",\"logo\":{\"@type\":\"ImageObject\",\"inLanguage\":\"es\",\"@id\":\"https:\/\/infoecos.com.ar\/#\/schema\/logo\/image\/\",\"url\":\"https:\/\/infoecos.com.ar\/wp-content\/uploads\/2024\/03\/cropped-logo.png\",\"contentUrl\":\"https:\/\/infoecos.com.ar\/wp-content\/uploads\/2024\/03\/cropped-logo.png\",\"width\":374,\"height\":90,\"caption\":\"Infoecos\"},\"image\":{\"@id\":\"https:\/\/infoecos.com.ar\/#\/schema\/logo\/image\/\"},\"sameAs\":[\"https:\/\/www.facebook.com\/profile.php?id=100063200290284\",\"https:\/\/x.com\/infoecos\"]},{\"@type\":\"Person\",\"@id\":\"https:\/\/infoecos.com.ar\/#\/schema\/person\/8f5ace5ce73b4b4aac4b7245aee6f191\",\"name\":\"Jorge Matheus\",\"url\":\"https:\/\/infoecos.com.ar\/index.php\/author\/jomatheus\/\"}]}<\/script>\n<!-- \/ Yoast SEO plugin. -->","yoast_head_json":{"title":"Santilli y Manes estar\u00e1n hoy en la ciudad de Pehuaj\u00f3 - Infoecos","robots":{"index":"index","follow":"follow","max-snippet":"max-snippet:-1","max-image-preview":"max-image-preview:large","max-video-preview":"max-video-preview:-1"},"canonical":"https:\/\/infoecos.com.ar\/index.php\/santilli-y-manes-estaran-hoy-en-la-ciudad-de-pehuajo\/","og_locale":"es_ES","og_type":"article","og_title":"Santilli y Manes estar\u00e1n hoy en la ciudad de Pehuaj\u00f3 - Infoecos","og_description":"A esa hora, ambos dirigentes mantendr\u00e1n un encuentro denominado \"Encuentro con Vecinos\", en WeeBar, ubicado en Alem 630 de esa ciudad","og_url":"https:\/\/infoecos.com.ar\/index.php\/santilli-y-manes-estaran-hoy-en-la-ciudad-de-pehuajo\/","og_site_name":"Infoecos","article_publisher":"https:\/\/www.facebook.com\/profile.php?id=100063200290284","article_published_time":"2021-11-05T07:52:10+00:00","article_modified_time":"2021-11-05T07:52:14+00:00","og_image":[{"width":900,"height":507,"url":"https:\/\/infoecos.com.ar\/wp-content\/uploads\/2021\/11\/615ed80f101b2_900.jpg","type":"image\/jpeg"}],"author":"Jorge Matheus","twitter_card":"summary_large_image","twitter_creator":"@infoecos","twitter_site":"@infoecos","twitter_misc":{"Escrito por":"Jorge Matheus"},"schema":{"@context":"https:\/\/schema.org","@graph":[{"@type":"Article","@id":"https:\/\/infoecos.com.ar\/index.php\/santilli-y-manes-estaran-hoy-en-la-ciudad-de-pehuajo\/#article","isPartOf":{"@id":"https:\/\/infoecos.com.ar\/index.php\/santilli-y-manes-estaran-hoy-en-la-ciudad-de-pehuajo\/"},"author":{"name":"Jorge Matheus","@id":"https:\/\/infoecos.com.ar\/#\/schema\/person\/8f5ace5ce73b4b4aac4b7245aee6f191"},"headline":"Santilli y Manes estar\u00e1n hoy en la ciudad de Pehuaj\u00f3","datePublished":"2021-11-05T07:52:10+00:00","dateModified":"2021-11-05T07:52:14+00:00","mainEntityOfPage":{"@id":"https:\/\/infoecos.com.ar\/index.php\/santilli-y-manes-estaran-hoy-en-la-ciudad-de-pehuajo\/"},"wordCount":72,"publisher":{"@id":"https:\/\/infoecos.com.ar\/#organization"},"image":{"@id":"https:\/\/infoecos.com.ar\/index.php\/santilli-y-manes-estaran-hoy-en-la-ciudad-de-pehuajo\/#primaryimage"},"thumbnailUrl":"https:\/\/infoecos.com.ar\/wp-content\/uploads\/2021\/11\/615ed80f101b2_900.jpg","keywords":["LLEGAR\u00c1N A LAS 14.15"],"articleSection":["C2 N3"],"inLanguage":"es"},{"@type":"WebPage","@id":"https:\/\/infoecos.com.ar\/index.php\/santilli-y-manes-estaran-hoy-en-la-ciudad-de-pehuajo\/","url":"https:\/\/infoecos.com.ar\/index.php\/santilli-y-manes-estaran-hoy-en-la-ciudad-de-pehuajo\/","name":"Santilli y Manes estar\u00e1n hoy en la ciudad de Pehuaj\u00f3 - Infoecos","isPartOf":{"@id":"https:\/\/infoecos.com.ar\/#website"},"primaryImageOfPage":{"@id":"https:\/\/infoecos.com.ar\/index.php\/santilli-y-manes-estaran-hoy-en-la-ciudad-de-pehuajo\/#primaryimage"},"image":{"@id":"https:\/\/infoecos.com.ar\/index.php\/santilli-y-manes-estaran-hoy-en-la-ciudad-de-pehuajo\/#primaryimage"},"thumbnailUrl":"https:\/\/infoecos.com.ar\/wp-content\/uploads\/2021\/11\/615ed80f101b2_900.jpg","datePublished":"2021-11-05T07:52:10+00:00","dateModified":"2021-11-05T07:52:14+00:00","breadcrumb":{"@id":"https:\/\/infoecos.com.ar\/index.php\/santilli-y-manes-estaran-hoy-en-la-ciudad-de-pehuajo\/#breadcrumb"},"inLanguage":"es","potentialAction":[{"@type":"ReadAction","target":["https:\/\/infoecos.com.ar\/index.php\/santilli-y-manes-estaran-hoy-en-la-ciudad-de-pehuajo\/"]}]},{"@type":"ImageObject","inLanguage":"es","@id":"https:\/\/infoecos.com.ar\/index.php\/santilli-y-manes-estaran-hoy-en-la-ciudad-de-pehuajo\/#primaryimage","url":"https:\/\/infoecos.com.ar\/wp-content\/uploads\/2021\/11\/615ed80f101b2_900.jpg","contentUrl":"https:\/\/infoecos.com.ar\/wp-content\/uploads\/2021\/11\/615ed80f101b2_900.jpg","width":900,"height":507},{"@type":"BreadcrumbList","@id":"https:\/\/infoecos.com.ar\/index.php\/santilli-y-manes-estaran-hoy-en-la-ciudad-de-pehuajo\/#breadcrumb","itemListElement":[{"@type":"ListItem","position":1,"name":"Portada","item":"https:\/\/infoecos.com.ar\/"},{"@type":"ListItem","position":2,"name":"Santilli y Manes estar\u00e1n hoy en la ciudad de Pehuaj\u00f3"}]},{"@type":"WebSite","@id":"https:\/\/infoecos.com.ar\/#website","url":"https:\/\/infoecos.com.ar\/","name":"Infoecos","description":"Noticias de trenque lauquen y la zona","publisher":{"@id":"https:\/\/infoecos.com.ar\/#organization"},"alternateName":"Noticias","potentialAction":[{"@type":"SearchAction","target":{"@type":"EntryPoint","urlTemplate":"https:\/\/infoecos.com.ar\/?s={search_term_string}"},"query-input":{"@type":"PropertyValueSpecification","valueRequired":true,"valueName":"search_term_string"}}],"inLanguage":"es"},{"@type":"Organization","@id":"https:\/\/infoecos.com.ar\/#organization","name":"Infoecos","alternateName":"Noticias","url":"https:\/\/infoecos.com.ar\/","logo":{"@type":"ImageObject","inLanguage":"es","@id":"https:\/\/infoecos.com.ar\/#\/schema\/logo\/image\/","url":"https:\/\/infoecos.com.ar\/wp-content\/uploads\/2024\/03\/cropped-logo.png","contentUrl":"https:\/\/infoecos.com.ar\/wp-content\/uploads\/2024\/03\/cropped-logo.png","width":374,"height":90,"caption":"Infoecos"},"image":{"@id":"https:\/\/infoecos.com.ar\/#\/schema\/logo\/image\/"},"sameAs":["https:\/\/www.facebook.com\/profile.php?id=100063200290284","https:\/\/x.com\/infoecos"]},{"@type":"Person","@id":"https:\/\/infoecos.com.ar\/#\/schema\/person\/8f5ace5ce73b4b4aac4b7245aee6f191","name":"Jorge Matheus","url":"https:\/\/infoecos.com.ar\/index.php\/author\/jomatheus\/"}]}},"featured_image_urls":{"full":["https:\/\/infoecos.com.ar\/wp-content\/uploads\/2021\/11\/615ed80f101b2_900.jpg",900,507,false],"thumbnail":["https:\/\/infoecos.com.ar\/wp-content\/uploads\/2021\/11\/615ed80f101b2_900-150x150.jpg",150,150,true],"medium":["https:\/\/infoecos.com.ar\/wp-content\/uploads\/2021\/11\/615ed80f101b2_900-460x259.jpg",460,259,true],"medium_large":["https:\/\/infoecos.com.ar\/wp-content\/uploads\/2021\/11\/615ed80f101b2_900-768x433.jpg",640,361,true],"large":["https:\/\/infoecos.com.ar\/wp-content\/uploads\/2021\/11\/615ed80f101b2_900.jpg",640,361,false],"1536x1536":["https:\/\/infoecos.com.ar\/wp-content\/uploads\/2021\/11\/615ed80f101b2_900.jpg",900,507,false],"2048x2048":["https:\/\/infoecos.com.ar\/wp-content\/uploads\/2021\/11\/615ed80f101b2_900.jpg",900,507,false],"covernews-slider-full":["https:\/\/infoecos.com.ar\/wp-content\/uploads\/2021\/11\/615ed80f101b2_900.jpg",900,507,false],"covernews-slider-center":["https:\/\/infoecos.com.ar\/wp-content\/uploads\/2021\/11\/615ed80f101b2_900.jpg",800,451,false],"covernews-featured":["https:\/\/infoecos.com.ar\/wp-content\/uploads\/2021\/11\/615ed80f101b2_900.jpg",900,507,false],"covernews-medium":["https:\/\/infoecos.com.ar\/wp-content\/uploads\/2021\/11\/615ed80f101b2_900-720x380.jpg",540,285,true],"covernews-medium-square":["https:\/\/infoecos.com.ar\/wp-content\/uploads\/2021\/11\/615ed80f101b2_900-675x450.jpg",375,250,true]},"author_info":{"info":["Jorge Matheus"]},"category_info":"<a href=\"https:\/\/infoecos.com.ar\/index.php\/category\/c2nota3\/\" rel=\"category tag\">C2 N3<\/a>","tag_info":"C2 N3","comment_count":"0","_links":{"self":[{"href":"https:\/\/infoecos.com.ar\/index.php\/wp-json\/wp\/v2\/posts\/89038"}],"collection":[{"href":"https:\/\/infoecos.com.ar\/index.php\/wp-json\/wp\/v2\/posts"}],"about":[{"href":"https:\/\/infoecos.com.ar\/index.php\/wp-json\/wp\/v2\/types\/post"}],"author":[{"embeddable":true,"href":"https:\/\/infoecos.com.ar\/index.php\/wp-json\/wp\/v2\/users\/2"}],"replies":[{"embeddable":true,"href":"https:\/\/infoecos.com.ar\/index.php\/wp-json\/wp\/v2\/comments?post=89038"}],"version-history":[{"count":1,"href":"https:\/\/infoecos.com.ar\/index.php\/wp-json\/wp\/v2\/posts\/89038\/revisions"}],"predecessor-version":[{"id":89040,"href":"https:\/\/infoecos.com.ar\/index.php\/wp-json\/wp\/v2\/posts\/89038\/revisions\/89040"}],"wp:featuredmedia":[{"embeddable":true,"href":"https:\/\/infoecos.com.ar\/index.php\/wp-json\/wp\/v2\/media\/89039"}],"wp:attachment":[{"href":"https:\/\/infoecos.com.ar\/index.php\/wp-json\/wp\/v2\/media?parent=89038"}],"wp:term":[{"taxonomy":"category","embeddable":true,"href":"https:\/\/infoecos.com.ar\/index.php\/wp-json\/wp\/v2\/categories?post=89038"},{"taxonomy":"post_tag","embeddable":true,"href":"https:\/\/infoecos.com.ar\/index.php\/wp-json\/wp\/v2\/tags?post=89038"}],"curies":[{"name":"wp","href":"https:\/\/api.w.org\/{rel}","templated":true}]}}