{"id":89098,"date":"2021-11-05T13:56:42","date_gmt":"2021-11-05T16:56:42","guid":{"rendered":"http:\/\/infoecos.com.ar\/?p=89098"},"modified":"2021-11-09T03:04:18","modified_gmt":"2021-11-09T06:04:18","slug":"sergio-massa-llamo-a-un-gran-acuerdo-nacional-para-definir-politicas-de-estado","status":"publish","type":"post","link":"https:\/\/infoecos.com.ar\/index.php\/sergio-massa-llamo-a-un-gran-acuerdo-nacional-para-definir-politicas-de-estado\/","title":{"rendered":"Sergio Massa llam\u00f3 a un gran acuerdo nacional para definir pol\u00edticas de Estado"},"content":{"rendered":"\n<p class=\"wp-block-paragraph\">Sergio Massa visit\u00f3 Villa Gesell y augur\u00f3 que el 2022 va ser un buen a\u00f1o para Argentina. Durante su recorrida por la ciudad balnearia puso el eje en la producci\u00f3n, el empleo y la recuperaci\u00f3n econ\u00f3mica.<\/p>\n\n\n\n<p class=\"wp-block-paragraph\">Recorri\u00f3 la f\u00e1brica de alfajores Amalfi, junto con el intendente Gustavo Barrera; la candidata a diputada nacional Marcela Passo, los diputados nacionales Jimena L\u00f3pez y Ramiro Guti\u00e9rrez; y la candidata a concejala local, Gabriela Carignano.<\/p>\n\n\n\n<div class=\"wp-block-image is-style-default\"><figure class=\"aligncenter size-medium\"><img loading=\"lazy\" decoding=\"async\" width=\"460\" height=\"306\" src=\"http:\/\/infoecos.com.ar\/wp-content\/uploads\/2021\/11\/49666fa6-a3f1-4e03-99d4-4c5fb245f91a-460x306.jpg\" alt=\"\" class=\"wp-image-89099\" srcset=\"https:\/\/infoecos.com.ar\/wp-content\/uploads\/2021\/11\/49666fa6-a3f1-4e03-99d4-4c5fb245f91a-460x306.jpg 460w, https:\/\/infoecos.com.ar\/wp-content\/uploads\/2021\/11\/49666fa6-a3f1-4e03-99d4-4c5fb245f91a-920x613.jpg 920w, https:\/\/infoecos.com.ar\/wp-content\/uploads\/2021\/11\/49666fa6-a3f1-4e03-99d4-4c5fb245f91a-768x512.jpg 768w, https:\/\/infoecos.com.ar\/wp-content\/uploads\/2021\/11\/49666fa6-a3f1-4e03-99d4-4c5fb245f91a-675x450.jpg 675w, https:\/\/infoecos.com.ar\/wp-content\/uploads\/2021\/11\/49666fa6-a3f1-4e03-99d4-4c5fb245f91a.jpg 1024w\" sizes=\"auto, (max-width: 460px) 100vw, 460px\" \/><\/figure><\/div>\n\n\n\n<p class=\"wp-block-paragraph\">All\u00ed, Massa destac\u00f3: \u00abEs tiempo de superar la pandemia, las discusiones y ponerse el Gobierno al hombro, porque en 2022 la Argentina va a tener un buen a\u00f1o y a salir adelante\u00bb.<\/p>\n\n\n\n<p class=\"wp-block-paragraph\">\u00abArrancamos lo que creemos va a ser la temporada de verano m\u00e1s exitosa de la Argentina en los \u00faltimos 20 a\u00f1os, con m\u00e1s de 2 millones de previaje vendidos, lo que va a generar un impacto muy importante en el mercado interno\u00bb, indic\u00f3 tambi\u00e9n el presidente de la C\u00e1mara baja.<\/p>\n\n\n\n<p class=\"wp-block-paragraph\">Y continu\u00f3: \u00abPara este sector se abre adem\u00e1s el debate de la ley que promueve el Ministerio de Turismo, que permite avisorar 540 mil nuevos empleos para el a\u00f1o pr\u00f3ximo en turismo y gastronom\u00eda, bajando impuestos al sector, promoviendo cr\u00e9ditos con tasa segura y d\u00e1ndoles la posibilidad a los empleadores de, en un principio, no pagar contribuciones por cada trabajador que tome y que el Estado pague parte de los salarios\u00bb.<\/p>\n\n\n\n<p class=\"wp-block-paragraph\">Adem\u00e1s, sostuvo que \u00abviene el tiempo en el que tenemos que empujar todos el carro para que la Argentina salga adelante\u00bb.<\/p>\n\n\n\n<p class=\"wp-block-paragraph\">Massa volvi\u00f3 a llamar a un gran acuerdo para definir pol\u00edticas de Estado, y afirm\u00f3: \u00abNuestro desaf\u00edo es convocar a la unidad nacional, construir el crecimiento econ\u00f3mico de la Argentina con recuperaci\u00f3n del ingreso de los argentinos. La pandemia nos fren\u00f3 y nuestra tarea hoy es hacer lo que la pandemia no nos dej\u00f3 para que los argentinos vivan mejor\u00bb.<\/p>\n\n\n\n<div class=\"wp-block-image is-style-default\"><figure class=\"aligncenter size-medium\"><img loading=\"lazy\" decoding=\"async\" width=\"460\" height=\"306\" src=\"http:\/\/infoecos.com.ar\/wp-content\/uploads\/2021\/11\/ae607dda-96a3-4dfd-a192-ce4c868baf62-460x306.jpg\" alt=\"\" class=\"wp-image-89100\" srcset=\"https:\/\/infoecos.com.ar\/wp-content\/uploads\/2021\/11\/ae607dda-96a3-4dfd-a192-ce4c868baf62-460x306.jpg 460w, https:\/\/infoecos.com.ar\/wp-content\/uploads\/2021\/11\/ae607dda-96a3-4dfd-a192-ce4c868baf62-920x613.jpg 920w, https:\/\/infoecos.com.ar\/wp-content\/uploads\/2021\/11\/ae607dda-96a3-4dfd-a192-ce4c868baf62-768x512.jpg 768w, https:\/\/infoecos.com.ar\/wp-content\/uploads\/2021\/11\/ae607dda-96a3-4dfd-a192-ce4c868baf62-675x450.jpg 675w, https:\/\/infoecos.com.ar\/wp-content\/uploads\/2021\/11\/ae607dda-96a3-4dfd-a192-ce4c868baf62.jpg 1024w\" sizes=\"auto, (max-width: 460px) 100vw, 460px\" \/><\/figure><\/div>\n\n\n\n<p class=\"wp-block-paragraph\">Tras la recorrida por esa Pyme, visitaron las obras de asfalto circunvalaci\u00f3n en la calle 139 y la construcci\u00f3n de un centro de salud modular. Luego, estuvieron en la Sala de Monitoreo municipal.<\/p>\n\n\n\n<p class=\"wp-block-paragraph\">Por la tarde, Massa comparti\u00f3 un encuentro para dialogar sobre recuperaci\u00f3n econ\u00f3mica pospandemia con empresarios, pymes y comerciantes, donde escuch\u00f3 las necesidades de cada sector.<\/p>\n\n\n\n<p class=\"wp-block-paragraph\">Participaron, adem\u00e1s, la candidata a legisladora nacional Guillermina Eyras; los legisladores provinciales Marcela Faroni y Germ\u00e1n Di C\u00e9sare; los jefes comunales Francisco Echarren (Castelli) y Alberto Gelene (Las Flores); el concejal marplatense Ariel Ciano; la concejala Miriam Oliataguerre, el candidato a concejal Omar Galeano y el dirigente Marcelo Vendramin.<\/p>\n","protected":false},"excerpt":{"rendered":"<p>Sergio Massa visit\u00f3 Villa Gesell y augur\u00f3 que el 2022 va ser un buen a\u00f1o para Argentina. Durante su recorrida por la ciudad balnearia puso el eje en la producci\u00f3n, el empleo y la recuperaci\u00f3n econ\u00f3mica<\/p>\n","protected":false},"author":2,"featured_media":89101,"comment_status":"closed","ping_status":"open","sticky":false,"template":"","format":"standard","meta":{"footnotes":""},"categories":[1335],"tags":[],"class_list":["post-89098","post","type-post","status-publish","format-standard","has-post-thumbnail","hentry","category-inferior15"],"featured_image_urls":{"full":["https:\/\/infoecos.com.ar\/wp-content\/uploads\/2021\/11\/b71021dc-3a22-4954-9159-f804cb16eb9f.jpg",1024,682,false],"thumbnail":["https:\/\/infoecos.com.ar\/wp-content\/uploads\/2021\/11\/b71021dc-3a22-4954-9159-f804cb16eb9f-150x150.jpg",150,150,true],"medium":["https:\/\/infoecos.com.ar\/wp-content\/uploads\/2021\/11\/b71021dc-3a22-4954-9159-f804cb16eb9f-460x306.jpg",460,306,true],"medium_large":["https:\/\/infoecos.com.ar\/wp-content\/uploads\/2021\/11\/b71021dc-3a22-4954-9159-f804cb16eb9f-768x512.jpg",640,427,true],"large":["https:\/\/infoecos.com.ar\/wp-content\/uploads\/2021\/11\/b71021dc-3a22-4954-9159-f804cb16eb9f-920x613.jpg",640,426,true],"1536x1536":["https:\/\/infoecos.com.ar\/wp-content\/uploads\/2021\/11\/b71021dc-3a22-4954-9159-f804cb16eb9f.jpg",1024,682,false],"2048x2048":["https:\/\/infoecos.com.ar\/wp-content\/uploads\/2021\/11\/b71021dc-3a22-4954-9159-f804cb16eb9f.jpg",1024,682,false],"covernews-slider-full":["https:\/\/infoecos.com.ar\/wp-content\/uploads\/2021\/11\/b71021dc-3a22-4954-9159-f804cb16eb9f.jpg",1024,682,false],"covernews-slider-center":["https:\/\/infoecos.com.ar\/wp-content\/uploads\/2021\/11\/b71021dc-3a22-4954-9159-f804cb16eb9f-936x682.jpg",686,500,true],"covernews-featured":["https:\/\/infoecos.com.ar\/wp-content\/uploads\/2021\/11\/b71021dc-3a22-4954-9159-f804cb16eb9f.jpg",1024,682,false],"covernews-medium":["https:\/\/infoecos.com.ar\/wp-content\/uploads\/2021\/11\/b71021dc-3a22-4954-9159-f804cb16eb9f-720x380.jpg",540,285,true],"covernews-medium-square":["https:\/\/infoecos.com.ar\/wp-content\/uploads\/2021\/11\/b71021dc-3a22-4954-9159-f804cb16eb9f-675x450.jpg",375,250,true]},"author_info":{"info":["Jorge Matheus"]},"category_info":"<a href=\"https:\/\/infoecos.com.ar\/index.php\/category\/inferior15\/\" rel=\"category tag\">Bloque inferior - 15<\/a>","tag_info":"Bloque inferior - 15","comment_count":"0","_links":{"self":[{"href":"https:\/\/infoecos.com.ar\/index.php\/wp-json\/wp\/v2\/posts\/89098","targetHints":{"allow":["GET"]}}],"collection":[{"href":"https:\/\/infoecos.com.ar\/index.php\/wp-json\/wp\/v2\/posts"}],"about":[{"href":"https:\/\/infoecos.com.ar\/index.php\/wp-json\/wp\/v2\/types\/post"}],"author":[{"embeddable":true,"href":"https:\/\/infoecos.com.ar\/index.php\/wp-json\/wp\/v2\/users\/2"}],"replies":[{"embeddable":true,"href":"https:\/\/infoecos.com.ar\/index.php\/wp-json\/wp\/v2\/comments?post=89098"}],"version-history":[{"count":1,"href":"https:\/\/infoecos.com.ar\/index.php\/wp-json\/wp\/v2\/posts\/89098\/revisions"}],"predecessor-version":[{"id":89102,"href":"https:\/\/infoecos.com.ar\/index.php\/wp-json\/wp\/v2\/posts\/89098\/revisions\/89102"}],"wp:featuredmedia":[{"embeddable":true,"href":"https:\/\/infoecos.com.ar\/index.php\/wp-json\/wp\/v2\/media\/89101"}],"wp:attachment":[{"href":"https:\/\/infoecos.com.ar\/index.php\/wp-json\/wp\/v2\/media?parent=89098"}],"wp:term":[{"taxonomy":"category","embeddable":true,"href":"https:\/\/infoecos.com.ar\/index.php\/wp-json\/wp\/v2\/categories?post=89098"},{"taxonomy":"post_tag","embeddable":true,"href":"https:\/\/infoecos.com.ar\/index.php\/wp-json\/wp\/v2\/tags?post=89098"}],"curies":[{"name":"wp","href":"https:\/\/api.w.org\/{rel}","templated":true}]}}