{"id":89105,"date":"2021-11-05T16:48:18","date_gmt":"2021-11-05T19:48:18","guid":{"rendered":"http:\/\/infoecos.com.ar\/?p=89105"},"modified":"2021-11-09T03:03:54","modified_gmt":"2021-11-09T06:03:54","slug":"marta-cohen-hablo-en-radio-mitre-sobre-la-nueva-pildora-para-tratar-el-coronavirus","status":"publish","type":"post","link":"https:\/\/infoecos.com.ar\/index.php\/marta-cohen-hablo-en-radio-mitre-sobre-la-nueva-pildora-para-tratar-el-coronavirus\/","title":{"rendered":"Marta Cohen habl\u00f3 en Radio Mitre sobre la nueva p\u00edldora para tratar el coronavirus"},"content":{"rendered":"\n<p class=\"wp-block-paragraph\">En di\u00e1logo con<strong>&nbsp;Jorge Lanata<\/strong>,&nbsp;<a rel=\"noreferrer noopener\" href=\"https:\/\/radiomitre.cienradios.com\/nuestro-aire\/lanata-sin-filtro\/\" target=\"_blank\">en&nbsp;<strong>\u201cLanata Sin Filtro\u201d<\/strong><\/a>, la pat\u00f3loga y pediatra<strong>&nbsp;Marta Cohen<\/strong>, que est\u00e1 radicada en Reino Unido, explic\u00f3 de qu\u00e9 se trata el&nbsp;<a rel=\"noreferrer noopener\" href=\"https:\/\/radiomitre.cienradios.com\/salud-y-bienestar\/como-funciona-el-molnupiravir-la-pildora-de-merck-contra-el-coronavirus\/\" target=\"_blank\"><strong>Molnupiravir<\/strong>, la nueva&nbsp;<strong>p\u00edldora para tratar el coronavirus, de Merck<\/strong>,<\/a>&nbsp;que fue aprobada recientemente por ese pa\u00eds. Adem\u00e1s, la especialista precis\u00f3 qui\u00e9nes tendr\u00edan prioridad para recibir este tratamiento y el valor aproximado. Sobre la nueva p\u00edldora, la doctora explic\u00f3 que&nbsp;<strong>\u201ces un medicamento que se estaba practicando en el laboratorio (Emery) de los Estados Unidos\u201d<\/strong>. Sobre en qu\u00e9 se origin\u00f3,&nbsp;<strong>Marta Cohen<\/strong>&nbsp;fue precisa: \u201c<strong>Lo estaban trabajando para la encefalitis equina venezolana que decidieron pasar a trabajarlo para el covid\u201d<\/strong>, se\u00f1al\u00f3.<\/p>\n\n\n\n<div class=\"wp-block-image is-style-default\"><figure class=\"aligncenter size-medium\"><img loading=\"lazy\" decoding=\"async\" width=\"460\" height=\"259\" src=\"http:\/\/infoecos.com.ar\/wp-content\/uploads\/2021\/11\/cohenmarta-460x259.jpg\" alt=\"\" class=\"wp-image-89106\" srcset=\"https:\/\/infoecos.com.ar\/wp-content\/uploads\/2021\/11\/cohenmarta-460x259.jpg 460w, https:\/\/infoecos.com.ar\/wp-content\/uploads\/2021\/11\/cohenmarta.jpg 624w\" sizes=\"auto, (max-width: 460px) 100vw, 460px\" \/><\/figure><\/div>\n\n\n\n<p class=\"wp-block-paragraph\">Sobre los destinatarios de este nuevo tratamiento para el coronavirus, en casos leves o moderados,&nbsp;<strong>Marta Cohen&nbsp;<\/strong>explic\u00f3 que&nbsp;<strong>\u201ctiene un 50% de posibilidades de evitar la muerte o enfermedad grave\u201d.<\/strong>&nbsp;Sobre el mecanismo del que se vale para detener la enfermedad, de modo de evitar la enfermedad en su estado grave, la especialista detall\u00f3 que<strong>&nbsp;\u201cse introducen dos part\u00edculas al genoma del virus e interrumpen su multiplicaci\u00f3n\u201d.<\/strong><\/p>\n\n\n\n<p class=\"wp-block-paragraph\">Asimismo, la doctora explic\u00f3 que&nbsp;<strong>\u201chay que darlo (durante) cinco d\u00edas de tratamiento, dos veces por d\u00eda\u201d y que se administra de forma \u201coral, al comienzo de la enfermedad\u201d.&nbsp;<\/strong>Tras ello,<strong>&nbsp;Marta Cohen<\/strong>&nbsp;dej\u00f3 en claro que&nbsp;<strong>\u201cno se puede dar a pacientes graves\u201d.&nbsp;<\/strong>Sobre los pacientes que tienen prioridad en el tratamiento, la especialista detall\u00f3 que&nbsp;<strong>\u201cse le va a dar a las personas con comorbilidades o de mayor edad porque tienen mayor riesgo de morir o enfermarse gravemente\u201d<\/strong>&nbsp;y que<strong>&nbsp;\u201cen Reino Unido va a haber 480 mil dosis en las pr\u00f3ximas semanas\u201d.Estas cantidades no alcanzar\u00edan \u201cpara todos\u201d, por ese motivo es que se establecen las prioridades.&nbsp;<\/strong>Adem\u00e1s, especific\u00f3 cu\u00e1l ser\u00eda el valor monetario que tiene en Reino Unido:&nbsp;<strong>\u201cEsto tiene un costo de 700 d\u00f3lares, no es para cualquiera\u201d<\/strong>, finaliz\u00f3 Cohen.<\/p>\n\n\n\n<p class=\"wp-block-paragraph\"><strong>Textual: radiomitre.com.ar<\/strong><\/p>\n","protected":false},"excerpt":{"rendered":"<p>Marta Cohen explic\u00f3 que \u201ctiene un 50% de posibilidades de evitar la muerte o enfermedad grave\u201d<\/p>\n","protected":false},"author":2,"featured_media":89106,"comment_status":"closed","ping_status":"open","sticky":false,"template":"","format":"standard","meta":{"footnotes":""},"categories":[1334],"tags":[5584],"class_list":["post-89105","post","type-post","status-publish","format-standard","has-post-thumbnail","hentry","category-inferior14","tag-nueva-pildora-para-el-coronavirus"],"featured_image_urls":{"full":["https:\/\/infoecos.com.ar\/wp-content\/uploads\/2021\/11\/cohenmarta.jpg",624,351,false],"thumbnail":["https:\/\/infoecos.com.ar\/wp-content\/uploads\/2021\/11\/cohenmarta-150x150.jpg",150,150,true],"medium":["https:\/\/infoecos.com.ar\/wp-content\/uploads\/2021\/11\/cohenmarta-460x259.jpg",460,259,true],"medium_large":["https:\/\/infoecos.com.ar\/wp-content\/uploads\/2021\/11\/cohenmarta.jpg",624,351,false],"large":["https:\/\/infoecos.com.ar\/wp-content\/uploads\/2021\/11\/cohenmarta.jpg",624,351,false],"1536x1536":["https:\/\/infoecos.com.ar\/wp-content\/uploads\/2021\/11\/cohenmarta.jpg",624,351,false],"2048x2048":["https:\/\/infoecos.com.ar\/wp-content\/uploads\/2021\/11\/cohenmarta.jpg",624,351,false],"covernews-slider-full":["https:\/\/infoecos.com.ar\/wp-content\/uploads\/2021\/11\/cohenmarta.jpg",624,351,false],"covernews-slider-center":["https:\/\/infoecos.com.ar\/wp-content\/uploads\/2021\/11\/cohenmarta.jpg",624,351,false],"covernews-featured":["https:\/\/infoecos.com.ar\/wp-content\/uploads\/2021\/11\/cohenmarta.jpg",624,351,false],"covernews-medium":["https:\/\/infoecos.com.ar\/wp-content\/uploads\/2021\/11\/cohenmarta.jpg",540,304,false],"covernews-medium-square":["https:\/\/infoecos.com.ar\/wp-content\/uploads\/2021\/11\/cohenmarta.jpg",400,225,false]},"author_info":{"info":["Jorge Matheus"]},"category_info":"<a href=\"https:\/\/infoecos.com.ar\/index.php\/category\/inferior14\/\" rel=\"category tag\">Bloque inferior - 14<\/a>","tag_info":"Bloque inferior - 14","comment_count":"0","_links":{"self":[{"href":"https:\/\/infoecos.com.ar\/index.php\/wp-json\/wp\/v2\/posts\/89105","targetHints":{"allow":["GET"]}}],"collection":[{"href":"https:\/\/infoecos.com.ar\/index.php\/wp-json\/wp\/v2\/posts"}],"about":[{"href":"https:\/\/infoecos.com.ar\/index.php\/wp-json\/wp\/v2\/types\/post"}],"author":[{"embeddable":true,"href":"https:\/\/infoecos.com.ar\/index.php\/wp-json\/wp\/v2\/users\/2"}],"replies":[{"embeddable":true,"href":"https:\/\/infoecos.com.ar\/index.php\/wp-json\/wp\/v2\/comments?post=89105"}],"version-history":[{"count":2,"href":"https:\/\/infoecos.com.ar\/index.php\/wp-json\/wp\/v2\/posts\/89105\/revisions"}],"predecessor-version":[{"id":89111,"href":"https:\/\/infoecos.com.ar\/index.php\/wp-json\/wp\/v2\/posts\/89105\/revisions\/89111"}],"wp:featuredmedia":[{"embeddable":true,"href":"https:\/\/infoecos.com.ar\/index.php\/wp-json\/wp\/v2\/media\/89106"}],"wp:attachment":[{"href":"https:\/\/infoecos.com.ar\/index.php\/wp-json\/wp\/v2\/media?parent=89105"}],"wp:term":[{"taxonomy":"category","embeddable":true,"href":"https:\/\/infoecos.com.ar\/index.php\/wp-json\/wp\/v2\/categories?post=89105"},{"taxonomy":"post_tag","embeddable":true,"href":"https:\/\/infoecos.com.ar\/index.php\/wp-json\/wp\/v2\/tags?post=89105"}],"curies":[{"name":"wp","href":"https:\/\/api.w.org\/{rel}","templated":true}]}}