{"id":89108,"date":"2021-11-05T16:55:33","date_gmt":"2021-11-05T19:55:33","guid":{"rendered":"http:\/\/infoecos.com.ar\/?p=89108"},"modified":"2021-11-05T16:55:33","modified_gmt":"2021-11-05T19:55:33","slug":"los-valores-de-todos-los-medicamentos-se-retrotraeran-a-los-valores-vigentes-al-1-de-noviembre-pasado","status":"publish","type":"post","link":"https:\/\/infoecos.com.ar\/index.php\/los-valores-de-todos-los-medicamentos-se-retrotraeran-a-los-valores-vigentes-al-1-de-noviembre-pasado\/","title":{"rendered":"Los valores de \u00abtodos los medicamentos\u00bb se retrotraer\u00e1n a los valores vigentes al 1 de noviembre pasado"},"content":{"rendered":"\n<p class=\"wp-block-paragraph\">El secretario de Comercio Interior, Roberto Feletti, indic\u00f3 que, en principio, los valores de \u00abtodos los medicamentos\u00bb se retrotraer\u00e1n a los valores vigentes al 1 de noviembre pasado y se mantendr\u00e1n sin cambios hasta el 7 de enero pr\u00f3ximo, luego de que el Gobierno nacional alcanzara el jueves\u00a0un principio de acuerdo con los laboratorios.<\/p>\n\n\n\n<p class=\"wp-block-paragraph\">\u00abTodos sabemos, y eso por supuesto lo tienen que decir los sanitaristas, que el consumo de medicamentos normalmente gira en torno de 500 productos, pero van a ir todos los medicamentos\u00bb, explic\u00f3 Feletti esta ma\u00f1ana en di\u00e1logo con Radio 10.<\/p>\n\n\n\n<div class=\"wp-block-image is-style-default\"><figure class=\"aligncenter size-medium\"><img loading=\"lazy\" decoding=\"async\" width=\"460\" height=\"259\" src=\"http:\/\/infoecos.com.ar\/wp-content\/uploads\/2021\/11\/FELETTI-460x259.jpg\" alt=\"\" class=\"wp-image-89109\" srcset=\"https:\/\/infoecos.com.ar\/wp-content\/uploads\/2021\/11\/FELETTI-460x259.jpg 460w, https:\/\/infoecos.com.ar\/wp-content\/uploads\/2021\/11\/FELETTI-768x432.jpg 768w, https:\/\/infoecos.com.ar\/wp-content\/uploads\/2021\/11\/FELETTI.jpg 900w\" sizes=\"auto, (max-width: 460px) 100vw, 460px\" \/><\/figure><\/div>\n\n\n\n<p class=\"wp-block-paragraph\">Tras lo cual, asever\u00f3 que hubo \u201cafortunadamente compresi\u00f3n de las c\u00e1maras farmac\u00e9uticas\u201d, y adelant\u00f3 que desde el lunes \u201ctendr\u00edan que empezar a ordenarse\u201d los precios.<\/p>\n\n\n\n<p class=\"wp-block-paragraph\">El secretario precis\u00f3 que la modalidad de monitoreo ser\u00e1 a trav\u00e9s de la carga de precios por parte de los laboratorios a trav\u00e9s del Vademecum Nacional de Medicamentos que publica la Administraci\u00f3n Nacional de Medicamentos, Alimentos y Tecnolog\u00eda M\u00e9dica (Anmat), la base de datos de los medicamentos que se comercializan actualmente en el pa\u00eds.<\/p>\n","protected":false},"excerpt":{"rendered":"<p>Se mantendr\u00e1n sin cambios hasta el 7 de enero pr\u00f3ximo<\/p>\n","protected":false},"author":2,"featured_media":89109,"comment_status":"closed","ping_status":"open","sticky":false,"template":"","format":"standard","meta":{"footnotes":""},"categories":[29],"tags":[5583],"class_list":["post-89108","post","type-post","status-publish","format-standard","has-post-thumbnail","hentry","category-c2nota1","tag-en-principio-hay-acuerdo"],"featured_image_urls":{"full":["https:\/\/infoecos.com.ar\/wp-content\/uploads\/2021\/11\/FELETTI.jpg",900,506,false],"thumbnail":["https:\/\/infoecos.com.ar\/wp-content\/uploads\/2021\/11\/FELETTI-150x150.jpg",150,150,true],"medium":["https:\/\/infoecos.com.ar\/wp-content\/uploads\/2021\/11\/FELETTI-460x259.jpg",460,259,true],"medium_large":["https:\/\/infoecos.com.ar\/wp-content\/uploads\/2021\/11\/FELETTI-768x432.jpg",640,360,true],"large":["https:\/\/infoecos.com.ar\/wp-content\/uploads\/2021\/11\/FELETTI.jpg",640,360,false],"1536x1536":["https:\/\/infoecos.com.ar\/wp-content\/uploads\/2021\/11\/FELETTI.jpg",900,506,false],"2048x2048":["https:\/\/infoecos.com.ar\/wp-content\/uploads\/2021\/11\/FELETTI.jpg",900,506,false],"covernews-slider-full":["https:\/\/infoecos.com.ar\/wp-content\/uploads\/2021\/11\/FELETTI.jpg",900,506,false],"covernews-slider-center":["https:\/\/infoecos.com.ar\/wp-content\/uploads\/2021\/11\/FELETTI.jpg",800,450,false],"covernews-featured":["https:\/\/infoecos.com.ar\/wp-content\/uploads\/2021\/11\/FELETTI.jpg",900,506,false],"covernews-medium":["https:\/\/infoecos.com.ar\/wp-content\/uploads\/2021\/11\/FELETTI-720x380.jpg",540,285,true],"covernews-medium-square":["https:\/\/infoecos.com.ar\/wp-content\/uploads\/2021\/11\/FELETTI-675x450.jpg",375,250,true]},"author_info":{"info":["Jorge Matheus"]},"category_info":"<a href=\"https:\/\/infoecos.com.ar\/index.php\/category\/c2nota1\/\" rel=\"category tag\">C2 nota 1<\/a>","tag_info":"C2 nota 1","comment_count":"0","_links":{"self":[{"href":"https:\/\/infoecos.com.ar\/index.php\/wp-json\/wp\/v2\/posts\/89108","targetHints":{"allow":["GET"]}}],"collection":[{"href":"https:\/\/infoecos.com.ar\/index.php\/wp-json\/wp\/v2\/posts"}],"about":[{"href":"https:\/\/infoecos.com.ar\/index.php\/wp-json\/wp\/v2\/types\/post"}],"author":[{"embeddable":true,"href":"https:\/\/infoecos.com.ar\/index.php\/wp-json\/wp\/v2\/users\/2"}],"replies":[{"embeddable":true,"href":"https:\/\/infoecos.com.ar\/index.php\/wp-json\/wp\/v2\/comments?post=89108"}],"version-history":[{"count":1,"href":"https:\/\/infoecos.com.ar\/index.php\/wp-json\/wp\/v2\/posts\/89108\/revisions"}],"predecessor-version":[{"id":89110,"href":"https:\/\/infoecos.com.ar\/index.php\/wp-json\/wp\/v2\/posts\/89108\/revisions\/89110"}],"wp:featuredmedia":[{"embeddable":true,"href":"https:\/\/infoecos.com.ar\/index.php\/wp-json\/wp\/v2\/media\/89109"}],"wp:attachment":[{"href":"https:\/\/infoecos.com.ar\/index.php\/wp-json\/wp\/v2\/media?parent=89108"}],"wp:term":[{"taxonomy":"category","embeddable":true,"href":"https:\/\/infoecos.com.ar\/index.php\/wp-json\/wp\/v2\/categories?post=89108"},{"taxonomy":"post_tag","embeddable":true,"href":"https:\/\/infoecos.com.ar\/index.php\/wp-json\/wp\/v2\/tags?post=89108"}],"curies":[{"name":"wp","href":"https:\/\/api.w.org\/{rel}","templated":true}]}}