{"id":89112,"date":"2021-11-06T16:04:54","date_gmt":"2021-11-06T19:04:54","guid":{"rendered":"http:\/\/infoecos.com.ar\/?p=89112"},"modified":"2021-11-09T02:59:21","modified_gmt":"2021-11-09T05:59:21","slug":"murio-un-vecino-de-carlos-casares-en-grave-accidente-de-transito-ocurrido-en-la-madrugada-del-sabado","status":"publish","type":"post","link":"https:\/\/infoecos.com.ar\/index.php\/murio-un-vecino-de-carlos-casares-en-grave-accidente-de-transito-ocurrido-en-la-madrugada-del-sabado\/","title":{"rendered":"Muri\u00f3 un vecino de Carlos Casares en grave accidente de tr\u00e1nsito ocurrido en la madrugada del s\u00e1bado"},"content":{"rendered":"\n<p class=\"wp-block-paragraph\">En un grave accidente ocurrido sobre Ruta Nacional n\u00famero 5 falleci\u00f3 un conocido vecino de Carlos Casares. Se trata de Am\u00edlcar Martins quien viajaba de acompa\u00f1ante de Ra\u00fal Fern\u00e1ndez conductor de una VW Amarok que impacto contra un cami\u00f3n internacional.<\/p>\n\n\n\n<div class=\"wp-block-image is-style-default\"><figure class=\"aligncenter size-medium\"><img loading=\"lazy\" decoding=\"async\" width=\"460\" height=\"259\" src=\"http:\/\/infoecos.com.ar\/wp-content\/uploads\/2021\/11\/carloscasaresaccidenteeru5-460x259.jpg\" alt=\"\" class=\"wp-image-89113\" srcset=\"https:\/\/infoecos.com.ar\/wp-content\/uploads\/2021\/11\/carloscasaresaccidenteeru5-460x259.jpg 460w, https:\/\/infoecos.com.ar\/wp-content\/uploads\/2021\/11\/carloscasaresaccidenteeru5-768x432.jpg 768w, https:\/\/infoecos.com.ar\/wp-content\/uploads\/2021\/11\/carloscasaresaccidenteeru5.jpg 777w\" sizes=\"auto, (max-width: 460px) 100vw, 460px\" \/><\/figure><\/div>\n\n\n\n<p class=\"wp-block-paragraph\">De acuerdo a los datos obtenidos por el sitio <strong>casaresonline.com.ar<\/strong>, el cami\u00f3n que viajaba sentido Pehuaj\u00f3-Casares&nbsp;&nbsp; habr\u00eda cruzado para bajar a la estaci\u00f3n de servicios. La camioneta lo hac\u00eda en sentido contrario, por lo que el impacto habr\u00eda sido contra la rueda y el tr\u00e1iler.<\/p>\n\n\n\n<p class=\"wp-block-paragraph\">Fern\u00e1ndez result\u00f3 ileso mientras que Martins, quien fue despedido del rodado, falleci\u00f3 en el acto.<\/p>\n\n\n\n<div class=\"wp-block-image is-style-default\"><figure class=\"aligncenter size-medium\"><img loading=\"lazy\" decoding=\"async\" width=\"460\" height=\"207\" src=\"http:\/\/infoecos.com.ar\/wp-content\/uploads\/2021\/11\/accidentecaroscasresca-460x207.jpg\" alt=\"\" class=\"wp-image-89114\" srcset=\"https:\/\/infoecos.com.ar\/wp-content\/uploads\/2021\/11\/accidentecaroscasresca-460x207.jpg 460w, https:\/\/infoecos.com.ar\/wp-content\/uploads\/2021\/11\/accidentecaroscasresca-920x414.jpg 920w, https:\/\/infoecos.com.ar\/wp-content\/uploads\/2021\/11\/accidentecaroscasresca-768x346.jpg 768w, https:\/\/infoecos.com.ar\/wp-content\/uploads\/2021\/11\/accidentecaroscasresca.jpg 1024w\" sizes=\"auto, (max-width: 460px) 100vw, 460px\" \/><\/figure><\/div>\n\n\n\n<p class=\"wp-block-paragraph\">Los ocupantes de la Amarok se dirig\u00edan a pescar. Asistieron al lugar polic\u00eda y bomberos.<\/p>\n\n\n\n<p class=\"wp-block-paragraph\">Los datos filiatorios de los involucrados en el accidente proporcionados por la Polic\u00eda: <strong>Fernandez Raul (68),<\/strong>&nbsp;acompa\u00f1ado por&nbsp;<strong>Martins Amilcar (59),<\/strong>&nbsp;ambos oriundos de Carlos Casares (circulaban en la camioneta), <strong>Mena Barreto Silvio, (37)<\/strong>&nbsp;de Nacionalidad Brasilero (conduc\u00eda el cami\u00f3n).<\/p>\n\n\n\n<p class=\"wp-block-paragraph\">El accidente ocurri\u00f3 apr\u00f3ximadamente a las 04.10 de la madrugada. <\/p>\n","protected":false},"excerpt":{"rendered":"<p>Datos filiatorios de los involucrados: Fern\u00e1ndez Ra\u00fal (68), acompa\u00f1ado por Martins Am\u00edlcar (59), ambos oriundos de Carlos Casares; Mena Barreto Silvio, (37) de Nacionalidad Brasilero <\/p>\n","protected":false},"author":2,"featured_media":89113,"comment_status":"closed","ping_status":"open","sticky":false,"template":"","format":"standard","meta":{"footnotes":""},"categories":[1333],"tags":[],"class_list":["post-89112","post","type-post","status-publish","format-standard","has-post-thumbnail","hentry","category-inferior13"],"featured_image_urls":{"full":["https:\/\/infoecos.com.ar\/wp-content\/uploads\/2021\/11\/carloscasaresaccidenteeru5.jpg",777,437,false],"thumbnail":["https:\/\/infoecos.com.ar\/wp-content\/uploads\/2021\/11\/carloscasaresaccidenteeru5-150x150.jpg",150,150,true],"medium":["https:\/\/infoecos.com.ar\/wp-content\/uploads\/2021\/11\/carloscasaresaccidenteeru5-460x259.jpg",460,259,true],"medium_large":["https:\/\/infoecos.com.ar\/wp-content\/uploads\/2021\/11\/carloscasaresaccidenteeru5-768x432.jpg",640,360,true],"large":["https:\/\/infoecos.com.ar\/wp-content\/uploads\/2021\/11\/carloscasaresaccidenteeru5.jpg",640,360,false],"1536x1536":["https:\/\/infoecos.com.ar\/wp-content\/uploads\/2021\/11\/carloscasaresaccidenteeru5.jpg",777,437,false],"2048x2048":["https:\/\/infoecos.com.ar\/wp-content\/uploads\/2021\/11\/carloscasaresaccidenteeru5.jpg",777,437,false],"covernews-slider-full":["https:\/\/infoecos.com.ar\/wp-content\/uploads\/2021\/11\/carloscasaresaccidenteeru5.jpg",777,437,false],"covernews-slider-center":["https:\/\/infoecos.com.ar\/wp-content\/uploads\/2021\/11\/carloscasaresaccidenteeru5.jpg",777,437,false],"covernews-featured":["https:\/\/infoecos.com.ar\/wp-content\/uploads\/2021\/11\/carloscasaresaccidenteeru5.jpg",777,437,false],"covernews-medium":["https:\/\/infoecos.com.ar\/wp-content\/uploads\/2021\/11\/carloscasaresaccidenteeru5-720x380.jpg",540,285,true],"covernews-medium-square":["https:\/\/infoecos.com.ar\/wp-content\/uploads\/2021\/11\/carloscasaresaccidenteeru5-675x437.jpg",386,250,true]},"author_info":{"info":["Jorge Matheus"]},"category_info":"<a href=\"https:\/\/infoecos.com.ar\/index.php\/category\/inferior13\/\" rel=\"category tag\">Bloque inferior - 13<\/a>","tag_info":"Bloque inferior - 13","comment_count":"0","_links":{"self":[{"href":"https:\/\/infoecos.com.ar\/index.php\/wp-json\/wp\/v2\/posts\/89112","targetHints":{"allow":["GET"]}}],"collection":[{"href":"https:\/\/infoecos.com.ar\/index.php\/wp-json\/wp\/v2\/posts"}],"about":[{"href":"https:\/\/infoecos.com.ar\/index.php\/wp-json\/wp\/v2\/types\/post"}],"author":[{"embeddable":true,"href":"https:\/\/infoecos.com.ar\/index.php\/wp-json\/wp\/v2\/users\/2"}],"replies":[{"embeddable":true,"href":"https:\/\/infoecos.com.ar\/index.php\/wp-json\/wp\/v2\/comments?post=89112"}],"version-history":[{"count":2,"href":"https:\/\/infoecos.com.ar\/index.php\/wp-json\/wp\/v2\/posts\/89112\/revisions"}],"predecessor-version":[{"id":89150,"href":"https:\/\/infoecos.com.ar\/index.php\/wp-json\/wp\/v2\/posts\/89112\/revisions\/89150"}],"wp:featuredmedia":[{"embeddable":true,"href":"https:\/\/infoecos.com.ar\/index.php\/wp-json\/wp\/v2\/media\/89113"}],"wp:attachment":[{"href":"https:\/\/infoecos.com.ar\/index.php\/wp-json\/wp\/v2\/media?parent=89112"}],"wp:term":[{"taxonomy":"category","embeddable":true,"href":"https:\/\/infoecos.com.ar\/index.php\/wp-json\/wp\/v2\/categories?post=89112"},{"taxonomy":"post_tag","embeddable":true,"href":"https:\/\/infoecos.com.ar\/index.php\/wp-json\/wp\/v2\/tags?post=89112"}],"curies":[{"name":"wp","href":"https:\/\/api.w.org\/{rel}","templated":true}]}}