{"id":89122,"date":"2021-11-06T16:33:46","date_gmt":"2021-11-06T19:33:46","guid":{"rendered":"http:\/\/infoecos.com.ar\/?p=89122"},"modified":"2021-11-06T16:33:47","modified_gmt":"2021-11-06T19:33:47","slug":"la-vicepresidenta-de-la-nacion-fue-dada-de-alta-y-continua-con-la-recuperacion-en-el-domicilio-particular","status":"publish","type":"post","link":"https:\/\/infoecos.com.ar\/index.php\/la-vicepresidenta-de-la-nacion-fue-dada-de-alta-y-continua-con-la-recuperacion-en-el-domicilio-particular\/","title":{"rendered":"La vicepresidenta de la Naci\u00f3n fue dada de alta y contin\u00faa con la recuperaci\u00f3n en el domicilio particular"},"content":{"rendered":"\n<p class=\"wp-block-paragraph\">La vicepresidenta&nbsp;<strong>Cristina Fern\u00e1ndez de Kirchner<\/strong>&nbsp;agradeci\u00f3 a todo el personal del Sanatorio Otamendi, donde fue dada de alta este s\u00e1bado a la ma\u00f1ana luego de&nbsp;<strong>48 horas de internaci\u00f3n, tras ser operada el pasado jueves de \u00abuna histerectom\u00eda ampliada por v\u00eda laparasc\u00f3pica<\/strong>\u00ab, en la que se le detect\u00f3 un \u00abp\u00f3lipo uterino\u00bb de \u00abcaracter\u00edsticas benignas\u00bb.<\/p>\n\n\n\n<p class=\"wp-block-paragraph\">\u00abQuiero agradecer a todo el cuerpo m\u00e9dico, enfermeras, enfermeros y a todo el personal auxiliar del Sanatorio Otamendi, que nos atendieron con tanto profesionalismo y afecto \u00a1Muchas gracias!\u00bb, escribi\u00f3 la Vicepresidenta en su cuenta de Twitter.<\/p>\n\n\n\n<figure class=\"wp-block-embed is-type-rich is-provider-twitter wp-block-embed-twitter\"><div class=\"wp-block-embed__wrapper\">\n<blockquote class=\"twitter-tweet\" data-width=\"550\" data-dnt=\"true\"><p lang=\"es\" dir=\"ltr\">Quiero agradecer a todo el cuerpo m\u00e9dico, enfermeras, enfermeros y a todo el personal auxiliar del sanatorio Otamendi, que nos atendieron con tanto profesionalismo y afecto. Muchas gracias!<\/p>&mdash; Cristina Kirchner (@CFKArgentina) <a href=\"https:\/\/twitter.com\/CFKArgentina\/status\/1456994147919806467?ref_src=twsrc%5Etfw\">November 6, 2021<\/a><\/blockquote><script async src=\"https:\/\/platform.twitter.com\/widgets.js\" charset=\"utf-8\"><\/script>\n<\/div><\/figure>\n\n\n\n<p class=\"wp-block-paragraph\">Luego, public\u00f3 una foto de una insignia nacional de lana con un mensaje de agradecimiento: \u201cEsta escarapela divina la teji\u00f3 para m\u00ed Norita, que siempre me cuid\u00f3 con mucho cari\u00f1o. Gracias tambi\u00e9n a ella\u201d, afirm\u00f3 la Vicepresidenta en su publicaci\u00f3n.<\/p>\n\n\n\n<p class=\"wp-block-paragraph\">Fuentes de su entorno confirmaron a T\u00e9lam que Cristina Kirchner se retir\u00f3 del Otamendi a media ma\u00f1ana del s\u00e1bado y que ya se encuentra en su departamento del barrio porte\u00f1o de Recoleta para continuar con su recuperaci\u00f3n post-operatoria.<\/p>\n\n\n\n<figure class=\"wp-block-embed is-type-rich is-provider-twitter wp-block-embed-twitter\"><div class=\"wp-block-embed__wrapper\">\n<blockquote class=\"twitter-tweet\" data-width=\"550\" data-dnt=\"true\"><p lang=\"es\" dir=\"ltr\">Esta escarapela divina la teji\u00f3 para m\u00ed Norita, que siempre me cuid\u00f3 con mucho cari\u00f1o. Gracias tambi\u00e9n a ella. <a href=\"https:\/\/t.co\/TSi9L3ONlt\">pic.twitter.com\/TSi9L3ONlt<\/a><\/p>&mdash; Cristina Kirchner (@CFKArgentina) <a href=\"https:\/\/twitter.com\/CFKArgentina\/status\/1456994163132547073?ref_src=twsrc%5Etfw\">November 6, 2021<\/a><\/blockquote><script async src=\"https:\/\/platform.twitter.com\/widgets.js\" charset=\"utf-8\"><\/script>\n<\/div><\/figure>\n\n\n\n<p class=\"wp-block-paragraph\">Fern\u00e1ndez de Kirchner fue intervenida el pasado jueves de una \u00abhisterectom\u00eda ampliada por v\u00eda laparosc\u00f3pica\u00bb y, seg\u00fan los primeros partes m\u00e9dicos,&nbsp;<strong>la vicepresidenta curs\u00f3 \u00abun posoperatorio normal, en buen estado general de salud\u00bb<\/strong>.<\/p>\n","protected":false},"excerpt":{"rendered":"<p>Fern\u00e1ndez de Kirchner fue intervenida el pasado jueves de una \u00abhisterectom\u00eda ampliada por v\u00eda laparosc\u00f3pica\u00bb <\/p>\n","protected":false},"author":2,"featured_media":11606,"comment_status":"closed","ping_status":"open","sticky":false,"template":"","format":"standard","meta":{"footnotes":""},"categories":[28],"tags":[5586],"class_list":["post-89122","post","type-post","status-publish","format-standard","has-post-thumbnail","hentry","category-c1nota1","tag-luego-de-48-horas-de-internacion"],"featured_image_urls":{"full":"","thumbnail":"","medium":"","medium_large":"","large":"","1536x1536":"","2048x2048":"","covernews-slider-full":"","covernews-slider-center":"","covernews-featured":"","covernews-medium":"","covernews-medium-square":""},"author_info":{"info":["Jorge Matheus"]},"category_info":"<a href=\"https:\/\/infoecos.com.ar\/index.php\/category\/c1nota1\/\" rel=\"category tag\">C1 N1<\/a>","tag_info":"C1 N1","comment_count":"0","_links":{"self":[{"href":"https:\/\/infoecos.com.ar\/index.php\/wp-json\/wp\/v2\/posts\/89122","targetHints":{"allow":["GET"]}}],"collection":[{"href":"https:\/\/infoecos.com.ar\/index.php\/wp-json\/wp\/v2\/posts"}],"about":[{"href":"https:\/\/infoecos.com.ar\/index.php\/wp-json\/wp\/v2\/types\/post"}],"author":[{"embeddable":true,"href":"https:\/\/infoecos.com.ar\/index.php\/wp-json\/wp\/v2\/users\/2"}],"replies":[{"embeddable":true,"href":"https:\/\/infoecos.com.ar\/index.php\/wp-json\/wp\/v2\/comments?post=89122"}],"version-history":[{"count":1,"href":"https:\/\/infoecos.com.ar\/index.php\/wp-json\/wp\/v2\/posts\/89122\/revisions"}],"predecessor-version":[{"id":89123,"href":"https:\/\/infoecos.com.ar\/index.php\/wp-json\/wp\/v2\/posts\/89122\/revisions\/89123"}],"wp:attachment":[{"href":"https:\/\/infoecos.com.ar\/index.php\/wp-json\/wp\/v2\/media?parent=89122"}],"wp:term":[{"taxonomy":"category","embeddable":true,"href":"https:\/\/infoecos.com.ar\/index.php\/wp-json\/wp\/v2\/categories?post=89122"},{"taxonomy":"post_tag","embeddable":true,"href":"https:\/\/infoecos.com.ar\/index.php\/wp-json\/wp\/v2\/tags?post=89122"}],"curies":[{"name":"wp","href":"https:\/\/api.w.org\/{rel}","templated":true}]}}