{"id":89137,"date":"2021-11-08T02:13:27","date_gmt":"2021-11-08T05:13:27","guid":{"rendered":"http:\/\/infoecos.com.ar\/?p=89137"},"modified":"2021-11-08T02:13:28","modified_gmt":"2021-11-08T05:13:28","slug":"ingreso-al-patio-de-una-vivienda-sin-el-consentimiento-de-su-propietario-y-fue-aprehendido","status":"publish","type":"post","link":"https:\/\/infoecos.com.ar\/index.php\/ingreso-al-patio-de-una-vivienda-sin-el-consentimiento-de-su-propietario-y-fue-aprehendido\/","title":{"rendered":"Ingres\u00f3 al patio de una vivienda sin el consentimiento de su propietario y fue aprehendido"},"content":{"rendered":"\n<p>La Polic\u00eda de Trenque Lauquen aprehendi\u00f3 a un joven mayor de edad, cuya identidad no fue dada a conocer, que ingres\u00f3 al patio de una vivienda ubicada en la calle Alberdi al 150. <\/p>\n\n\n\n<div class=\"wp-block-image is-style-default\"><figure class=\"aligncenter size-medium\"><img loading=\"lazy\" decoding=\"async\" width=\"345\" height=\"460\" src=\"http:\/\/infoecos.com.ar\/wp-content\/uploads\/2021\/11\/roboapre8-1-345x460.jpg\" alt=\"\" class=\"wp-image-89138\" srcset=\"https:\/\/infoecos.com.ar\/wp-content\/uploads\/2021\/11\/roboapre8-1-345x460.jpg 345w, https:\/\/infoecos.com.ar\/wp-content\/uploads\/2021\/11\/roboapre8-1-690x920.jpg 690w, https:\/\/infoecos.com.ar\/wp-content\/uploads\/2021\/11\/roboapre8-1-768x1024.jpg 768w, https:\/\/infoecos.com.ar\/wp-content\/uploads\/2021\/11\/roboapre8-1.jpg 782w\" sizes=\"(max-width: 345px) 100vw, 345px\" \/><\/figure><\/div>\n\n\n\n<p>El hecho fue denunciado por el propio propietario de la unidad habitacional. Efectivos de las fuerzas de seguridad al tomar conocimiento de la situaci\u00f3n, a las 10.15 de este domingo, se trasladaron hasta el lugar habi\u00e9ndose procedido a la aprehensi\u00f3n.<\/p>\n\n\n\n<p>Interviene el Fiscal, doctor Manuel Iglesias, bajo la car\u00e1tula Violaci\u00f3n de Domicilio Infraganti.<\/p>\n","protected":false},"excerpt":{"rendered":"<p>El hecho fue denunciado por el propio propietario de la unidad habitacional<\/p>\n","protected":false},"author":2,"featured_media":89138,"comment_status":"closed","ping_status":"open","sticky":false,"template":"","format":"standard","meta":{"footnotes":""},"categories":[29],"tags":[3062],"class_list":["post-89137","post","type-post","status-publish","format-standard","has-post-thumbnail","hentry","category-c2nota1","tag-en-trenque-lauquen"],"yoast_head":"<!-- This site is optimized with the Yoast SEO plugin v23.4 - https:\/\/yoast.com\/wordpress\/plugins\/seo\/ -->\n<title>Ingres\u00f3 al patio de una vivienda sin el consentimiento de su propietario y fue aprehendido - Infoecos<\/title>\n<meta name=\"robots\" content=\"index, follow, max-snippet:-1, max-image-preview:large, max-video-preview:-1\" \/>\n<link rel=\"canonical\" href=\"https:\/\/infoecos.com.ar\/index.php\/ingreso-al-patio-de-una-vivienda-sin-el-consentimiento-de-su-propietario-y-fue-aprehendido\/\" \/>\n<meta property=\"og:locale\" content=\"es_ES\" \/>\n<meta property=\"og:type\" content=\"article\" \/>\n<meta property=\"og:title\" content=\"Ingres\u00f3 al patio de una vivienda sin el consentimiento de su propietario y fue aprehendido - Infoecos\" \/>\n<meta property=\"og:description\" content=\"El hecho fue denunciado por el propio propietario de la unidad habitacional\" \/>\n<meta property=\"og:url\" content=\"https:\/\/infoecos.com.ar\/index.php\/ingreso-al-patio-de-una-vivienda-sin-el-consentimiento-de-su-propietario-y-fue-aprehendido\/\" \/>\n<meta property=\"og:site_name\" content=\"Infoecos\" \/>\n<meta property=\"article:publisher\" content=\"https:\/\/www.facebook.com\/profile.php?id=100063200290284\" \/>\n<meta property=\"article:published_time\" content=\"2021-11-08T05:13:27+00:00\" \/>\n<meta property=\"article:modified_time\" content=\"2021-11-08T05:13:28+00:00\" \/>\n<meta property=\"og:image\" content=\"https:\/\/infoecos.com.ar\/wp-content\/uploads\/2021\/11\/roboapre8-1.jpg\" \/>\n\t<meta property=\"og:image:width\" content=\"782\" \/>\n\t<meta property=\"og:image:height\" content=\"1043\" \/>\n\t<meta property=\"og:image:type\" content=\"image\/jpeg\" \/>\n<meta name=\"author\" content=\"Jorge Matheus\" \/>\n<meta name=\"twitter:card\" content=\"summary_large_image\" \/>\n<meta name=\"twitter:creator\" content=\"@infoecos\" \/>\n<meta name=\"twitter:site\" content=\"@infoecos\" \/>\n<meta name=\"twitter:label1\" content=\"Escrito por\" \/>\n\t<meta name=\"twitter:data1\" content=\"Jorge Matheus\" \/>\n<script type=\"application\/ld+json\" class=\"yoast-schema-graph\">{\"@context\":\"https:\/\/schema.org\",\"@graph\":[{\"@type\":\"Article\",\"@id\":\"https:\/\/infoecos.com.ar\/index.php\/ingreso-al-patio-de-una-vivienda-sin-el-consentimiento-de-su-propietario-y-fue-aprehendido\/#article\",\"isPartOf\":{\"@id\":\"https:\/\/infoecos.com.ar\/index.php\/ingreso-al-patio-de-una-vivienda-sin-el-consentimiento-de-su-propietario-y-fue-aprehendido\/\"},\"author\":{\"name\":\"Jorge Matheus\",\"@id\":\"https:\/\/infoecos.com.ar\/#\/schema\/person\/8f5ace5ce73b4b4aac4b7245aee6f191\"},\"headline\":\"Ingres\u00f3 al patio de una vivienda sin el consentimiento de su propietario y fue aprehendido\",\"datePublished\":\"2021-11-08T05:13:27+00:00\",\"dateModified\":\"2021-11-08T05:13:28+00:00\",\"mainEntityOfPage\":{\"@id\":\"https:\/\/infoecos.com.ar\/index.php\/ingreso-al-patio-de-una-vivienda-sin-el-consentimiento-de-su-propietario-y-fue-aprehendido\/\"},\"wordCount\":105,\"publisher\":{\"@id\":\"https:\/\/infoecos.com.ar\/#organization\"},\"image\":{\"@id\":\"https:\/\/infoecos.com.ar\/index.php\/ingreso-al-patio-de-una-vivienda-sin-el-consentimiento-de-su-propietario-y-fue-aprehendido\/#primaryimage\"},\"thumbnailUrl\":\"https:\/\/infoecos.com.ar\/wp-content\/uploads\/2021\/11\/roboapre8-1.jpg\",\"keywords\":[\"EN TRENQUE LAUQUEN\"],\"articleSection\":[\"C2 nota 1\"],\"inLanguage\":\"es\"},{\"@type\":\"WebPage\",\"@id\":\"https:\/\/infoecos.com.ar\/index.php\/ingreso-al-patio-de-una-vivienda-sin-el-consentimiento-de-su-propietario-y-fue-aprehendido\/\",\"url\":\"https:\/\/infoecos.com.ar\/index.php\/ingreso-al-patio-de-una-vivienda-sin-el-consentimiento-de-su-propietario-y-fue-aprehendido\/\",\"name\":\"Ingres\u00f3 al patio de una vivienda sin el consentimiento de su propietario y fue aprehendido - Infoecos\",\"isPartOf\":{\"@id\":\"https:\/\/infoecos.com.ar\/#website\"},\"primaryImageOfPage\":{\"@id\":\"https:\/\/infoecos.com.ar\/index.php\/ingreso-al-patio-de-una-vivienda-sin-el-consentimiento-de-su-propietario-y-fue-aprehendido\/#primaryimage\"},\"image\":{\"@id\":\"https:\/\/infoecos.com.ar\/index.php\/ingreso-al-patio-de-una-vivienda-sin-el-consentimiento-de-su-propietario-y-fue-aprehendido\/#primaryimage\"},\"thumbnailUrl\":\"https:\/\/infoecos.com.ar\/wp-content\/uploads\/2021\/11\/roboapre8-1.jpg\",\"datePublished\":\"2021-11-08T05:13:27+00:00\",\"dateModified\":\"2021-11-08T05:13:28+00:00\",\"breadcrumb\":{\"@id\":\"https:\/\/infoecos.com.ar\/index.php\/ingreso-al-patio-de-una-vivienda-sin-el-consentimiento-de-su-propietario-y-fue-aprehendido\/#breadcrumb\"},\"inLanguage\":\"es\",\"potentialAction\":[{\"@type\":\"ReadAction\",\"target\":[\"https:\/\/infoecos.com.ar\/index.php\/ingreso-al-patio-de-una-vivienda-sin-el-consentimiento-de-su-propietario-y-fue-aprehendido\/\"]}]},{\"@type\":\"ImageObject\",\"inLanguage\":\"es\",\"@id\":\"https:\/\/infoecos.com.ar\/index.php\/ingreso-al-patio-de-una-vivienda-sin-el-consentimiento-de-su-propietario-y-fue-aprehendido\/#primaryimage\",\"url\":\"https:\/\/infoecos.com.ar\/wp-content\/uploads\/2021\/11\/roboapre8-1.jpg\",\"contentUrl\":\"https:\/\/infoecos.com.ar\/wp-content\/uploads\/2021\/11\/roboapre8-1.jpg\",\"width\":782,\"height\":1043},{\"@type\":\"BreadcrumbList\",\"@id\":\"https:\/\/infoecos.com.ar\/index.php\/ingreso-al-patio-de-una-vivienda-sin-el-consentimiento-de-su-propietario-y-fue-aprehendido\/#breadcrumb\",\"itemListElement\":[{\"@type\":\"ListItem\",\"position\":1,\"name\":\"Portada\",\"item\":\"https:\/\/infoecos.com.ar\/\"},{\"@type\":\"ListItem\",\"position\":2,\"name\":\"Ingres\u00f3 al patio de una vivienda sin el consentimiento de su propietario y fue aprehendido\"}]},{\"@type\":\"WebSite\",\"@id\":\"https:\/\/infoecos.com.ar\/#website\",\"url\":\"https:\/\/infoecos.com.ar\/\",\"name\":\"Infoecos\",\"description\":\"Noticias de trenque lauquen y la zona\",\"publisher\":{\"@id\":\"https:\/\/infoecos.com.ar\/#organization\"},\"alternateName\":\"Noticias\",\"potentialAction\":[{\"@type\":\"SearchAction\",\"target\":{\"@type\":\"EntryPoint\",\"urlTemplate\":\"https:\/\/infoecos.com.ar\/?s={search_term_string}\"},\"query-input\":{\"@type\":\"PropertyValueSpecification\",\"valueRequired\":true,\"valueName\":\"search_term_string\"}}],\"inLanguage\":\"es\"},{\"@type\":\"Organization\",\"@id\":\"https:\/\/infoecos.com.ar\/#organization\",\"name\":\"Infoecos\",\"alternateName\":\"Noticias\",\"url\":\"https:\/\/infoecos.com.ar\/\",\"logo\":{\"@type\":\"ImageObject\",\"inLanguage\":\"es\",\"@id\":\"https:\/\/infoecos.com.ar\/#\/schema\/logo\/image\/\",\"url\":\"https:\/\/infoecos.com.ar\/wp-content\/uploads\/2024\/03\/cropped-logo.png\",\"contentUrl\":\"https:\/\/infoecos.com.ar\/wp-content\/uploads\/2024\/03\/cropped-logo.png\",\"width\":374,\"height\":90,\"caption\":\"Infoecos\"},\"image\":{\"@id\":\"https:\/\/infoecos.com.ar\/#\/schema\/logo\/image\/\"},\"sameAs\":[\"https:\/\/www.facebook.com\/profile.php?id=100063200290284\",\"https:\/\/x.com\/infoecos\"]},{\"@type\":\"Person\",\"@id\":\"https:\/\/infoecos.com.ar\/#\/schema\/person\/8f5ace5ce73b4b4aac4b7245aee6f191\",\"name\":\"Jorge Matheus\",\"url\":\"https:\/\/infoecos.com.ar\/index.php\/author\/jomatheus\/\"}]}<\/script>\n<!-- \/ Yoast SEO plugin. -->","yoast_head_json":{"title":"Ingres\u00f3 al patio de una vivienda sin el consentimiento de su propietario y fue aprehendido - Infoecos","robots":{"index":"index","follow":"follow","max-snippet":"max-snippet:-1","max-image-preview":"max-image-preview:large","max-video-preview":"max-video-preview:-1"},"canonical":"https:\/\/infoecos.com.ar\/index.php\/ingreso-al-patio-de-una-vivienda-sin-el-consentimiento-de-su-propietario-y-fue-aprehendido\/","og_locale":"es_ES","og_type":"article","og_title":"Ingres\u00f3 al patio de una vivienda sin el consentimiento de su propietario y fue aprehendido - Infoecos","og_description":"El hecho fue denunciado por el propio propietario de la unidad habitacional","og_url":"https:\/\/infoecos.com.ar\/index.php\/ingreso-al-patio-de-una-vivienda-sin-el-consentimiento-de-su-propietario-y-fue-aprehendido\/","og_site_name":"Infoecos","article_publisher":"https:\/\/www.facebook.com\/profile.php?id=100063200290284","article_published_time":"2021-11-08T05:13:27+00:00","article_modified_time":"2021-11-08T05:13:28+00:00","og_image":[{"width":782,"height":1043,"url":"https:\/\/infoecos.com.ar\/wp-content\/uploads\/2021\/11\/roboapre8-1.jpg","type":"image\/jpeg"}],"author":"Jorge Matheus","twitter_card":"summary_large_image","twitter_creator":"@infoecos","twitter_site":"@infoecos","twitter_misc":{"Escrito por":"Jorge Matheus"},"schema":{"@context":"https:\/\/schema.org","@graph":[{"@type":"Article","@id":"https:\/\/infoecos.com.ar\/index.php\/ingreso-al-patio-de-una-vivienda-sin-el-consentimiento-de-su-propietario-y-fue-aprehendido\/#article","isPartOf":{"@id":"https:\/\/infoecos.com.ar\/index.php\/ingreso-al-patio-de-una-vivienda-sin-el-consentimiento-de-su-propietario-y-fue-aprehendido\/"},"author":{"name":"Jorge Matheus","@id":"https:\/\/infoecos.com.ar\/#\/schema\/person\/8f5ace5ce73b4b4aac4b7245aee6f191"},"headline":"Ingres\u00f3 al patio de una vivienda sin el consentimiento de su propietario y fue aprehendido","datePublished":"2021-11-08T05:13:27+00:00","dateModified":"2021-11-08T05:13:28+00:00","mainEntityOfPage":{"@id":"https:\/\/infoecos.com.ar\/index.php\/ingreso-al-patio-de-una-vivienda-sin-el-consentimiento-de-su-propietario-y-fue-aprehendido\/"},"wordCount":105,"publisher":{"@id":"https:\/\/infoecos.com.ar\/#organization"},"image":{"@id":"https:\/\/infoecos.com.ar\/index.php\/ingreso-al-patio-de-una-vivienda-sin-el-consentimiento-de-su-propietario-y-fue-aprehendido\/#primaryimage"},"thumbnailUrl":"https:\/\/infoecos.com.ar\/wp-content\/uploads\/2021\/11\/roboapre8-1.jpg","keywords":["EN TRENQUE LAUQUEN"],"articleSection":["C2 nota 1"],"inLanguage":"es"},{"@type":"WebPage","@id":"https:\/\/infoecos.com.ar\/index.php\/ingreso-al-patio-de-una-vivienda-sin-el-consentimiento-de-su-propietario-y-fue-aprehendido\/","url":"https:\/\/infoecos.com.ar\/index.php\/ingreso-al-patio-de-una-vivienda-sin-el-consentimiento-de-su-propietario-y-fue-aprehendido\/","name":"Ingres\u00f3 al patio de una vivienda sin el consentimiento de su propietario y fue aprehendido - Infoecos","isPartOf":{"@id":"https:\/\/infoecos.com.ar\/#website"},"primaryImageOfPage":{"@id":"https:\/\/infoecos.com.ar\/index.php\/ingreso-al-patio-de-una-vivienda-sin-el-consentimiento-de-su-propietario-y-fue-aprehendido\/#primaryimage"},"image":{"@id":"https:\/\/infoecos.com.ar\/index.php\/ingreso-al-patio-de-una-vivienda-sin-el-consentimiento-de-su-propietario-y-fue-aprehendido\/#primaryimage"},"thumbnailUrl":"https:\/\/infoecos.com.ar\/wp-content\/uploads\/2021\/11\/roboapre8-1.jpg","datePublished":"2021-11-08T05:13:27+00:00","dateModified":"2021-11-08T05:13:28+00:00","breadcrumb":{"@id":"https:\/\/infoecos.com.ar\/index.php\/ingreso-al-patio-de-una-vivienda-sin-el-consentimiento-de-su-propietario-y-fue-aprehendido\/#breadcrumb"},"inLanguage":"es","potentialAction":[{"@type":"ReadAction","target":["https:\/\/infoecos.com.ar\/index.php\/ingreso-al-patio-de-una-vivienda-sin-el-consentimiento-de-su-propietario-y-fue-aprehendido\/"]}]},{"@type":"ImageObject","inLanguage":"es","@id":"https:\/\/infoecos.com.ar\/index.php\/ingreso-al-patio-de-una-vivienda-sin-el-consentimiento-de-su-propietario-y-fue-aprehendido\/#primaryimage","url":"https:\/\/infoecos.com.ar\/wp-content\/uploads\/2021\/11\/roboapre8-1.jpg","contentUrl":"https:\/\/infoecos.com.ar\/wp-content\/uploads\/2021\/11\/roboapre8-1.jpg","width":782,"height":1043},{"@type":"BreadcrumbList","@id":"https:\/\/infoecos.com.ar\/index.php\/ingreso-al-patio-de-una-vivienda-sin-el-consentimiento-de-su-propietario-y-fue-aprehendido\/#breadcrumb","itemListElement":[{"@type":"ListItem","position":1,"name":"Portada","item":"https:\/\/infoecos.com.ar\/"},{"@type":"ListItem","position":2,"name":"Ingres\u00f3 al patio de una vivienda sin el consentimiento de su propietario y fue aprehendido"}]},{"@type":"WebSite","@id":"https:\/\/infoecos.com.ar\/#website","url":"https:\/\/infoecos.com.ar\/","name":"Infoecos","description":"Noticias de trenque lauquen y la zona","publisher":{"@id":"https:\/\/infoecos.com.ar\/#organization"},"alternateName":"Noticias","potentialAction":[{"@type":"SearchAction","target":{"@type":"EntryPoint","urlTemplate":"https:\/\/infoecos.com.ar\/?s={search_term_string}"},"query-input":{"@type":"PropertyValueSpecification","valueRequired":true,"valueName":"search_term_string"}}],"inLanguage":"es"},{"@type":"Organization","@id":"https:\/\/infoecos.com.ar\/#organization","name":"Infoecos","alternateName":"Noticias","url":"https:\/\/infoecos.com.ar\/","logo":{"@type":"ImageObject","inLanguage":"es","@id":"https:\/\/infoecos.com.ar\/#\/schema\/logo\/image\/","url":"https:\/\/infoecos.com.ar\/wp-content\/uploads\/2024\/03\/cropped-logo.png","contentUrl":"https:\/\/infoecos.com.ar\/wp-content\/uploads\/2024\/03\/cropped-logo.png","width":374,"height":90,"caption":"Infoecos"},"image":{"@id":"https:\/\/infoecos.com.ar\/#\/schema\/logo\/image\/"},"sameAs":["https:\/\/www.facebook.com\/profile.php?id=100063200290284","https:\/\/x.com\/infoecos"]},{"@type":"Person","@id":"https:\/\/infoecos.com.ar\/#\/schema\/person\/8f5ace5ce73b4b4aac4b7245aee6f191","name":"Jorge Matheus","url":"https:\/\/infoecos.com.ar\/index.php\/author\/jomatheus\/"}]}},"featured_image_urls":{"full":["https:\/\/infoecos.com.ar\/wp-content\/uploads\/2021\/11\/roboapre8-1.jpg",782,1043,false],"thumbnail":["https:\/\/infoecos.com.ar\/wp-content\/uploads\/2021\/11\/roboapre8-1-150x150.jpg",150,150,true],"medium":["https:\/\/infoecos.com.ar\/wp-content\/uploads\/2021\/11\/roboapre8-1-345x460.jpg",345,460,true],"medium_large":["https:\/\/infoecos.com.ar\/wp-content\/uploads\/2021\/11\/roboapre8-1-768x1024.jpg",640,853,true],"large":["https:\/\/infoecos.com.ar\/wp-content\/uploads\/2021\/11\/roboapre8-1-690x920.jpg",640,853,true],"1536x1536":["https:\/\/infoecos.com.ar\/wp-content\/uploads\/2021\/11\/roboapre8-1.jpg",782,1043,false],"2048x2048":["https:\/\/infoecos.com.ar\/wp-content\/uploads\/2021\/11\/roboapre8-1.jpg",782,1043,false],"covernews-slider-full":["https:\/\/infoecos.com.ar\/wp-content\/uploads\/2021\/11\/roboapre8-1-782x1020.jpg",548,715,true],"covernews-slider-center":["https:\/\/infoecos.com.ar\/wp-content\/uploads\/2021\/11\/roboapre8-1-782x897.jpg",436,500,true],"covernews-featured":["https:\/\/infoecos.com.ar\/wp-content\/uploads\/2021\/11\/roboapre8-1.jpg",782,1043,false],"covernews-medium":["https:\/\/infoecos.com.ar\/wp-content\/uploads\/2021\/11\/roboapre8-1-720x380.jpg",540,285,true],"covernews-medium-square":["https:\/\/infoecos.com.ar\/wp-content\/uploads\/2021\/11\/roboapre8-1-675x450.jpg",375,250,true]},"author_info":{"info":["Jorge Matheus"]},"category_info":"<a href=\"https:\/\/infoecos.com.ar\/index.php\/category\/c2nota1\/\" rel=\"category tag\">C2 nota 1<\/a>","tag_info":"C2 nota 1","comment_count":"0","_links":{"self":[{"href":"https:\/\/infoecos.com.ar\/index.php\/wp-json\/wp\/v2\/posts\/89137"}],"collection":[{"href":"https:\/\/infoecos.com.ar\/index.php\/wp-json\/wp\/v2\/posts"}],"about":[{"href":"https:\/\/infoecos.com.ar\/index.php\/wp-json\/wp\/v2\/types\/post"}],"author":[{"embeddable":true,"href":"https:\/\/infoecos.com.ar\/index.php\/wp-json\/wp\/v2\/users\/2"}],"replies":[{"embeddable":true,"href":"https:\/\/infoecos.com.ar\/index.php\/wp-json\/wp\/v2\/comments?post=89137"}],"version-history":[{"count":1,"href":"https:\/\/infoecos.com.ar\/index.php\/wp-json\/wp\/v2\/posts\/89137\/revisions"}],"predecessor-version":[{"id":89139,"href":"https:\/\/infoecos.com.ar\/index.php\/wp-json\/wp\/v2\/posts\/89137\/revisions\/89139"}],"wp:featuredmedia":[{"embeddable":true,"href":"https:\/\/infoecos.com.ar\/index.php\/wp-json\/wp\/v2\/media\/89138"}],"wp:attachment":[{"href":"https:\/\/infoecos.com.ar\/index.php\/wp-json\/wp\/v2\/media?parent=89137"}],"wp:term":[{"taxonomy":"category","embeddable":true,"href":"https:\/\/infoecos.com.ar\/index.php\/wp-json\/wp\/v2\/categories?post=89137"},{"taxonomy":"post_tag","embeddable":true,"href":"https:\/\/infoecos.com.ar\/index.php\/wp-json\/wp\/v2\/tags?post=89137"}],"curies":[{"name":"wp","href":"https:\/\/api.w.org\/{rel}","templated":true}]}}