{"id":89155,"date":"2021-11-08T03:15:58","date_gmt":"2021-11-08T06:15:58","guid":{"rendered":"http:\/\/infoecos.com.ar\/?p=89155"},"modified":"2021-11-08T03:15:59","modified_gmt":"2021-11-08T06:15:59","slug":"felipe-bernasconi-subio-al-podio-este-domingo-en-viedma","status":"publish","type":"post","link":"https:\/\/infoecos.com.ar\/index.php\/felipe-bernasconi-subio-al-podio-este-domingo-en-viedma\/","title":{"rendered":"Felipe Bernasconi subi\u00f3 al podio, este domingo, en Viedma"},"content":{"rendered":"\n<p class=\"wp-block-paragraph\">Bautista Oliva de Salliquel\u00f3 gan\u00f3 el s\u00e1bado en Viedma, la primera final de la F\u00f3rmula Metropolitana. Se ubic\u00f3 entre los primeros diez, el trenquelauquense Felipe Bernasconi. Este \u00faltimo tambi\u00e9n logr\u00f3 la mejor clasificaci\u00f3n el s\u00e1bado. <\/p>\n\n\n\n<div class=\"wp-block-image is-style-default\"><figure class=\"aligncenter size-large\"><img loading=\"lazy\" decoding=\"async\" width=\"354\" height=\"360\" src=\"http:\/\/infoecos.com.ar\/wp-content\/uploads\/2021\/11\/FDiLgRyXMAUYYA5.jpg\" alt=\"\" class=\"wp-image-89157\"\/><\/figure><\/div>\n\n\n\n<p class=\"wp-block-paragraph\">El domingo gan\u00f3 la final Enzo Torres, que logr\u00f3 su primera victoria, es el quinto piloto en el historia con menor edad en ganar una final de la Formula 3 Metropolitana. <\/p>\n\n\n\n<div class=\"wp-block-image is-style-default\"><figure class=\"aligncenter size-medium\"><img loading=\"lazy\" decoding=\"async\" width=\"460\" height=\"307\" src=\"http:\/\/infoecos.com.ar\/wp-content\/uploads\/2021\/11\/descarga-1-460x307.jpg\" alt=\"\" class=\"wp-image-89158\" srcset=\"https:\/\/infoecos.com.ar\/wp-content\/uploads\/2021\/11\/descarga-1-460x307.jpg 460w, https:\/\/infoecos.com.ar\/wp-content\/uploads\/2021\/11\/descarga-1-920x613.jpg 920w, https:\/\/infoecos.com.ar\/wp-content\/uploads\/2021\/11\/descarga-1-768x512.jpg 768w, https:\/\/infoecos.com.ar\/wp-content\/uploads\/2021\/11\/descarga-1-1024x682.jpg 1024w, https:\/\/infoecos.com.ar\/wp-content\/uploads\/2021\/11\/descarga-1-675x450.jpg 675w, https:\/\/infoecos.com.ar\/wp-content\/uploads\/2021\/11\/descarga-1.jpg 1280w\" sizes=\"auto, (max-width: 460px) 100vw, 460px\" \/><\/figure><\/div>\n\n\n\n<p class=\"wp-block-paragraph\">Felipe Bernasconi lleg\u00f3 en el segundo lugar.<\/p>\n","protected":false},"excerpt":{"rendered":"<p>El domingo gan\u00f3 la final Enzo Torres, que logr\u00f3 su primera victoria<\/p>\n","protected":false},"author":2,"featured_media":89156,"comment_status":"closed","ping_status":"open","sticky":false,"template":"","format":"standard","meta":{"footnotes":""},"categories":[46],"tags":[5589],"class_list":["post-89155","post","type-post","status-publish","format-standard","has-post-thumbnail","hentry","category-c2nota2","tag-bautista-oliva-de-salliquelo-gano-el-sabado"],"featured_image_urls":{"full":["https:\/\/infoecos.com.ar\/wp-content\/uploads\/2021\/11\/descarga.jpg",1280,853,false],"thumbnail":["https:\/\/infoecos.com.ar\/wp-content\/uploads\/2021\/11\/descarga-150x150.jpg",150,150,true],"medium":["https:\/\/infoecos.com.ar\/wp-content\/uploads\/2021\/11\/descarga-460x307.jpg",460,307,true],"medium_large":["https:\/\/infoecos.com.ar\/wp-content\/uploads\/2021\/11\/descarga-768x512.jpg",640,427,true],"large":["https:\/\/infoecos.com.ar\/wp-content\/uploads\/2021\/11\/descarga-920x613.jpg",640,426,true],"1536x1536":["https:\/\/infoecos.com.ar\/wp-content\/uploads\/2021\/11\/descarga.jpg",1280,853,false],"2048x2048":["https:\/\/infoecos.com.ar\/wp-content\/uploads\/2021\/11\/descarga.jpg",1280,853,false],"covernews-slider-full":["https:\/\/infoecos.com.ar\/wp-content\/uploads\/2021\/11\/descarga.jpg",1073,715,false],"covernews-slider-center":["https:\/\/infoecos.com.ar\/wp-content\/uploads\/2021\/11\/descarga-936x853.jpg",549,500,true],"covernews-featured":["https:\/\/infoecos.com.ar\/wp-content\/uploads\/2021\/11\/descarga-1024x682.jpg",1024,682,true],"covernews-medium":["https:\/\/infoecos.com.ar\/wp-content\/uploads\/2021\/11\/descarga-720x380.jpg",540,285,true],"covernews-medium-square":["https:\/\/infoecos.com.ar\/wp-content\/uploads\/2021\/11\/descarga-675x450.jpg",375,250,true]},"author_info":{"info":["Jorge Matheus"]},"category_info":"<a href=\"https:\/\/infoecos.com.ar\/index.php\/category\/c2nota2\/\" rel=\"category tag\">C2 N2<\/a>","tag_info":"C2 N2","comment_count":"0","_links":{"self":[{"href":"https:\/\/infoecos.com.ar\/index.php\/wp-json\/wp\/v2\/posts\/89155","targetHints":{"allow":["GET"]}}],"collection":[{"href":"https:\/\/infoecos.com.ar\/index.php\/wp-json\/wp\/v2\/posts"}],"about":[{"href":"https:\/\/infoecos.com.ar\/index.php\/wp-json\/wp\/v2\/types\/post"}],"author":[{"embeddable":true,"href":"https:\/\/infoecos.com.ar\/index.php\/wp-json\/wp\/v2\/users\/2"}],"replies":[{"embeddable":true,"href":"https:\/\/infoecos.com.ar\/index.php\/wp-json\/wp\/v2\/comments?post=89155"}],"version-history":[{"count":1,"href":"https:\/\/infoecos.com.ar\/index.php\/wp-json\/wp\/v2\/posts\/89155\/revisions"}],"predecessor-version":[{"id":89159,"href":"https:\/\/infoecos.com.ar\/index.php\/wp-json\/wp\/v2\/posts\/89155\/revisions\/89159"}],"wp:featuredmedia":[{"embeddable":true,"href":"https:\/\/infoecos.com.ar\/index.php\/wp-json\/wp\/v2\/media\/89156"}],"wp:attachment":[{"href":"https:\/\/infoecos.com.ar\/index.php\/wp-json\/wp\/v2\/media?parent=89155"}],"wp:term":[{"taxonomy":"category","embeddable":true,"href":"https:\/\/infoecos.com.ar\/index.php\/wp-json\/wp\/v2\/categories?post=89155"},{"taxonomy":"post_tag","embeddable":true,"href":"https:\/\/infoecos.com.ar\/index.php\/wp-json\/wp\/v2\/tags?post=89155"}],"curies":[{"name":"wp","href":"https:\/\/api.w.org\/{rel}","templated":true}]}}