{"id":89165,"date":"2021-11-08T16:11:27","date_gmt":"2021-11-08T19:11:27","guid":{"rendered":"http:\/\/infoecos.com.ar\/?p=89165"},"modified":"2021-11-08T16:11:27","modified_gmt":"2021-11-08T19:11:27","slug":"piden-en-trenque-lauquen-se-respeten-el-dia-horario-y-posta-de-vacunacion-asignado","status":"publish","type":"post","link":"https:\/\/infoecos.com.ar\/index.php\/piden-en-trenque-lauquen-se-respeten-el-dia-horario-y-posta-de-vacunacion-asignado\/","title":{"rendered":"Piden en Trenque Lauquen se respeten el d\u00eda, horario y posta de vacunaci\u00f3n asignado"},"content":{"rendered":"\n<p class=\"wp-block-paragraph\">La Coordinadora del Plan de Vacunaci\u00f3n en el distrito de Trenque Lauquen, Leticia Badino, a trav\u00e9s de su cuentra en la red social Facebook solicit\u00f3 a las vecinas y vecinos que respeten el d\u00eda, horario y posta en que les fue asignado su turno de vacunaci\u00f3n. <\/p>\n\n\n\n<div class=\"wp-block-image is-style-default\"><figure class=\"aligncenter size-medium\"><img loading=\"lazy\" decoding=\"async\" width=\"460\" height=\"259\" src=\"http:\/\/infoecos.com.ar\/wp-content\/uploads\/2021\/06\/frentedetodostrenquelauquenvacunacion-460x259.jpg\" alt=\"\" class=\"wp-image-79325\" srcset=\"https:\/\/infoecos.com.ar\/wp-content\/uploads\/2021\/06\/frentedetodostrenquelauquenvacunacion-460x259.jpg 460w, https:\/\/infoecos.com.ar\/wp-content\/uploads\/2021\/06\/frentedetodostrenquelauquenvacunacion-920x518.jpg 920w, https:\/\/infoecos.com.ar\/wp-content\/uploads\/2021\/06\/frentedetodostrenquelauquenvacunacion-768x432.jpg 768w, https:\/\/infoecos.com.ar\/wp-content\/uploads\/2021\/06\/frentedetodostrenquelauquenvacunacion.jpg 960w\" sizes=\"auto, (max-width: 460px) 100vw, 460px\" \/><\/figure><\/div>\n\n\n\n<p class=\"wp-block-paragraph\">Se\u00f1ala, adem\u00e1s, que \u00aba fin de preservar la buena atenci\u00f3n en ambas postas, y el bienestar de las personas que asisten, y teniendo en cuenta que esta semana tenemos turneras de 500 turnos para 3era dosis, informamos que todas aquellas personas que tienen turno perdido de 1era o 2da dosis, de cualquier vacuna (pfizer, moderna, sputnik, sinopharm) deber\u00e1n acercarse a las postas para dejar sus datos y ser\u00e1n convocadas a vacunarse cuando no haya turnera establecida por el sistema\u00bb.<\/p>\n","protected":false},"excerpt":{"rendered":"<p>Se\u00f1ala, adem\u00e1s, que \u00aba fin de preservar la buena atenci\u00f3n en ambas postas, y el bienestar de las personas que asisten, y teniendo en cuenta que esta semana tenemos turneras de 500 turnos para 3era dosis, informamos que todas aquellas personas que tienen turno perdido de 1era o 2da dosis, de cualquier vacuna deber\u00e1n acercarse a las postas para dejar sus datos\u00bb<\/p>\n","protected":false},"author":2,"featured_media":79325,"comment_status":"closed","ping_status":"open","sticky":false,"template":"","format":"standard","meta":{"footnotes":""},"categories":[1613],"tags":[],"class_list":["post-89165","post","type-post","status-publish","format-standard","has-post-thumbnail","hentry","category-noticia-secundaria"],"featured_image_urls":{"full":["https:\/\/infoecos.com.ar\/wp-content\/uploads\/2021\/06\/frentedetodostrenquelauquenvacunacion.jpg",960,540,false],"thumbnail":["https:\/\/infoecos.com.ar\/wp-content\/uploads\/2021\/06\/frentedetodostrenquelauquenvacunacion-150x150.jpg",150,150,true],"medium":["https:\/\/infoecos.com.ar\/wp-content\/uploads\/2021\/06\/frentedetodostrenquelauquenvacunacion-460x259.jpg",460,259,true],"medium_large":["https:\/\/infoecos.com.ar\/wp-content\/uploads\/2021\/06\/frentedetodostrenquelauquenvacunacion-768x432.jpg",640,360,true],"large":["https:\/\/infoecos.com.ar\/wp-content\/uploads\/2021\/06\/frentedetodostrenquelauquenvacunacion-920x518.jpg",640,360,true],"1536x1536":["https:\/\/infoecos.com.ar\/wp-content\/uploads\/2021\/06\/frentedetodostrenquelauquenvacunacion.jpg",960,540,false],"2048x2048":["https:\/\/infoecos.com.ar\/wp-content\/uploads\/2021\/06\/frentedetodostrenquelauquenvacunacion.jpg",960,540,false],"covernews-slider-full":["https:\/\/infoecos.com.ar\/wp-content\/uploads\/2021\/06\/frentedetodostrenquelauquenvacunacion.jpg",960,540,false],"covernews-slider-center":["https:\/\/infoecos.com.ar\/wp-content\/uploads\/2021\/06\/frentedetodostrenquelauquenvacunacion-936x540.jpg",800,462,true],"covernews-featured":["https:\/\/infoecos.com.ar\/wp-content\/uploads\/2021\/06\/frentedetodostrenquelauquenvacunacion.jpg",960,540,false],"covernews-medium":["https:\/\/infoecos.com.ar\/wp-content\/uploads\/2021\/06\/frentedetodostrenquelauquenvacunacion-720x380.jpg",540,285,true],"covernews-medium-square":["https:\/\/infoecos.com.ar\/wp-content\/uploads\/2021\/06\/frentedetodostrenquelauquenvacunacion-675x450.jpg",375,250,true]},"author_info":{"info":["Jorge Matheus"]},"category_info":"<a href=\"https:\/\/infoecos.com.ar\/index.php\/category\/noticia-secundaria\/\" rel=\"category tag\">Noticia Secundaria<\/a>","tag_info":"Noticia Secundaria","comment_count":"0","_links":{"self":[{"href":"https:\/\/infoecos.com.ar\/index.php\/wp-json\/wp\/v2\/posts\/89165","targetHints":{"allow":["GET"]}}],"collection":[{"href":"https:\/\/infoecos.com.ar\/index.php\/wp-json\/wp\/v2\/posts"}],"about":[{"href":"https:\/\/infoecos.com.ar\/index.php\/wp-json\/wp\/v2\/types\/post"}],"author":[{"embeddable":true,"href":"https:\/\/infoecos.com.ar\/index.php\/wp-json\/wp\/v2\/users\/2"}],"replies":[{"embeddable":true,"href":"https:\/\/infoecos.com.ar\/index.php\/wp-json\/wp\/v2\/comments?post=89165"}],"version-history":[{"count":1,"href":"https:\/\/infoecos.com.ar\/index.php\/wp-json\/wp\/v2\/posts\/89165\/revisions"}],"predecessor-version":[{"id":89166,"href":"https:\/\/infoecos.com.ar\/index.php\/wp-json\/wp\/v2\/posts\/89165\/revisions\/89166"}],"wp:featuredmedia":[{"embeddable":true,"href":"https:\/\/infoecos.com.ar\/index.php\/wp-json\/wp\/v2\/media\/79325"}],"wp:attachment":[{"href":"https:\/\/infoecos.com.ar\/index.php\/wp-json\/wp\/v2\/media?parent=89165"}],"wp:term":[{"taxonomy":"category","embeddable":true,"href":"https:\/\/infoecos.com.ar\/index.php\/wp-json\/wp\/v2\/categories?post=89165"},{"taxonomy":"post_tag","embeddable":true,"href":"https:\/\/infoecos.com.ar\/index.php\/wp-json\/wp\/v2\/tags?post=89165"}],"curies":[{"name":"wp","href":"https:\/\/api.w.org\/{rel}","templated":true}]}}