{"id":89169,"date":"2021-11-08T16:47:04","date_gmt":"2021-11-08T19:47:04","guid":{"rendered":"http:\/\/infoecos.com.ar\/?p=89169"},"modified":"2021-11-09T03:30:35","modified_gmt":"2021-11-09T06:30:35","slug":"en-referencia-al-gobierno-de-macri-el-gobernador-kicillof-dijo-que-esos-cuatros-anos-fueron-una-estafa-electoral","status":"publish","type":"post","link":"https:\/\/infoecos.com.ar\/index.php\/en-referencia-al-gobierno-de-macri-el-gobernador-kicillof-dijo-que-esos-cuatros-anos-fueron-una-estafa-electoral\/","title":{"rendered":"En referencia al gobierno de Macri, el gobernador Kicillof dijo que \u00abesos cuatros a\u00f1os fueron una estafa electoral\u00bb"},"content":{"rendered":"\n<p>\u201cEl pr\u00f3ximo domingo lo que se decide es con qu\u00e9 pol\u00edticas vamos a recuperar lo perdido durante la pandemia y los cuatro a\u00f1os anteriores\u201d, destac\u00f3 este lunes el gobernador de la provincia de Buenos Aires, Axel Kicillof, al participar de un plenario de la Uni\u00f3n Obrera Metal\u00fargica (UOM) que se llev\u00f3 a cabo en el Camping de la Seccional Vicente L\u00f3pez, ubicado en la localidad de Manuel Alberti, Pilar.<\/p>\n\n\n\n<div class=\"wp-block-image is-style-default\"><figure class=\"aligncenter size-medium\"><img loading=\"lazy\" decoding=\"async\" width=\"460\" height=\"306\" src=\"http:\/\/infoecos.com.ar\/wp-content\/uploads\/2021\/11\/2021_11_08-AK-Pilar-Plenario-UOM_SGE_4962-460x306.jpg\" alt=\"\" class=\"wp-image-89170\" srcset=\"https:\/\/infoecos.com.ar\/wp-content\/uploads\/2021\/11\/2021_11_08-AK-Pilar-Plenario-UOM_SGE_4962-460x306.jpg 460w, https:\/\/infoecos.com.ar\/wp-content\/uploads\/2021\/11\/2021_11_08-AK-Pilar-Plenario-UOM_SGE_4962-920x612.jpg 920w, https:\/\/infoecos.com.ar\/wp-content\/uploads\/2021\/11\/2021_11_08-AK-Pilar-Plenario-UOM_SGE_4962-768x511.jpg 768w, https:\/\/infoecos.com.ar\/wp-content\/uploads\/2021\/11\/2021_11_08-AK-Pilar-Plenario-UOM_SGE_4962-1536x1020.jpg 1536w, https:\/\/infoecos.com.ar\/wp-content\/uploads\/2021\/11\/2021_11_08-AK-Pilar-Plenario-UOM_SGE_4962-2048x1363.jpg 2048w, https:\/\/infoecos.com.ar\/wp-content\/uploads\/2021\/11\/2021_11_08-AK-Pilar-Plenario-UOM_SGE_4962-1024x682.jpg 1024w, https:\/\/infoecos.com.ar\/wp-content\/uploads\/2021\/11\/2021_11_08-AK-Pilar-Plenario-UOM_SGE_4962-675x450.jpg 675w\" sizes=\"(max-width: 460px) 100vw, 460px\" \/><\/figure><\/div>\n\n\n\n<p>Estuvieron presentes la ministra de Trabajo, Mara Ruiz Malec; el intendente local, Federico Ach\u00e1val; el secretario general de la UOM, Antonio Cal\u00f3; el secretario administrativo del gremio y candidato a diputado provincial, Naldo Brunelli: y el secretario general de la Seccional Vicente L\u00f3pez, Emiliano Gallo.<\/p>\n\n\n\n<p>\u201cM\u00e1s all\u00e1 de lo que se diga en los medios y en las redes, la \u00fanica verdad es la realidad: en 2003 hab\u00eda 60 mil obreros metal\u00fargicos afiliados a la UOM y, despu\u00e9s de 12 a\u00f1os de peronismo, aumentaron a 250 mil\u201d, explic\u00f3 Kicillof y agreg\u00f3: \u201cDespu\u00e9s vino una inmensa estafa electoral, que tras prometer m\u00e1s trabajo y mejores ingresos, dio lugar a un Gobierno que se dedic\u00f3 a arrebatar derechos y salarios\u201d. \u201cEn cuatro a\u00f1os se perdieron 50 mil afiliados en este gremio, eso es algo que nunca m\u00e1s puede pasar en nuestro pa\u00eds\u201d, remarc\u00f3.&nbsp;<\/p>\n\n\n\n<div class=\"wp-block-image is-style-default\"><figure class=\"aligncenter size-medium\"><img loading=\"lazy\" decoding=\"async\" width=\"460\" height=\"306\" src=\"http:\/\/infoecos.com.ar\/wp-content\/uploads\/2021\/11\/2021_11_08-AK-Pilar-Plenario-UOM_SGE_4737-460x306.jpg\" alt=\"\" class=\"wp-image-89171\" srcset=\"https:\/\/infoecos.com.ar\/wp-content\/uploads\/2021\/11\/2021_11_08-AK-Pilar-Plenario-UOM_SGE_4737-460x306.jpg 460w, https:\/\/infoecos.com.ar\/wp-content\/uploads\/2021\/11\/2021_11_08-AK-Pilar-Plenario-UOM_SGE_4737-920x612.jpg 920w, https:\/\/infoecos.com.ar\/wp-content\/uploads\/2021\/11\/2021_11_08-AK-Pilar-Plenario-UOM_SGE_4737-768x511.jpg 768w, https:\/\/infoecos.com.ar\/wp-content\/uploads\/2021\/11\/2021_11_08-AK-Pilar-Plenario-UOM_SGE_4737-1536x1020.jpg 1536w, https:\/\/infoecos.com.ar\/wp-content\/uploads\/2021\/11\/2021_11_08-AK-Pilar-Plenario-UOM_SGE_4737-2048x1363.jpg 2048w, https:\/\/infoecos.com.ar\/wp-content\/uploads\/2021\/11\/2021_11_08-AK-Pilar-Plenario-UOM_SGE_4737-1024x682.jpg 1024w, https:\/\/infoecos.com.ar\/wp-content\/uploads\/2021\/11\/2021_11_08-AK-Pilar-Plenario-UOM_SGE_4737-675x450.jpg 675w\" sizes=\"(max-width: 460px) 100vw, 460px\" \/><\/figure><\/div>\n\n\n\n<p>El Gobernador se\u00f1al\u00f3 que \u201cla pandemia no nos va a hacer olvidar y perder la memoria\u201d. \u201cNuestra oposici\u00f3n ya gobern\u00f3 y sabemos lo que hace cuando tiene poder: viene por los derechos de las y los trabajadores\u201d, subray\u00f3.<\/p>\n\n\n\n<p>\u201cDe esta crisis de seis a\u00f1os vamos a salir adelante como lo hemos hecho siempre: con las y los trabajadores, los sindicatos y de la mano de los que m\u00e1s sufrieron\u201d, sostuvo Kicillof y concluy\u00f3: \u201cEl voto tiene que ser para que la recuperaci\u00f3n est\u00e9 guiada por las pol\u00edticas de justicia social, independencia econ\u00f3mica y soberan\u00eda pol\u00edtica\u201d.&nbsp;<\/p>\n\n\n\n<p><br><\/p>\n\n\n\n<p><br><\/p>\n\n\n\n<p><br><\/p>\n\n\n\n<p><br><\/p>\n\n\n\n<p><br><\/p>\n\n\n\n<p><br><\/p>\n","protected":false},"excerpt":{"rendered":"<p>\u201cNuestra oposici\u00f3n ya gobern\u00f3 y sabemos lo que hace cuando tiene poder: viene por los derechos de las y los trabajadores\u201d, dijo entre otras cosas<\/p>\n","protected":false},"author":2,"featured_media":89172,"comment_status":"closed","ping_status":"open","sticky":false,"template":"","format":"standard","meta":{"footnotes":""},"categories":[48],"tags":[5590],"class_list":["post-89169","post","type-post","status-publish","format-standard","has-post-thumbnail","hentry","category-c2nota3","tag-plenario-de-la-uom-en-pilar"],"yoast_head":"<!-- This site is optimized with the Yoast SEO plugin v23.4 - https:\/\/yoast.com\/wordpress\/plugins\/seo\/ -->\n<title>En referencia al gobierno de Macri, el gobernador Kicillof dijo que &quot;esos cuatros a\u00f1os fueron una estafa electoral&quot; - Infoecos<\/title>\n<meta name=\"robots\" content=\"index, follow, max-snippet:-1, max-image-preview:large, max-video-preview:-1\" \/>\n<link rel=\"canonical\" href=\"https:\/\/infoecos.com.ar\/index.php\/en-referencia-al-gobierno-de-macri-el-gobernador-kicillof-dijo-que-esos-cuatros-anos-fueron-una-estafa-electoral\/\" \/>\n<meta property=\"og:locale\" content=\"es_ES\" \/>\n<meta property=\"og:type\" content=\"article\" \/>\n<meta property=\"og:title\" content=\"En referencia al gobierno de Macri, el gobernador Kicillof dijo que &quot;esos cuatros a\u00f1os fueron una estafa electoral&quot; - Infoecos\" \/>\n<meta property=\"og:description\" content=\"\u201cNuestra oposici\u00f3n ya gobern\u00f3 y sabemos lo que hace cuando tiene poder: viene por los derechos de las y los trabajadores\u201d, dijo entre otras cosas\" \/>\n<meta property=\"og:url\" content=\"https:\/\/infoecos.com.ar\/index.php\/en-referencia-al-gobierno-de-macri-el-gobernador-kicillof-dijo-que-esos-cuatros-anos-fueron-una-estafa-electoral\/\" \/>\n<meta property=\"og:site_name\" content=\"Infoecos\" \/>\n<meta property=\"article:publisher\" content=\"https:\/\/www.facebook.com\/profile.php?id=100063200290284\" \/>\n<meta property=\"article:published_time\" content=\"2021-11-08T19:47:04+00:00\" \/>\n<meta property=\"article:modified_time\" content=\"2021-11-09T06:30:35+00:00\" \/>\n<meta property=\"og:image\" content=\"https:\/\/infoecos.com.ar\/wp-content\/uploads\/2021\/11\/2021_11_08-AK-Pilar-Plenario-UOM_SGE_4234-scaled.jpg\" \/>\n\t<meta property=\"og:image:width\" content=\"2560\" \/>\n\t<meta property=\"og:image:height\" content=\"1704\" \/>\n\t<meta property=\"og:image:type\" content=\"image\/jpeg\" \/>\n<meta name=\"author\" content=\"Jorge Matheus\" \/>\n<meta name=\"twitter:card\" content=\"summary_large_image\" \/>\n<meta name=\"twitter:creator\" content=\"@infoecos\" \/>\n<meta name=\"twitter:site\" content=\"@infoecos\" \/>\n<meta name=\"twitter:label1\" content=\"Escrito por\" \/>\n\t<meta name=\"twitter:data1\" content=\"Jorge Matheus\" \/>\n\t<meta name=\"twitter:label2\" content=\"Tiempo de lectura\" \/>\n\t<meta name=\"twitter:data2\" content=\"2 minutos\" \/>\n<script type=\"application\/ld+json\" class=\"yoast-schema-graph\">{\"@context\":\"https:\/\/schema.org\",\"@graph\":[{\"@type\":\"Article\",\"@id\":\"https:\/\/infoecos.com.ar\/index.php\/en-referencia-al-gobierno-de-macri-el-gobernador-kicillof-dijo-que-esos-cuatros-anos-fueron-una-estafa-electoral\/#article\",\"isPartOf\":{\"@id\":\"https:\/\/infoecos.com.ar\/index.php\/en-referencia-al-gobierno-de-macri-el-gobernador-kicillof-dijo-que-esos-cuatros-anos-fueron-una-estafa-electoral\/\"},\"author\":{\"name\":\"Jorge Matheus\",\"@id\":\"https:\/\/infoecos.com.ar\/#\/schema\/person\/8f5ace5ce73b4b4aac4b7245aee6f191\"},\"headline\":\"En referencia al gobierno de Macri, el gobernador Kicillof dijo que \u00abesos cuatros a\u00f1os fueron una estafa electoral\u00bb\",\"datePublished\":\"2021-11-08T19:47:04+00:00\",\"dateModified\":\"2021-11-09T06:30:35+00:00\",\"mainEntityOfPage\":{\"@id\":\"https:\/\/infoecos.com.ar\/index.php\/en-referencia-al-gobierno-de-macri-el-gobernador-kicillof-dijo-que-esos-cuatros-anos-fueron-una-estafa-electoral\/\"},\"wordCount\":348,\"publisher\":{\"@id\":\"https:\/\/infoecos.com.ar\/#organization\"},\"image\":{\"@id\":\"https:\/\/infoecos.com.ar\/index.php\/en-referencia-al-gobierno-de-macri-el-gobernador-kicillof-dijo-que-esos-cuatros-anos-fueron-una-estafa-electoral\/#primaryimage\"},\"thumbnailUrl\":\"https:\/\/infoecos.com.ar\/wp-content\/uploads\/2021\/11\/2021_11_08-AK-Pilar-Plenario-UOM_SGE_4234-scaled.jpg\",\"keywords\":[\"PLENARIO DE LA UOM EN PILAR\"],\"articleSection\":[\"C2 N3\"],\"inLanguage\":\"es\"},{\"@type\":\"WebPage\",\"@id\":\"https:\/\/infoecos.com.ar\/index.php\/en-referencia-al-gobierno-de-macri-el-gobernador-kicillof-dijo-que-esos-cuatros-anos-fueron-una-estafa-electoral\/\",\"url\":\"https:\/\/infoecos.com.ar\/index.php\/en-referencia-al-gobierno-de-macri-el-gobernador-kicillof-dijo-que-esos-cuatros-anos-fueron-una-estafa-electoral\/\",\"name\":\"En referencia al gobierno de Macri, el gobernador Kicillof dijo que \\\"esos cuatros a\u00f1os fueron una estafa electoral\\\" - Infoecos\",\"isPartOf\":{\"@id\":\"https:\/\/infoecos.com.ar\/#website\"},\"primaryImageOfPage\":{\"@id\":\"https:\/\/infoecos.com.ar\/index.php\/en-referencia-al-gobierno-de-macri-el-gobernador-kicillof-dijo-que-esos-cuatros-anos-fueron-una-estafa-electoral\/#primaryimage\"},\"image\":{\"@id\":\"https:\/\/infoecos.com.ar\/index.php\/en-referencia-al-gobierno-de-macri-el-gobernador-kicillof-dijo-que-esos-cuatros-anos-fueron-una-estafa-electoral\/#primaryimage\"},\"thumbnailUrl\":\"https:\/\/infoecos.com.ar\/wp-content\/uploads\/2021\/11\/2021_11_08-AK-Pilar-Plenario-UOM_SGE_4234-scaled.jpg\",\"datePublished\":\"2021-11-08T19:47:04+00:00\",\"dateModified\":\"2021-11-09T06:30:35+00:00\",\"breadcrumb\":{\"@id\":\"https:\/\/infoecos.com.ar\/index.php\/en-referencia-al-gobierno-de-macri-el-gobernador-kicillof-dijo-que-esos-cuatros-anos-fueron-una-estafa-electoral\/#breadcrumb\"},\"inLanguage\":\"es\",\"potentialAction\":[{\"@type\":\"ReadAction\",\"target\":[\"https:\/\/infoecos.com.ar\/index.php\/en-referencia-al-gobierno-de-macri-el-gobernador-kicillof-dijo-que-esos-cuatros-anos-fueron-una-estafa-electoral\/\"]}]},{\"@type\":\"ImageObject\",\"inLanguage\":\"es\",\"@id\":\"https:\/\/infoecos.com.ar\/index.php\/en-referencia-al-gobierno-de-macri-el-gobernador-kicillof-dijo-que-esos-cuatros-anos-fueron-una-estafa-electoral\/#primaryimage\",\"url\":\"https:\/\/infoecos.com.ar\/wp-content\/uploads\/2021\/11\/2021_11_08-AK-Pilar-Plenario-UOM_SGE_4234-scaled.jpg\",\"contentUrl\":\"https:\/\/infoecos.com.ar\/wp-content\/uploads\/2021\/11\/2021_11_08-AK-Pilar-Plenario-UOM_SGE_4234-scaled.jpg\",\"width\":2560,\"height\":1704},{\"@type\":\"BreadcrumbList\",\"@id\":\"https:\/\/infoecos.com.ar\/index.php\/en-referencia-al-gobierno-de-macri-el-gobernador-kicillof-dijo-que-esos-cuatros-anos-fueron-una-estafa-electoral\/#breadcrumb\",\"itemListElement\":[{\"@type\":\"ListItem\",\"position\":1,\"name\":\"Portada\",\"item\":\"https:\/\/infoecos.com.ar\/\"},{\"@type\":\"ListItem\",\"position\":2,\"name\":\"En referencia al gobierno de Macri, el gobernador Kicillof dijo que \u00abesos cuatros a\u00f1os fueron una estafa electoral\u00bb\"}]},{\"@type\":\"WebSite\",\"@id\":\"https:\/\/infoecos.com.ar\/#website\",\"url\":\"https:\/\/infoecos.com.ar\/\",\"name\":\"Infoecos\",\"description\":\"Noticias de trenque lauquen y la zona\",\"publisher\":{\"@id\":\"https:\/\/infoecos.com.ar\/#organization\"},\"alternateName\":\"Noticias\",\"potentialAction\":[{\"@type\":\"SearchAction\",\"target\":{\"@type\":\"EntryPoint\",\"urlTemplate\":\"https:\/\/infoecos.com.ar\/?s={search_term_string}\"},\"query-input\":{\"@type\":\"PropertyValueSpecification\",\"valueRequired\":true,\"valueName\":\"search_term_string\"}}],\"inLanguage\":\"es\"},{\"@type\":\"Organization\",\"@id\":\"https:\/\/infoecos.com.ar\/#organization\",\"name\":\"Infoecos\",\"alternateName\":\"Noticias\",\"url\":\"https:\/\/infoecos.com.ar\/\",\"logo\":{\"@type\":\"ImageObject\",\"inLanguage\":\"es\",\"@id\":\"https:\/\/infoecos.com.ar\/#\/schema\/logo\/image\/\",\"url\":\"https:\/\/infoecos.com.ar\/wp-content\/uploads\/2024\/03\/cropped-logo.png\",\"contentUrl\":\"https:\/\/infoecos.com.ar\/wp-content\/uploads\/2024\/03\/cropped-logo.png\",\"width\":374,\"height\":90,\"caption\":\"Infoecos\"},\"image\":{\"@id\":\"https:\/\/infoecos.com.ar\/#\/schema\/logo\/image\/\"},\"sameAs\":[\"https:\/\/www.facebook.com\/profile.php?id=100063200290284\",\"https:\/\/x.com\/infoecos\"]},{\"@type\":\"Person\",\"@id\":\"https:\/\/infoecos.com.ar\/#\/schema\/person\/8f5ace5ce73b4b4aac4b7245aee6f191\",\"name\":\"Jorge Matheus\",\"url\":\"https:\/\/infoecos.com.ar\/index.php\/author\/jomatheus\/\"}]}<\/script>\n<!-- \/ Yoast SEO plugin. -->","yoast_head_json":{"title":"En referencia al gobierno de Macri, el gobernador Kicillof dijo que \"esos cuatros a\u00f1os fueron una estafa electoral\" - Infoecos","robots":{"index":"index","follow":"follow","max-snippet":"max-snippet:-1","max-image-preview":"max-image-preview:large","max-video-preview":"max-video-preview:-1"},"canonical":"https:\/\/infoecos.com.ar\/index.php\/en-referencia-al-gobierno-de-macri-el-gobernador-kicillof-dijo-que-esos-cuatros-anos-fueron-una-estafa-electoral\/","og_locale":"es_ES","og_type":"article","og_title":"En referencia al gobierno de Macri, el gobernador Kicillof dijo que \"esos cuatros a\u00f1os fueron una estafa electoral\" - Infoecos","og_description":"\u201cNuestra oposici\u00f3n ya gobern\u00f3 y sabemos lo que hace cuando tiene poder: viene por los derechos de las y los trabajadores\u201d, dijo entre otras cosas","og_url":"https:\/\/infoecos.com.ar\/index.php\/en-referencia-al-gobierno-de-macri-el-gobernador-kicillof-dijo-que-esos-cuatros-anos-fueron-una-estafa-electoral\/","og_site_name":"Infoecos","article_publisher":"https:\/\/www.facebook.com\/profile.php?id=100063200290284","article_published_time":"2021-11-08T19:47:04+00:00","article_modified_time":"2021-11-09T06:30:35+00:00","og_image":[{"width":2560,"height":1704,"url":"https:\/\/infoecos.com.ar\/wp-content\/uploads\/2021\/11\/2021_11_08-AK-Pilar-Plenario-UOM_SGE_4234-scaled.jpg","type":"image\/jpeg"}],"author":"Jorge Matheus","twitter_card":"summary_large_image","twitter_creator":"@infoecos","twitter_site":"@infoecos","twitter_misc":{"Escrito por":"Jorge Matheus","Tiempo de lectura":"2 minutos"},"schema":{"@context":"https:\/\/schema.org","@graph":[{"@type":"Article","@id":"https:\/\/infoecos.com.ar\/index.php\/en-referencia-al-gobierno-de-macri-el-gobernador-kicillof-dijo-que-esos-cuatros-anos-fueron-una-estafa-electoral\/#article","isPartOf":{"@id":"https:\/\/infoecos.com.ar\/index.php\/en-referencia-al-gobierno-de-macri-el-gobernador-kicillof-dijo-que-esos-cuatros-anos-fueron-una-estafa-electoral\/"},"author":{"name":"Jorge Matheus","@id":"https:\/\/infoecos.com.ar\/#\/schema\/person\/8f5ace5ce73b4b4aac4b7245aee6f191"},"headline":"En referencia al gobierno de Macri, el gobernador Kicillof dijo que \u00abesos cuatros a\u00f1os fueron una estafa electoral\u00bb","datePublished":"2021-11-08T19:47:04+00:00","dateModified":"2021-11-09T06:30:35+00:00","mainEntityOfPage":{"@id":"https:\/\/infoecos.com.ar\/index.php\/en-referencia-al-gobierno-de-macri-el-gobernador-kicillof-dijo-que-esos-cuatros-anos-fueron-una-estafa-electoral\/"},"wordCount":348,"publisher":{"@id":"https:\/\/infoecos.com.ar\/#organization"},"image":{"@id":"https:\/\/infoecos.com.ar\/index.php\/en-referencia-al-gobierno-de-macri-el-gobernador-kicillof-dijo-que-esos-cuatros-anos-fueron-una-estafa-electoral\/#primaryimage"},"thumbnailUrl":"https:\/\/infoecos.com.ar\/wp-content\/uploads\/2021\/11\/2021_11_08-AK-Pilar-Plenario-UOM_SGE_4234-scaled.jpg","keywords":["PLENARIO DE LA UOM EN PILAR"],"articleSection":["C2 N3"],"inLanguage":"es"},{"@type":"WebPage","@id":"https:\/\/infoecos.com.ar\/index.php\/en-referencia-al-gobierno-de-macri-el-gobernador-kicillof-dijo-que-esos-cuatros-anos-fueron-una-estafa-electoral\/","url":"https:\/\/infoecos.com.ar\/index.php\/en-referencia-al-gobierno-de-macri-el-gobernador-kicillof-dijo-que-esos-cuatros-anos-fueron-una-estafa-electoral\/","name":"En referencia al gobierno de Macri, el gobernador Kicillof dijo que \"esos cuatros a\u00f1os fueron una estafa electoral\" - Infoecos","isPartOf":{"@id":"https:\/\/infoecos.com.ar\/#website"},"primaryImageOfPage":{"@id":"https:\/\/infoecos.com.ar\/index.php\/en-referencia-al-gobierno-de-macri-el-gobernador-kicillof-dijo-que-esos-cuatros-anos-fueron-una-estafa-electoral\/#primaryimage"},"image":{"@id":"https:\/\/infoecos.com.ar\/index.php\/en-referencia-al-gobierno-de-macri-el-gobernador-kicillof-dijo-que-esos-cuatros-anos-fueron-una-estafa-electoral\/#primaryimage"},"thumbnailUrl":"https:\/\/infoecos.com.ar\/wp-content\/uploads\/2021\/11\/2021_11_08-AK-Pilar-Plenario-UOM_SGE_4234-scaled.jpg","datePublished":"2021-11-08T19:47:04+00:00","dateModified":"2021-11-09T06:30:35+00:00","breadcrumb":{"@id":"https:\/\/infoecos.com.ar\/index.php\/en-referencia-al-gobierno-de-macri-el-gobernador-kicillof-dijo-que-esos-cuatros-anos-fueron-una-estafa-electoral\/#breadcrumb"},"inLanguage":"es","potentialAction":[{"@type":"ReadAction","target":["https:\/\/infoecos.com.ar\/index.php\/en-referencia-al-gobierno-de-macri-el-gobernador-kicillof-dijo-que-esos-cuatros-anos-fueron-una-estafa-electoral\/"]}]},{"@type":"ImageObject","inLanguage":"es","@id":"https:\/\/infoecos.com.ar\/index.php\/en-referencia-al-gobierno-de-macri-el-gobernador-kicillof-dijo-que-esos-cuatros-anos-fueron-una-estafa-electoral\/#primaryimage","url":"https:\/\/infoecos.com.ar\/wp-content\/uploads\/2021\/11\/2021_11_08-AK-Pilar-Plenario-UOM_SGE_4234-scaled.jpg","contentUrl":"https:\/\/infoecos.com.ar\/wp-content\/uploads\/2021\/11\/2021_11_08-AK-Pilar-Plenario-UOM_SGE_4234-scaled.jpg","width":2560,"height":1704},{"@type":"BreadcrumbList","@id":"https:\/\/infoecos.com.ar\/index.php\/en-referencia-al-gobierno-de-macri-el-gobernador-kicillof-dijo-que-esos-cuatros-anos-fueron-una-estafa-electoral\/#breadcrumb","itemListElement":[{"@type":"ListItem","position":1,"name":"Portada","item":"https:\/\/infoecos.com.ar\/"},{"@type":"ListItem","position":2,"name":"En referencia al gobierno de Macri, el gobernador Kicillof dijo que \u00abesos cuatros a\u00f1os fueron una estafa electoral\u00bb"}]},{"@type":"WebSite","@id":"https:\/\/infoecos.com.ar\/#website","url":"https:\/\/infoecos.com.ar\/","name":"Infoecos","description":"Noticias de trenque lauquen y la zona","publisher":{"@id":"https:\/\/infoecos.com.ar\/#organization"},"alternateName":"Noticias","potentialAction":[{"@type":"SearchAction","target":{"@type":"EntryPoint","urlTemplate":"https:\/\/infoecos.com.ar\/?s={search_term_string}"},"query-input":{"@type":"PropertyValueSpecification","valueRequired":true,"valueName":"search_term_string"}}],"inLanguage":"es"},{"@type":"Organization","@id":"https:\/\/infoecos.com.ar\/#organization","name":"Infoecos","alternateName":"Noticias","url":"https:\/\/infoecos.com.ar\/","logo":{"@type":"ImageObject","inLanguage":"es","@id":"https:\/\/infoecos.com.ar\/#\/schema\/logo\/image\/","url":"https:\/\/infoecos.com.ar\/wp-content\/uploads\/2024\/03\/cropped-logo.png","contentUrl":"https:\/\/infoecos.com.ar\/wp-content\/uploads\/2024\/03\/cropped-logo.png","width":374,"height":90,"caption":"Infoecos"},"image":{"@id":"https:\/\/infoecos.com.ar\/#\/schema\/logo\/image\/"},"sameAs":["https:\/\/www.facebook.com\/profile.php?id=100063200290284","https:\/\/x.com\/infoecos"]},{"@type":"Person","@id":"https:\/\/infoecos.com.ar\/#\/schema\/person\/8f5ace5ce73b4b4aac4b7245aee6f191","name":"Jorge Matheus","url":"https:\/\/infoecos.com.ar\/index.php\/author\/jomatheus\/"}]}},"featured_image_urls":{"full":["https:\/\/infoecos.com.ar\/wp-content\/uploads\/2021\/11\/2021_11_08-AK-Pilar-Plenario-UOM_SGE_4234-scaled.jpg",2560,1704,false],"thumbnail":["https:\/\/infoecos.com.ar\/wp-content\/uploads\/2021\/11\/2021_11_08-AK-Pilar-Plenario-UOM_SGE_4234-150x150.jpg",150,150,true],"medium":["https:\/\/infoecos.com.ar\/wp-content\/uploads\/2021\/11\/2021_11_08-AK-Pilar-Plenario-UOM_SGE_4234-460x306.jpg",460,306,true],"medium_large":["https:\/\/infoecos.com.ar\/wp-content\/uploads\/2021\/11\/2021_11_08-AK-Pilar-Plenario-UOM_SGE_4234-768x511.jpg",640,426,true],"large":["https:\/\/infoecos.com.ar\/wp-content\/uploads\/2021\/11\/2021_11_08-AK-Pilar-Plenario-UOM_SGE_4234-920x612.jpg",640,426,true],"1536x1536":["https:\/\/infoecos.com.ar\/wp-content\/uploads\/2021\/11\/2021_11_08-AK-Pilar-Plenario-UOM_SGE_4234-1536x1022.jpg",1536,1022,true],"2048x2048":["https:\/\/infoecos.com.ar\/wp-content\/uploads\/2021\/11\/2021_11_08-AK-Pilar-Plenario-UOM_SGE_4234-2048x1363.jpg",2048,1363,true],"covernews-slider-full":["https:\/\/infoecos.com.ar\/wp-content\/uploads\/2021\/11\/2021_11_08-AK-Pilar-Plenario-UOM_SGE_4234-1536x1020.jpg",1077,715,true],"covernews-slider-center":["https:\/\/infoecos.com.ar\/wp-content\/uploads\/2021\/11\/2021_11_08-AK-Pilar-Plenario-UOM_SGE_4234-936x897.jpg",522,500,true],"covernews-featured":["https:\/\/infoecos.com.ar\/wp-content\/uploads\/2021\/11\/2021_11_08-AK-Pilar-Plenario-UOM_SGE_4234-1024x682.jpg",1024,682,true],"covernews-medium":["https:\/\/infoecos.com.ar\/wp-content\/uploads\/2021\/11\/2021_11_08-AK-Pilar-Plenario-UOM_SGE_4234-720x380.jpg",540,285,true],"covernews-medium-square":["https:\/\/infoecos.com.ar\/wp-content\/uploads\/2021\/11\/2021_11_08-AK-Pilar-Plenario-UOM_SGE_4234-675x450.jpg",375,250,true]},"author_info":{"info":["Jorge Matheus"]},"category_info":"<a href=\"https:\/\/infoecos.com.ar\/index.php\/category\/c2nota3\/\" rel=\"category tag\">C2 N3<\/a>","tag_info":"C2 N3","comment_count":"0","_links":{"self":[{"href":"https:\/\/infoecos.com.ar\/index.php\/wp-json\/wp\/v2\/posts\/89169"}],"collection":[{"href":"https:\/\/infoecos.com.ar\/index.php\/wp-json\/wp\/v2\/posts"}],"about":[{"href":"https:\/\/infoecos.com.ar\/index.php\/wp-json\/wp\/v2\/types\/post"}],"author":[{"embeddable":true,"href":"https:\/\/infoecos.com.ar\/index.php\/wp-json\/wp\/v2\/users\/2"}],"replies":[{"embeddable":true,"href":"https:\/\/infoecos.com.ar\/index.php\/wp-json\/wp\/v2\/comments?post=89169"}],"version-history":[{"count":2,"href":"https:\/\/infoecos.com.ar\/index.php\/wp-json\/wp\/v2\/posts\/89169\/revisions"}],"predecessor-version":[{"id":89203,"href":"https:\/\/infoecos.com.ar\/index.php\/wp-json\/wp\/v2\/posts\/89169\/revisions\/89203"}],"wp:featuredmedia":[{"embeddable":true,"href":"https:\/\/infoecos.com.ar\/index.php\/wp-json\/wp\/v2\/media\/89172"}],"wp:attachment":[{"href":"https:\/\/infoecos.com.ar\/index.php\/wp-json\/wp\/v2\/media?parent=89169"}],"wp:term":[{"taxonomy":"category","embeddable":true,"href":"https:\/\/infoecos.com.ar\/index.php\/wp-json\/wp\/v2\/categories?post=89169"},{"taxonomy":"post_tag","embeddable":true,"href":"https:\/\/infoecos.com.ar\/index.php\/wp-json\/wp\/v2\/tags?post=89169"}],"curies":[{"name":"wp","href":"https:\/\/api.w.org\/{rel}","templated":true}]}}