{"id":89176,"date":"2021-11-08T17:03:46","date_gmt":"2021-11-08T20:03:46","guid":{"rendered":"http:\/\/infoecos.com.ar\/?p=89176"},"modified":"2021-11-09T03:05:18","modified_gmt":"2021-11-09T06:05:18","slug":"provincia-habilitara-dejar-de-usar-tapabocas-al-aire-libre-en-las-escuelas","status":"publish","type":"post","link":"https:\/\/infoecos.com.ar\/index.php\/provincia-habilitara-dejar-de-usar-tapabocas-al-aire-libre-en-las-escuelas\/","title":{"rendered":"Provincia habilitar\u00e1 dejar de usar tapabocas al aire libre en las escuelas"},"content":{"rendered":"\n<p class=\"wp-block-paragraph\">El ministerio de Salud de la provincia de Buenos Aires&nbsp;inform\u00f3 que, en consonancia con las recientes flexibilizaciones anunciadas por el ejecutivo y tras haberse superado el 50% de vacunados con al menos una dosis en la poblaci\u00f3n de 3 a 17 a\u00f1os, ya no ser\u00e1 obligatorio el uso de barbijo al aire libre en las escuelas bonaerenses.<\/p>\n\n\n\n<p class=\"wp-block-paragraph\">Esta medida responde al avance del plan de vacunaci\u00f3n y a la r\u00e1pida cobertura que se logr\u00f3 en el mencionado grupo etario, con un total de 2.206.543 primeras dosis aplicadas sobre un total de 4.233.123 menores de edad que podr\u00edan ser vacunados.<\/p>\n\n\n\n<div class=\"wp-block-image is-style-default\"><figure class=\"aligncenter size-medium\"><img loading=\"lazy\" decoding=\"async\" width=\"460\" height=\"307\" src=\"http:\/\/infoecos.com.ar\/wp-content\/uploads\/2021\/11\/chicosescuela-460x307.jpg\" alt=\"\" class=\"wp-image-89177\" srcset=\"https:\/\/infoecos.com.ar\/wp-content\/uploads\/2021\/11\/chicosescuela-460x307.jpg 460w, https:\/\/infoecos.com.ar\/wp-content\/uploads\/2021\/11\/chicosescuela-675x450.jpg 675w, https:\/\/infoecos.com.ar\/wp-content\/uploads\/2021\/11\/chicosescuela.jpg 768w\" sizes=\"auto, (max-width: 460px) 100vw, 460px\" \/><\/figure><\/div>\n\n\n\n<p class=\"wp-block-paragraph\">Esta cifra representa el&nbsp; 52,1% de esta poblaci\u00f3n, superando as\u00ed el l\u00edmite establecido del 50% por la Resoluci\u00f3n Conjunta 366-21, firmada por la Direcci\u00f3n General de Cultura y Educaci\u00f3n, el ministerio de Salud y la Jefatura de Gabinete de ministros, para habilitar la posibilidad de no utilizar barbijos al aire libre dentro de las escuelas.<\/p>\n\n\n\n<p class=\"wp-block-paragraph\">Estos porcentuales se alcanzaron a menos de tres meses de haber comenzado la campa\u00f1a de vacunaci\u00f3n en menores de 17 a\u00f1os, y a menos de un mes de haberse extendido a menores de 11 y de hasta 3 a\u00f1os.<\/p>\n\n\n\n<p class=\"wp-block-paragraph\">Cabe destacar que, desde el inicio del programa VacunatePBA, ya se aplicaron un total de 24.309.456 en territorio bonaerense. Dicha cifra corresponde a primeras, segundas y terceras.<\/p>\n","protected":false},"excerpt":{"rendered":"<p>Una vez alcanzada una cobertura de vacunaci\u00f3n del 50% con al menos una dosis en la poblaci\u00f3n de 3 a 17 a\u00f1os, no ser\u00e1 obligatorio el uso de tapabocas en los espacios abiertos de las escuelas bonaerenses<\/p>\n","protected":false},"author":2,"featured_media":89177,"comment_status":"closed","ping_status":"open","sticky":false,"template":"","format":"standard","meta":{"footnotes":""},"categories":[25],"tags":[2694],"class_list":["post-89176","post","type-post","status-publish","format-standard","has-post-thumbnail","hentry","category-c3nota1","tag-informe-del-ministerio-de-salud"],"featured_image_urls":{"full":["https:\/\/infoecos.com.ar\/wp-content\/uploads\/2021\/11\/chicosescuela.jpg",768,512,false],"thumbnail":["https:\/\/infoecos.com.ar\/wp-content\/uploads\/2021\/11\/chicosescuela-150x150.jpg",150,150,true],"medium":["https:\/\/infoecos.com.ar\/wp-content\/uploads\/2021\/11\/chicosescuela-460x307.jpg",460,307,true],"medium_large":["https:\/\/infoecos.com.ar\/wp-content\/uploads\/2021\/11\/chicosescuela.jpg",640,427,false],"large":["https:\/\/infoecos.com.ar\/wp-content\/uploads\/2021\/11\/chicosescuela.jpg",640,427,false],"1536x1536":["https:\/\/infoecos.com.ar\/wp-content\/uploads\/2021\/11\/chicosescuela.jpg",768,512,false],"2048x2048":["https:\/\/infoecos.com.ar\/wp-content\/uploads\/2021\/11\/chicosescuela.jpg",768,512,false],"covernews-slider-full":["https:\/\/infoecos.com.ar\/wp-content\/uploads\/2021\/11\/chicosescuela.jpg",768,512,false],"covernews-slider-center":["https:\/\/infoecos.com.ar\/wp-content\/uploads\/2021\/11\/chicosescuela.jpg",750,500,false],"covernews-featured":["https:\/\/infoecos.com.ar\/wp-content\/uploads\/2021\/11\/chicosescuela.jpg",768,512,false],"covernews-medium":["https:\/\/infoecos.com.ar\/wp-content\/uploads\/2021\/11\/chicosescuela-720x380.jpg",540,285,true],"covernews-medium-square":["https:\/\/infoecos.com.ar\/wp-content\/uploads\/2021\/11\/chicosescuela-675x450.jpg",375,250,true]},"author_info":{"info":["Jorge Matheus"]},"category_info":"<a href=\"https:\/\/infoecos.com.ar\/index.php\/category\/c3nota1\/\" rel=\"category tag\">C3 N1<\/a>","tag_info":"C3 N1","comment_count":"0","_links":{"self":[{"href":"https:\/\/infoecos.com.ar\/index.php\/wp-json\/wp\/v2\/posts\/89176","targetHints":{"allow":["GET"]}}],"collection":[{"href":"https:\/\/infoecos.com.ar\/index.php\/wp-json\/wp\/v2\/posts"}],"about":[{"href":"https:\/\/infoecos.com.ar\/index.php\/wp-json\/wp\/v2\/types\/post"}],"author":[{"embeddable":true,"href":"https:\/\/infoecos.com.ar\/index.php\/wp-json\/wp\/v2\/users\/2"}],"replies":[{"embeddable":true,"href":"https:\/\/infoecos.com.ar\/index.php\/wp-json\/wp\/v2\/comments?post=89176"}],"version-history":[{"count":2,"href":"https:\/\/infoecos.com.ar\/index.php\/wp-json\/wp\/v2\/posts\/89176\/revisions"}],"predecessor-version":[{"id":89196,"href":"https:\/\/infoecos.com.ar\/index.php\/wp-json\/wp\/v2\/posts\/89176\/revisions\/89196"}],"wp:featuredmedia":[{"embeddable":true,"href":"https:\/\/infoecos.com.ar\/index.php\/wp-json\/wp\/v2\/media\/89177"}],"wp:attachment":[{"href":"https:\/\/infoecos.com.ar\/index.php\/wp-json\/wp\/v2\/media?parent=89176"}],"wp:term":[{"taxonomy":"category","embeddable":true,"href":"https:\/\/infoecos.com.ar\/index.php\/wp-json\/wp\/v2\/categories?post=89176"},{"taxonomy":"post_tag","embeddable":true,"href":"https:\/\/infoecos.com.ar\/index.php\/wp-json\/wp\/v2\/tags?post=89176"}],"curies":[{"name":"wp","href":"https:\/\/api.w.org\/{rel}","templated":true}]}}