{"id":89179,"date":"2021-11-09T02:06:16","date_gmt":"2021-11-09T05:06:16","guid":{"rendered":"http:\/\/infoecos.com.ar\/?p=89179"},"modified":"2021-11-09T03:38:47","modified_gmt":"2021-11-09T06:38:47","slug":"el-muestreo-economico-realizado-por-la-facultad-regional-t-lauquen-de-la-utn","status":"publish","type":"post","link":"https:\/\/infoecos.com.ar\/index.php\/el-muestreo-economico-realizado-por-la-facultad-regional-t-lauquen-de-la-utn\/","title":{"rendered":"La actividad econ\u00f3mica general, en Trenque Lauquen, muestra signos de recuperaci\u00f3n"},"content":{"rendered":"\n<p class=\"wp-block-paragraph\">El objetivo del estudio distribuido por la Facultad Regional Trenque Lauquen de la UTN, es analizar la evoluci\u00f3n de las actividades econ\u00f3micas en el Partido de TrenqueLauquen, teniendo como importante factor de afectaci\u00f3n la pandemia de COVID 19, sufrida a nivel mundial en el a\u00f1o 2020, y su posterior recuperaci\u00f3n.<\/p>\n\n\n\n<p class=\"wp-block-paragraph\">La investigaci\u00f3n, se desarrolla a partir de la selecci\u00f3n de empresarios y organizaciones de los sectores<br>agropecuarios, industriales, comerciales y de servicios, a las cuales se les consulta peri\u00f3dicamente sobre<br>diferentes aspectos econ\u00f3mico en sus emprendimientos y del sector que representan, con la finalidad de<br>evaluar su evoluci\u00f3n y el impacto general en el partido de Trenque Lauquen.<\/p>\n\n\n\n<p class=\"wp-block-paragraph\">Es necesario se\u00f1alar que se seleccionaron (a partir de un muestreo estratificado autogenerado) empresas<br>de la ciudad de Trenque Lauquen de cada uno de los sectores econ\u00f3micos que consideramos afectados,<br>que brindan sus datos desde Enero de 2019 y a los cuales peri\u00f3dicamente responden un breve<br>cuestionario, sobre la evoluci\u00f3n de sus emprendimientos.<\/p>\n\n\n\n<p class=\"wp-block-paragraph\">Hay que se\u00f1alar que la metodolog\u00eda adoptada (de muestreo estratificado autogenerado), no permite<br>estimar el error estad\u00edstico existente, pero la realizaci\u00f3n de \u00e9sta investigaci\u00f3n se sustenta en que, al<br>analizar la evoluci\u00f3n de un mismo emprendimiento de forma peri\u00f3dica, se podr\u00e1 estimar la variaci\u00f3n y el<br>efecto en el producto bruto del partido.<\/p>\n\n\n\n<p class=\"wp-block-paragraph\"><strong>Informaci\u00f3n relevante<\/strong><\/p>\n\n\n\n<p class=\"wp-block-paragraph\">Con los censos econ\u00f3micos (INDEC) y la informaci\u00f3n aportada por distintos estudios, se pudo estimar el<br>valor agregado de los distintos sectores econ\u00f3micos en el Partido de Trenque Lauquen, y a partir de la<br>informaci\u00f3n aportada por las empresas seleccionadas, se puede estimar la variaci\u00f3n en el valor agregado<br>de forma mensual.<\/p>\n\n\n\n<p class=\"wp-block-paragraph\">Vale se\u00f1alar que el CEPXXI indicaba que de los sectores productivos en los cuales se divide la actividad<br>econ\u00f3mica nacional, excepto el relacionado con los servicios de electricidad, de gas y agua, todos<br>tuvieron una variaci\u00f3n interanual negativa, producto de la pandemia de COVID 19 y del establecimiento<br>del aislamiento social preventivo obligatorio (ASPO). Esta situaci\u00f3n, ha permitido suponer para el<br>presente estudio, que una vez superado el efecto inicial de la pandemia y del ASPO, en los sectores:<br>agropecuaria e industrial, excepto casos puntuales (por ejemplo, industria automotriz), r\u00e1pidamente han<br>comenzado a ubicarse en un nivel de actividad similar a la pre cuarentena.<\/p>\n\n\n\n<p class=\"wp-block-paragraph\">Concluida la cuarentena (ASPO), los sectores que continuaron fuertemente afectados, fueron el comercial<br>y el de servicios, sobre los cuales se seleccionaron la mayor cantidad de empresas de cada uno de los<br>subsectores y sobre ellas se realiza peri\u00f3dicamente un an\u00e1lisis m\u00e1s profundo.<\/p>\n\n\n\n<div class=\"wp-block-image is-style-default\"><figure class=\"aligncenter size-medium\"><img loading=\"lazy\" decoding=\"async\" width=\"460\" height=\"259\" src=\"http:\/\/infoecos.com.ar\/wp-content\/uploads\/campocose-460x259.jpg\" alt=\"\" class=\"wp-image-59906\" srcset=\"https:\/\/infoecos.com.ar\/wp-content\/uploads\/campocose-460x259.jpg 460w, https:\/\/infoecos.com.ar\/wp-content\/uploads\/campocose.jpg 750w\" sizes=\"auto, (max-width: 460px) 100vw, 460px\" \/><figcaption>Cosechadora<\/figcaption><\/figure><\/div>\n\n\n\n<p class=\"wp-block-paragraph\"><strong>Producci\u00f3n agropecuaria<\/strong><\/p>\n\n\n\n<p class=\"wp-block-paragraph\">Para el an\u00e1lisis sobre la producci\u00f3n agropecuaria, adem\u00e1s de los datos nacionales aportados por el INDEC<br>y el CEPXXI, se consult\u00f3 a diferentes referentes de la actividad, que se\u00f1alaron que, si bien se han<br>modificado algunos aspectos en la actividad durante la pandemia, como, por ejemplo, la<br>comercializaci\u00f3n, la log\u00edstica, etc., en general no hubo grandes modificaciones de la actividad por la<br>pandemia. Ellos se\u00f1alan que, en la actualidad, las decisiones empresarias est\u00e1n influenciadas por los<br>valores de los productos, los costos de transporte e insumos, la disponibilidad monetaria para nuevas<br>inversiones y la incertidumbre respecto a la modificaci\u00f3n en el esquema de derechos al comercio exterior.<\/p>\n\n\n\n<div class=\"wp-block-image is-style-default\"><figure class=\"aligncenter size-medium\"><img decoding=\"async\" src=\"http:\/\/infoecos.com.ar\/wp-content\/uploads\/20181128180456_.tambo_-460x275.jpg\" alt=\"\" class=\"wp-image-50845\"\/><figcaption>Industria l\u00e1ctea<\/figcaption><\/figure><\/div>\n\n\n\n<p class=\"wp-block-paragraph\"><strong>Industrias<\/strong><\/p>\n\n\n\n<p class=\"wp-block-paragraph\">Para el an\u00e1lisis sobre la actividad industrial local, adem\u00e1s de los datos nacionales obtenidos por informes<br>varios, se consulta a diferentes empresarios y se cuenta con la informaci\u00f3n de referentes de los<br>subsectores de elaboraci\u00f3n de productos alimenticios y de la industria de la construcci\u00f3n.<\/p>\n\n\n\n<p class=\"wp-block-paragraph\">A nivel local, luego de una leve ca\u00edda de las actividades por la disposici\u00f3n de la cuarentena (ASPO), al<br>levantamiento de la misma, las industrias locales han regresado paulatinamente a un r\u00e9gimen similar a la<br>pre cuarentena, fundamentado en que gran parte de las mismas satisfacen un mercado agropecuario, que<br>casi no dej\u00f3 de trabajar.<\/p>\n\n\n\n<p class=\"wp-block-paragraph\"><strong>A nivel nacional, la industria alimenticia fue la menos afectada durante la pandemia.<\/strong><\/p>\n\n\n\n<p class=\"wp-block-paragraph\">Dentro de este subsector de an\u00e1lisis, la empresa seleccionada representa a la elaboraci\u00f3n de l\u00e1cteos,<br>frigor\u00edficos, panader\u00edas, elaboraci\u00f3n de pastas, helader\u00edas, etc.<\/p>\n\n\n\n<p class=\"wp-block-paragraph\">Se debe se\u00f1alar que la empresa que brindo los datos durante los a\u00f1os 2019 y 2020 desisti\u00f3 de seguirlos<br>brindando, por lo que se obtuvo datos de una nueva empresa, debi\u00e9ndose realizar un empalme de datos.<\/p>\n\n\n\n<p class=\"wp-block-paragraph\">A nivel local la empresa elaboradora de alimentos consultada durante 2019 y 2020, por efecto de la<br>pandemia de COVID 19 casi no vio afectada su producci\u00f3n durante el ASPO, y posteriormente tuvo un<br>crecimiento productivo muy significativo. Durante el a\u00f1o 2020, la empresa incremento su producci\u00f3n<br>aproximadamente un 24% respecto al a\u00f1o 2019.<\/p>\n\n\n\n<p class=\"wp-block-paragraph\">La nueva empresa consultada tuvo un incremento paulatino en su producci\u00f3n durante el primer semestre<br>del a\u00f1o 2020, llegando a casi el 60% de incremento del valor de Enero de 2019, para luego estabilizarse.<br>Analizando el primer semestre de los diferentes a\u00f1os, se puede deducir que en el a\u00f1o 2020 el subsector<br>tuvo un incremento en la producci\u00f3n de aproximadamente el 6% respecto al a\u00f1o 2019, mientras que, en el<br>a\u00f1o 2021, la mejora fue del 28% respecto al 2019.<\/p>\n\n\n\n<div class=\"wp-block-image is-style-default\"><figure class=\"aligncenter size-medium\"><img decoding=\"async\" src=\"http:\/\/infoecos.com.ar\/wp-content\/uploads\/cooperativistas-estaran-abocados-construccion-mejora-escuelas-todo-pais-832912-203518-460x259.jpg\" alt=\"\" class=\"wp-image-57654\"\/><figcaption>Construcci\u00f3n escuelas<\/figcaption><\/figure><\/div>\n\n\n\n<p class=\"wp-block-paragraph\"><strong>Industria de la construcci\u00f3n<\/strong><\/p>\n\n\n\n<p class=\"wp-block-paragraph\">A nivel nacional, seg\u00fan los datos del INDEC, el resultado del a\u00f1o 2020 para el subsector, es una ca\u00edda en<br>la actividad de m\u00e1s del 25% respecto al a\u00f1o 2019.<\/p>\n\n\n\n<p class=\"wp-block-paragraph\">Dentro de este subsector de an\u00e1lisis, la empresa seleccionada representa a las empresas de obras civiles y<br>construcciones, constructores, desarrolladores inmobiliarios, etc.<\/p>\n\n\n\n<p class=\"wp-block-paragraph\">El an\u00e1lisis de este subsector local muestra una ca\u00edda de la actividad durante los \u00faltimos meses del a\u00f1o<br>2019 y principio del 2020, que algunos profesionales consultados relacionan con los procesos electorales,<br>que de alguna forma frenan las posibles inversiones. Cuando la actividad comenzaba a reactivarse en<br>Febrero de 2020, comenz\u00f3 la pandemia y el ASPO, que nuevamente fren\u00f3 las actividades. A partir de<br>Marzo de 2021, el subsector comenz\u00f3 una fuerte recuperaci\u00f3n sustentada en las inversiones que recibe el<br>subsector, por las restricciones de acceso a d\u00f3lares.<\/p>\n\n\n\n<p class=\"wp-block-paragraph\">El an\u00e1lisis del primer semestre de cada a\u00f1o muestra, que mientras durante el a\u00f1o 2020, hubo una fuerte<br>ca\u00edda en la actividad (-43%) respecto al primer semestre del 2019, en el primer semestre del a\u00f1o 2021 el<br>subsector tuvo un incremento en significativo en la actividad, del orden del 30% respecto al primer<br>semestre del 2019.<\/p>\n\n\n\n<p class=\"wp-block-paragraph\"><strong>Restantes subsectores de la industria<\/strong><\/p>\n\n\n\n<p class=\"wp-block-paragraph\">Los restantes subsectores de la industria, por la disposici\u00f3n original de la cuarentena (con 2 o m\u00e1s<br>semanas, de las industrias no esenciales cerradas), produjo durante el per\u00edodo de pandemia (Marzo a<br>Junio de 2020) como m\u00ednimo una reducci\u00f3n promedio de la actividad, de poco m\u00e1s del 12% por mes.<\/p>\n\n\n\n<p class=\"wp-block-paragraph\">Como se mencion\u00f3, posteriormente el subsector comenz\u00f3 una paulatina recuperaci\u00f3n a niveles similares a<br>la pre pandemia. A\u00fan as\u00ed, seg\u00fan el INDEC, el sector industrial tuvo una contracci\u00f3n de la actividad de<br>aproximadamente el 9% que se puede suponer similar a la sufrida en los restantes subsectores industriales<br>del partido de Trenque Lauquen durante el a\u00f1o 2020.<\/p>\n\n\n\n<p class=\"wp-block-paragraph\">Para el primer semestre del a\u00f1o 2021 se puede suponer que el subsector funciona a un nivel similar al<br>primer semestre del a\u00f1o 2019.<\/p>\n","protected":false},"excerpt":{"rendered":"<p>Producci\u00f3n agropecuaria; Industrias; Industria alimenticia; construcci\u00f3n; subsectores de la industria<\/p>\n","protected":false},"author":2,"featured_media":59906,"comment_status":"closed","ping_status":"open","sticky":false,"template":"","format":"standard","meta":{"footnotes":""},"categories":[45],"tags":[5598],"class_list":["post-89179","post","type-post","status-publish","format-standard","has-post-thumbnail","hentry","category-c1nota2","tag-investigacion-de-la-utn"],"featured_image_urls":{"full":["https:\/\/infoecos.com.ar\/wp-content\/uploads\/campocose.jpg",750,422,false],"thumbnail":["https:\/\/infoecos.com.ar\/wp-content\/uploads\/campocose-150x150.jpg",150,150,true],"medium":["https:\/\/infoecos.com.ar\/wp-content\/uploads\/campocose-460x259.jpg",460,259,true],"medium_large":["https:\/\/infoecos.com.ar\/wp-content\/uploads\/campocose.jpg",640,360,false],"large":["https:\/\/infoecos.com.ar\/wp-content\/uploads\/campocose.jpg",640,360,false],"1536x1536":["https:\/\/infoecos.com.ar\/wp-content\/uploads\/campocose.jpg",750,422,false],"2048x2048":["https:\/\/infoecos.com.ar\/wp-content\/uploads\/campocose.jpg",750,422,false],"covernews-slider-full":["https:\/\/infoecos.com.ar\/wp-content\/uploads\/campocose.jpg",750,422,false],"covernews-slider-center":["https:\/\/infoecos.com.ar\/wp-content\/uploads\/campocose.jpg",750,422,false],"covernews-featured":["https:\/\/infoecos.com.ar\/wp-content\/uploads\/campocose.jpg",750,422,false],"covernews-medium":["https:\/\/infoecos.com.ar\/wp-content\/uploads\/campocose-720x380.jpg",540,285,true],"covernews-medium-square":["https:\/\/infoecos.com.ar\/wp-content\/uploads\/campocose-675x422.jpg",400,250,true]},"author_info":{"info":["Jorge Matheus"]},"category_info":"<a href=\"https:\/\/infoecos.com.ar\/index.php\/category\/c1nota2\/\" rel=\"category tag\">C1 N2<\/a>","tag_info":"C1 N2","comment_count":"0","_links":{"self":[{"href":"https:\/\/infoecos.com.ar\/index.php\/wp-json\/wp\/v2\/posts\/89179","targetHints":{"allow":["GET"]}}],"collection":[{"href":"https:\/\/infoecos.com.ar\/index.php\/wp-json\/wp\/v2\/posts"}],"about":[{"href":"https:\/\/infoecos.com.ar\/index.php\/wp-json\/wp\/v2\/types\/post"}],"author":[{"embeddable":true,"href":"https:\/\/infoecos.com.ar\/index.php\/wp-json\/wp\/v2\/users\/2"}],"replies":[{"embeddable":true,"href":"https:\/\/infoecos.com.ar\/index.php\/wp-json\/wp\/v2\/comments?post=89179"}],"version-history":[{"count":2,"href":"https:\/\/infoecos.com.ar\/index.php\/wp-json\/wp\/v2\/posts\/89179\/revisions"}],"predecessor-version":[{"id":89206,"href":"https:\/\/infoecos.com.ar\/index.php\/wp-json\/wp\/v2\/posts\/89179\/revisions\/89206"}],"wp:featuredmedia":[{"embeddable":true,"href":"https:\/\/infoecos.com.ar\/index.php\/wp-json\/wp\/v2\/media\/59906"}],"wp:attachment":[{"href":"https:\/\/infoecos.com.ar\/index.php\/wp-json\/wp\/v2\/media?parent=89179"}],"wp:term":[{"taxonomy":"category","embeddable":true,"href":"https:\/\/infoecos.com.ar\/index.php\/wp-json\/wp\/v2\/categories?post=89179"},{"taxonomy":"post_tag","embeddable":true,"href":"https:\/\/infoecos.com.ar\/index.php\/wp-json\/wp\/v2\/tags?post=89179"}],"curies":[{"name":"wp","href":"https:\/\/api.w.org\/{rel}","templated":true}]}}